{"id":515042,"date":"2025-10-21T05:50:23","date_gmt":"2025-10-21T05:50:23","guid":{"rendered":"https:\/\/www.europesays.com\/de\/515042\/"},"modified":"2025-10-21T05:50:23","modified_gmt":"2025-10-21T05:50:23","slug":"heinz-rudolf-braunschweig-ist-kierspes-aeltester-buerger","status":"publish","type":"post","link":"https:\/\/www.europesays.com\/de\/515042\/","title":{"rendered":"Heinz-Rudolf Braunschweig ist Kierspes \u00e4ltester B\u00fcrger"},"content":{"rendered":"<ol class=\"id-DonaldBreadcrumb lp_west_breadcrumb id-DonaldBreadcrumb--default\" data-k5a-pos=\"west_breadcrumb\">\n<li class=\"id-Breadcrumb-item\"><a href=\"https:\/\/www.come-on.de\/\" class=\"id-Breadcrumb-link\" data-id-ec=\"{\" shn=\"\" textlink=\"\" data-k5a-pos=\"1_comeOnDe\" rel=\"nofollow noopener\" target=\"_blank\">come-on.de<\/a><\/li>\n<li class=\"id-Breadcrumb-item\"><a href=\"https:\/\/www.come-on.de\/volmetal\/\" class=\"id-Breadcrumb-link\" data-id-ec=\"{\" shn=\"\" textlink=\"\" data-k5a-pos=\"2_volmetal\" rel=\"nofollow noopener\" target=\"_blank\">Volmetal<\/a><\/li>\n<li class=\"id-Breadcrumb-item\"><a href=\"https:\/\/www.come-on.de\/volmetal\/kierspe\/\" class=\"id-Breadcrumb-link\" data-id-ec=\"{\" shn=\"\" textlink=\"\" data-k5a-pos=\"3_kierspe\" rel=\"nofollow noopener\" target=\"_blank\">Kierspe<\/a><\/li>\n<\/ol>\n<p class=\"id-Story-timestamp id-Story-timestamp--default\">Stand: 21.10.2025, 07:00 Uhr<\/p>\n<p class=\"id-Story-interactionBar id-Story-interactionBar--default\">DruckenTeilen<\/p>\n<p><img decoding=\"async\" class=\"id-RatioPlaceholder-element wv_story_el_image\" src=\"https:\/\/www.europesays.com\/de\/wp-content\/uploads\/2025\/10\/40143847-kein-kiersper-ist-aelter-heinz-rudolf-braunschweig-von-links-feierte-am-montag-seinen-102-g.jpeg\" loading=\"eager\" fetchpriority=\"high\"   height=\"792\" width=\"1408\" alt=\"Kein Kiersper ist &#xE4;lter: Heinz-Rudolf Braunschweig (3. von links) feierte am Montag seinen 102. Geburtstag. Mit dem Rekordjubilar freuen sich (von links) Schwiegersohn Manfred, Tochter Renate, Lebensgef&#xE4;hrtin Helga Gerhold, Sohn Klaus-Peter und B&#xFC;rgermeister Olaf Stelse. - Foto: Rieder\"\/>Kein Kiersper ist \u00e4lter: Heinz-Rudolf Braunschweig (3. von links) feierte am Montag seinen 102. Geburtstag. Mit dem Rekordjubilar freuen sich (von links) Schwiegersohn Manfred, Tochter Renate, Lebensgef\u00e4hrtin Helga Gerhold, Sohn Klaus-Peter und B\u00fcrgermeister Olaf Stelse. \u00a9\u00a0Rieder, Dominic<\/p>\n<p class=\"id-StoryElement-leadText\">Der \u00e4lteste B\u00fcrger der Stadt Kierspe blickt auf ein bewegtes Leben zur\u00fcck \u2013 seine Familie und der B\u00fcrgermeister gratulierten zum besonderen Ehrentag.<\/p>\n<p class=\"id-StoryElement-paragraph\">Kierspe &#8211; In Kierspe leben rund 16.500 Menschen. Der \u00e4lteste von ihnen wohnt am Hedberg. Heinz-Rudolf Braunschweig kann auf stolze 102 Jahre und ein bewegtes Leben zur\u00fcckblicken. Mit seinem Alter ist er in der Volmestadt einer von drei \u00fcber 100-j\u00e4hrigen B\u00fcrgerinnen und B\u00fcrgern.<\/p>\n<p class=\"id-StoryElement-paragraph\">Zu seinem Geburtstag am Montag gab es f\u00fcr den Jubilar zahlreiche Gratulationen \u2013 vorneweg nat\u00fcrlich die seiner Familie. Mit dem Rekord-Kiersper freuten sich Tochter Renate und Schwiegersohn Manfred, Sohn Klaus-Peter und Schwiegertochter Katja, die vier Enkelkinder und vier Urenkelkinder sowie Helga Gerhard, seit zehn Jahren die Lebensgef\u00e4hrtin an seiner Seite. Und auch aus dem Kiersper Rathaus gab es Geburtstagsgr\u00fc\u00dfe f\u00fcr Heinz-Rudolf Braunschweig. B\u00fcrgermeister Olaf Stelse pers\u00f6nlich \u00fcberbrachte ihm die Gl\u00fcckw\u00fcnsche von Stadt und Verwaltung sowie einen bunten Blumenstrau\u00df.<\/p>\n<p>Dreieinhalb Jahre in Kriegsgefangenschaft<\/p>\n<p class=\"id-StoryElement-paragraph\">Heinz-Rudolf Braunschweig, der geb\u00fcrtig aus Bochum stammt, kam im Alter von 14 Jahren nach Kierspe. In der Raukstadt schloss er eine Lehre als Werkzeugmacher ab. Doch es folgten schwere Jahre im Zweiten Weltkrieg. Die Wehrmacht zog ihn ein, als er 18 war. Dreieinhalb Jahre wurde er an der Ostfront eingesetzt. Nach dem Krieg folgten dreieinhalb Jahre in Gefangenschaft.<\/p>\n<p class=\"id-StoryElement-paragraph\">W\u00e4hrend des Krieges entging er mehrfach knapp dem Tode. \u201eIch muss ein Engelchen bei mir gehabt haben, das auf mich aufgepasst hat\u201c, erz\u00e4hlt Heinz-Rudolf Braunschweig dankbar. Zur Weihnachtszeit des Jahres 1948 kehrte er heim nach Kierspe. Eine junge \u00c4rztin hatte dem Kriegsverletzten die R\u00fcckkehr erm\u00f6glicht.<\/p>\n<p><img decoding=\"async\" class=\"id-RatioPlaceholder-element wv_story_el_image\" src=\"https:\/\/www.europesays.com\/de\/wp-content\/uploads\/2025\/10\/40143848-von-2004-stammt-dieses-bild-das-heinz-rudolf-braunschweig-mit-seiner-vor-zehn-jahren-versto.jpeg\" loading=\"lazy\"   height=\"817\" width=\"1100\" alt=\"Von 2004 stammt dieses Bild, das Heinz-Rudolf Braunschweig mit seiner vor zehn Jahren verstorbenen Ehefrau Erni zeigt, mit der er stolze 62 Jahre verheiratet war. - Foto: Braunschweig\"\/>Blick in die Vergangenheit: Von 2004 stammt dieses Bild, das Heinz-Rudolf Braunschweig mit seiner vor zehn Jahren verstorbenen Ehefrau Erni zeigt, mit der er stolze 62 Jahre verheiratet war. \u00a9\u00a0privat<\/p>\n<p class=\"id-StoryElement-paragraph\">In der Volmestadt heiratete Heinz-Rudolf Braunschweig 1952 dann seine gro\u00dfe Liebe Erni. Mit ihr gemeinsam erlebte er die Silberne, die Goldene, ja sogar die Diamantene Hochzeit, ehe Erni nach stolzen 62 Ehejahren verstarb.<\/p>\n<p class=\"id-StoryElement-paragraph\">Beruflich wirkte der Altersjubilar als Werkzeugmacher bei verschiedenen Firmen in Kierspe \u2013 zudem zwischenzeitlich von 1955 bis zum Jahr 1968 bei einem Unternehmen in R\u00fcnderoth, wo die Familie f\u00fcr diese 14 Jahre wohnte. Dann aber erfolgte der Umzug zur\u00fcck in die Raukstadt Kierspe, in der Heinz-Rudolf Braunschweig seitdem stets sesshaft blieb.<\/p>\n<p>Engagiert im Ehrenamt<\/p>\n<p class=\"id-StoryElement-paragraph\">Auch in seiner Freizeit war der Jubilar immer sehr engagiert. So z\u00e4hlte er zu den Gr\u00fcndungsmitgliedern des Kiersper Ortsverbandes des Verbandes der Heimkehrer (VdH). Sp\u00e4ter fungierte er als Vorsitzender des VdH-Bezirksverbandes. Zudem war er als Fu\u00dfballer und Turner sportlich aktiv und sang in einem Gesangverein in Kierspe-Dorf mit.<\/p>\n<p class=\"id-StoryElement-paragraph\">Dar\u00fcber hinaus geh\u00f6rte insbesondere das Tanzen zu seinen Hobbys. Noch ganz genau erinnert sich Heinz-Rudolf Braunschweig an eine Geburtstagsfeier, die er vor f\u00fcnf Jahren gemeinsam mit seiner Lebensgef\u00e4hrtin Helga Gerhard besuchte. Bei dem Fest habe \u201eder Kapellmeister gesagt, das h\u00e4tte er noch nicht erlebt, dass jemand mit 97 Jahren noch so tanzen kann\u201c, denkt der Kiersper fr\u00f6hlich an jene Feier zur\u00fcck.<\/p>\n<p class=\"id-StoryElement-paragraph\">Apropos Feier: Die gab es am Montag zun\u00e4chst noch im etwas kleineren Kreise. Und am kommenden Sonntag folgt dann das Festessen mit der ganzen Familie im Hotel-Restaurant Haus Berkenbaum in Kierspe. Dabei werden dann selbstverst\u00e4ndlich noch so manches Mal gut gelaunt die Gl\u00e4ser erhoben: auf den 102-j\u00e4hrigen Rekord-Kiersper Heinz-Rudolf Braunschweig.<\/p>\n<p class=\"id-StoryElement-paragraph\">In <a href=\"https:\/\/www.come-on.de\/volmetal\/meinerzhagen\/103-jahre-sieben-mal-gestorben-die-aelteste-frau-der-stadt-ist-tot-93529772.html\" class=\"id-import-Link\" data-id-ec=\"{&quot;sht&quot;:&quot;Container&quot;,&quot;shn&quot;:&quot;Story&quot;,&quot;p&quot;:{&quot;containerType&quot;:&quot;Paragraph&quot;,&quot;displayType&quot;:&quot;Paragraph InlineLink&quot;,&quot;type&quot;:&quot;INLINE_LINK&quot;,&quot;value&quot;:&quot;Halver wurde Martha Gl&#xE4;ser 103 Jahre&quot;,&quot;variant&quot;:&quot;standardLink&quot;,&quot;sponsored&quot;:false,&quot;linkHref&quot;:&quot;https:\/\/www.come-on.de\/volmetal\/meinerzhagen\/103-jahre-sieben-mal-gestorben-die-aelteste-frau-der-stadt-ist-tot-93529772.html&quot;,&quot;storyElementPosition&quot;:27,&quot;storyElementCount&quot;:27}}\" rel=\"nofollow noopener\" target=\"_blank\">Halver wurde Martha Gl\u00e4ser 103 Jahre<\/a> alt. Ihren hundertsten Geburtstag feierte sie noch gro\u00df, a\u00df Kuchen mit dem B\u00fcrgermeister.<\/p>\n","protected":false},"excerpt":{"rendered":"come-on.de Volmetal Kierspe Stand: 21.10.2025, 07:00 Uhr DruckenTeilen Kein Kiersper ist \u00e4lter: Heinz-Rudolf Braunschweig (3. von links) feierte&hellip;\n","protected":false},"author":2,"featured_media":515043,"comment_status":"","ping_status":"","sticky":false,"template":"","format":"standard","meta":{"footnotes":""},"categories":[1850],"tags":[6429,3364,29,548,663,3934,30,13,14,15,1411,12],"class_list":{"0":"post-515042","1":"post","2":"type-post","3":"status-publish","4":"format-standard","5":"has-post-thumbnail","7":"category-braunschweig","8":"tag-braunschweig","9":"tag-de","10":"tag-deutschland","11":"tag-eu","12":"tag-europa","13":"tag-europe","14":"tag-germany","15":"tag-headlines","16":"tag-nachrichten","17":"tag-news","18":"tag-niedersachsen","19":"tag-schlagzeilen"},"share_on_mastodon":{"url":"https:\/\/pubeurope.com\/@de\/115410595117022029","error":""},"_links":{"self":[{"href":"https:\/\/www.europesays.com\/de\/wp-json\/wp\/v2\/posts\/515042","targetHints":{"allow":["GET"]}}],"collection":[{"href":"https:\/\/www.europesays.com\/de\/wp-json\/wp\/v2\/posts"}],"about":[{"href":"https:\/\/www.europesays.com\/de\/wp-json\/wp\/v2\/types\/post"}],"author":[{"embeddable":true,"href":"https:\/\/www.europesays.com\/de\/wp-json\/wp\/v2\/users\/2"}],"replies":[{"embeddable":true,"href":"https:\/\/www.europesays.com\/de\/wp-json\/wp\/v2\/comments?post=515042"}],"version-history":[{"count":0,"href":"https:\/\/www.europesays.com\/de\/wp-json\/wp\/v2\/posts\/515042\/revisions"}],"wp:featuredmedia":[{"embeddable":true,"href":"https:\/\/www.europesays.com\/de\/wp-json\/wp\/v2\/media\/515043"}],"wp:attachment":[{"href":"https:\/\/www.europesays.com\/de\/wp-json\/wp\/v2\/media?parent=515042"}],"wp:term":[{"taxonomy":"category","embeddable":true,"href":"https:\/\/www.europesays.com\/de\/wp-json\/wp\/v2\/categories?post=515042"},{"taxonomy":"post_tag","embeddable":true,"href":"https:\/\/www.europesays.com\/de\/wp-json\/wp\/v2\/tags?post=515042"}],"curies":[{"name":"wp","href":"https:\/\/api.w.org\/{rel}","templated":true}]}}