{"id":515044,"date":"2025-10-21T05:51:18","date_gmt":"2025-10-21T05:51:18","guid":{"rendered":"https:\/\/www.europesays.com\/de\/515044\/"},"modified":"2025-10-21T05:51:18","modified_gmt":"2025-10-21T05:51:18","slug":"fahrlehrer-in-moenchengladbach-kritisieren-fuehrerscheinreform","status":"publish","type":"post","link":"https:\/\/www.europesays.com\/de\/515044\/","title":{"rendered":"Fahrlehrer in M\u00f6nchengladbach kritisieren F\u00fchrerscheinreform"},"content":{"rendered":"<p class=\"small date article__date\">Ver\u00f6ffentlicht:\u00a0Dienstag, 21.10.2025 05:54<\/p>\n<p>F\u00fchrerscheine sollen auch in M\u00f6nchengladbach bald g\u00fcnstiger werden. Fahrlehrer bei uns zweifeln allerdings, ob die Pl\u00e4ne von Verkehrsminister Schnieder funktionieren k\u00f6nnen. Radio 90,1 hat mit Horst Wintgen gesprochen, Vorsitzender des Fahrlehrerverbands bei uns.<\/p>\n<p><img decoding=\"async\" alt=\"Bild Fahrschulauto\" src=\"https:\/\/www.europesays.com\/de\/wp-content\/uploads\/2025\/10\/bild-sym-fahrschule-auto.jpeg&#038;crop=0x0x7185x4491&#038;resize=1280x800&#038;dt=202505081407340.jpeg\" data-size=\"1280x800\"\/>\u00a9 SYMBOLBILD | Gerhard Seybert \u2013 stock.adobe.com<\/p>\n<p>Fahrsch\u00fcler bei uns brauchen heute l\u00e4nger f\u00fcr den F\u00fchrerschein, als noch vor einigen Jahren, sagt Wintgen. Das habe auch damit zu tun, dass sie die Fahrschul-Zeit auf einen l\u00e4ngeren Zeitraum, oft von \u00fcber einem Jahr, ausdehnen. Wer stattdessen den F\u00fchrerschein \u00fcber einen k\u00fcrzeren Zeitraum macht k\u00f6nne so mit weniger Fahrstunden und -Unterricht auskommen meint Wintgen. Au\u00dferdem h\u00e4tten Simulatoren zwar ihren Platz, m\u00fcssten aber nach nur vier Jahren ersetzt werden. Sie seien zudem kein Ersatz f\u00fcr echte Fahrstunden. Ein weiter Tipp des Experten: Vor der Fahrschule schon einmal im Beifahrersitz aufmerksam mitfahren statt auf der R\u00fcckbank.<\/p>\n","protected":false},"excerpt":{"rendered":"Ver\u00f6ffentlicht:\u00a0Dienstag, 21.10.2025 05:54 F\u00fchrerscheine sollen auch in M\u00f6nchengladbach bald g\u00fcnstiger werden. Fahrlehrer bei uns zweifeln allerdings, ob die&hellip;\n","protected":false},"author":2,"featured_media":515045,"comment_status":"","ping_status":"","sticky":false,"template":"","format":"standard","meta":{"footnotes":""},"categories":[1849],"tags":[3364,29,548,663,3934,16387,2643,27086,2641,30,13,7771,4455,14,15,1209,12,6773],"class_list":{"0":"post-515044","1":"post","2":"type-post","3":"status-publish","4":"format-standard","5":"has-post-thumbnail","7":"category-moenchengladbach","8":"tag-de","9":"tag-deutschland","10":"tag-eu","11":"tag-europa","12":"tag-europe","13":"tag-fhrerschein","14":"tag-fahrlehrer","15":"tag-fahrlehrerverband","16":"tag-fahrschule","17":"tag-germany","18":"tag-headlines","19":"tag-mnchengladbach","20":"tag-moenchengladbach","21":"tag-nachrichten","22":"tag-news","23":"tag-nordrhein-westfalen","24":"tag-schlagzeilen","25":"tag-verkehrsministerium"},"share_on_mastodon":{"url":"https:\/\/pubeurope.com\/@de\/115410599056901958","error":""},"_links":{"self":[{"href":"https:\/\/www.europesays.com\/de\/wp-json\/wp\/v2\/posts\/515044","targetHints":{"allow":["GET"]}}],"collection":[{"href":"https:\/\/www.europesays.com\/de\/wp-json\/wp\/v2\/posts"}],"about":[{"href":"https:\/\/www.europesays.com\/de\/wp-json\/wp\/v2\/types\/post"}],"author":[{"embeddable":true,"href":"https:\/\/www.europesays.com\/de\/wp-json\/wp\/v2\/users\/2"}],"replies":[{"embeddable":true,"href":"https:\/\/www.europesays.com\/de\/wp-json\/wp\/v2\/comments?post=515044"}],"version-history":[{"count":0,"href":"https:\/\/www.europesays.com\/de\/wp-json\/wp\/v2\/posts\/515044\/revisions"}],"wp:featuredmedia":[{"embeddable":true,"href":"https:\/\/www.europesays.com\/de\/wp-json\/wp\/v2\/media\/515045"}],"wp:attachment":[{"href":"https:\/\/www.europesays.com\/de\/wp-json\/wp\/v2\/media?parent=515044"}],"wp:term":[{"taxonomy":"category","embeddable":true,"href":"https:\/\/www.europesays.com\/de\/wp-json\/wp\/v2\/categories?post=515044"},{"taxonomy":"post_tag","embeddable":true,"href":"https:\/\/www.europesays.com\/de\/wp-json\/wp\/v2\/tags?post=515044"}],"curies":[{"name":"wp","href":"https:\/\/api.w.org\/{rel}","templated":true}]}}