{"id":515048,"date":"2025-10-21T05:53:17","date_gmt":"2025-10-21T05:53:17","guid":{"rendered":"https:\/\/www.europesays.com\/de\/515048\/"},"modified":"2025-10-21T05:53:17","modified_gmt":"2025-10-21T05:53:17","slug":"suedost-vollsperrung-auf-der-andreas-schlueter-strasse","status":"publish","type":"post","link":"https:\/\/www.europesays.com\/de\/515048\/","title":{"rendered":"S\u00fcdost: Vollsperrung auf der Andreas-Schl\u00fcter-Stra\u00dfe"},"content":{"rendered":"<p>Auf der Andreas-Schl\u00fcter-Stra\u00dfe rollen die Bagger. Autofahrer und Radler m\u00fcssen weitr\u00e4umig ausweichen, Fu\u00dfg\u00e4nger k\u00f6nnen wie gewohnt passieren.<\/p>\n<p>F\u00fcr Autofahrer hei\u00dft es auf der Andreas-Schl\u00fcter-Stra\u00dfe in S\u00fcdost: Umplanen! <strong>Auf H\u00f6he des Einm\u00fcndungsbereichs Sieglindeweg bleibt die Stra\u00dfe voraussichtlich bis Freitag, 31. Oktober, komplett gesperrt<\/strong>. Grund sind notwendige Arbeiten am Kanal, die die Verkehrssicherheit langfristig erh\u00f6hen sollen.<\/p>\n<p>Radfahrer m\u00fcssen Umwege nehmen<\/p>\n<p>Auch und Radfahrer sind von der Sperrung betroffen und m\u00fcssen auf alternative Strecken ausweichen. Fu\u00dfg\u00e4ngerinnen und Fu\u00dfg\u00e4nger k\u00f6nnen hingegen ihre \u00fcblichen Wege weiterhin nutzen. Die Stadt Wiesbaden bittet um Verst\u00e4ndnis f\u00fcr die vor\u00fcbergehenden Einschr\u00e4nkungen.<\/p>\n<p>So bleibt ihr entspannt unterwegs<\/p>\n<p>Wer durch S\u00fcdost unterwegs ist, sollte fr\u00fchzeitig andere Routen einplanen. Apps und Navigationssysteme helfen dabei, Staus zu vermeiden. Mit etwas Planung l\u00e4sst sich die Baustellenzeit entspannt \u00fcberstehen \u2013 und am Ende profitieren alle von einer sichereren Infrastruktur.<\/p>\n<p>Baustellenkarte der Stadt<\/p>\n<p>Mehr Informationen zu Wiesbadens Baustellen? Einfach in der Karte interaktiv suchen!<\/p>\n<p>Symbolbild \u2013 Baustelle \u00a92024 Openstreetmap<\/p>\n<p>Weitere Nachrichten aus dem <strong>Stadtteil S\u00fcdost<\/strong> <a href=\"http:\/\/wiesbaden-lebt.de\/tag\/suedost\" target=\"_blank\" rel=\"noopener\">lesen Sie hier<\/a><\/p>\n<p>Mehr zum Thema <strong>Baustellen<\/strong> in der Stadt gibt es unter <a href=\"https:\/\/wiesbaden.de\/suche?kw=baustellen\" target=\"_blank\" rel=\"noopener\">www.wiesbaden.de<\/a>.<\/p>\n<p><img loading=\"lazy\" decoding=\"async\" id=\"metis-img-pixel\" src=\"https:\/\/www.europesays.com\/de\/wp-content\/uploads\/2025\/10\/70d818391a7c4c99a7d0c3fc38690c98.gif\" width=\"1\" height=\"1\" alt=\"\"\/>\t\t\t\t\t\t<\/p>\n","protected":false},"excerpt":{"rendered":"Auf der Andreas-Schl\u00fcter-Stra\u00dfe rollen die Bagger. Autofahrer und Radler m\u00fcssen weitr\u00e4umig ausweichen, Fu\u00dfg\u00e4nger k\u00f6nnen wie gewohnt passieren. F\u00fcr&hellip;\n","protected":false},"author":2,"featured_media":235285,"comment_status":"","ping_status":"","sticky":false,"template":"","format":"standard","meta":{"footnotes":""},"categories":[1847],"tags":[77497,3364,29,548,663,3934,30,13,2052,14,15,12,41273,601,4544],"class_list":{"0":"post-515048","1":"post","2":"type-post","3":"status-publish","4":"format-standard","5":"has-post-thumbnail","7":"category-wiesbaden","8":"tag-baustelle-2025","9":"tag-de","10":"tag-deutschland","11":"tag-eu","12":"tag-europa","13":"tag-europe","14":"tag-germany","15":"tag-headlines","16":"tag-hessen","17":"tag-nachrichten","18":"tag-news","19":"tag-schlagzeilen","20":"tag-suedost","21":"tag-verkehr","22":"tag-wiesbaden"},"share_on_mastodon":{"url":"https:\/\/pubeurope.com\/@de\/115410607397213442","error":""},"_links":{"self":[{"href":"https:\/\/www.europesays.com\/de\/wp-json\/wp\/v2\/posts\/515048","targetHints":{"allow":["GET"]}}],"collection":[{"href":"https:\/\/www.europesays.com\/de\/wp-json\/wp\/v2\/posts"}],"about":[{"href":"https:\/\/www.europesays.com\/de\/wp-json\/wp\/v2\/types\/post"}],"author":[{"embeddable":true,"href":"https:\/\/www.europesays.com\/de\/wp-json\/wp\/v2\/users\/2"}],"replies":[{"embeddable":true,"href":"https:\/\/www.europesays.com\/de\/wp-json\/wp\/v2\/comments?post=515048"}],"version-history":[{"count":0,"href":"https:\/\/www.europesays.com\/de\/wp-json\/wp\/v2\/posts\/515048\/revisions"}],"wp:featuredmedia":[{"embeddable":true,"href":"https:\/\/www.europesays.com\/de\/wp-json\/wp\/v2\/media\/235285"}],"wp:attachment":[{"href":"https:\/\/www.europesays.com\/de\/wp-json\/wp\/v2\/media?parent=515048"}],"wp:term":[{"taxonomy":"category","embeddable":true,"href":"https:\/\/www.europesays.com\/de\/wp-json\/wp\/v2\/categories?post=515048"},{"taxonomy":"post_tag","embeddable":true,"href":"https:\/\/www.europesays.com\/de\/wp-json\/wp\/v2\/tags?post=515048"}],"curies":[{"name":"wp","href":"https:\/\/api.w.org\/{rel}","templated":true}]}}