{"id":515050,"date":"2025-10-21T05:55:24","date_gmt":"2025-10-21T05:55:24","guid":{"rendered":"https:\/\/www.europesays.com\/de\/515050\/"},"modified":"2025-10-21T05:55:24","modified_gmt":"2025-10-21T05:55:24","slug":"2-landesweite-crime-night-am-14-november-2025","status":"publish","type":"post","link":"https:\/\/www.europesays.com\/de\/515050\/","title":{"rendered":"2. landesweite &#8222;Crime Night&#8220; am 14. November 2025"},"content":{"rendered":"<p>Die Polizei Rheinland-Pfalz l\u00e4dt ein<\/p>\n<p><strong>Pr\u00e4sidialbereich (ots). <\/strong>Lust auf echten Nervenkitzel? Am Freitag, den 14. November 2025, steigt in ganz Rheinland-Pfalz die zweite &#8222;Crime Night&#8220; der Polizei &#8211; und Du kannst live dabei sein!<\/p>\n<p>In St\u00e4dten wie z. B. Mainz, Koblenz, Ludwigshafen, Pirmasens oder Trier warten spannende Events auf Dich: Erlebe hautnah, wie echte Ermittlerinnen und Ermittler arbeiten, l\u00f6se fiktive Kriminalf\u00e4lle und pack bei der Spurensicherung selbst mit an &#8211; Seite an Seite mit Profis aus Schutz- und Kriminalpolizei.<\/p>\n<p>Die &#8222;Crime Night&#8220; richtet sich vor allem an Interessierte ab der 9. Klasse, aber auch an alle, die schon in Ausbildung oder Studium stecken und Lust haben, sich \u00fcber ein Polizeistudium zu informieren. Neben den Mitmachaktionen bietet die Einstellungsberatung vor Ort Informationen rund um den Polizeiberuf sowie um das Bachelorstudium Polizeidienst mit den beiden Studienrichtungen Schutz- und Kriminalpolizei. Hier geht es nicht nur um Action, sondern auch um echte Zukunftschancen.<\/p>\n<p>Auch das Polizeipr\u00e4sidium Rheinpfalz veranstaltet in der Vorder- und S\u00fcdpfalz mehrere Aktionen f\u00fcr k\u00fcnftige Verbrecherj\u00e4ger:<\/p>\n<p>In <strong>Ludwigshafen <\/strong>plant die Kriminaldirektion in der Zeit von 15:30 Uhr bis 19:30 Uhr die Veranstaltung &#8222;#Kripo #PP Rheinpfalz #Tatort Ludwigshafen&#8220;. Hierbei haben Teilnehmende ab 15 Jahren unter anderem die M\u00f6glichkeit die Vielfalt der Kripo sowie die unterschiedlichen Kommissariate in teils interaktiven Stationen kennenzulernen.<\/p>\n<p>In <strong>Germersheim<\/strong> findet in der Zeit vom 18 Uhr bis 21 Uhr ein Speed-Dating statt. Unter dem Motto &#8222;Date a Cop&#8220; k\u00f6nnen Interessierte in kurzweiliger Atmosph\u00e4re mehr \u00fcber den Traumberuf Polizei erfahren.<\/p>\n<p>In <strong>Neustadt<\/strong> k\u00f6nnen Jugendliche ab 14 Jahren in der Zeit von 17 Uhr bis 20 Uhr einen Einblick in die Arbeit der Kriminalpolizei Neustadt erhalten.<\/p>\n<p>\u00a0 \u00a0-AUSGEBUCHT- In Landau veranstaltet die Polizeidirektion in der  Zeit von 15 Uhr bis 20 Uhr die Veranstaltung &#8222;Vermisstenfahndung,  Spurensuche, Einsatz, Kontrolle, Festnahme, Tatort&#8220;. Teilnehmende ab  15 Jahren d\u00fcrfen mehrere Stationen zum Mitmachen, Erleben und  Informieren durchlaufen. Diese Veranstaltung ist leider schon  ausgebucht.<\/p>\n<p>Dein Fall wartet. Bist du bereit?<\/p>\n<p>Mehr Infos und wie du dich anmelden kannst erf\u00e4hrst du hier: <a href=\"https:\/\/www.polizei.rlp.de\/crimenight\" target=\"_blank\" class=\"uri-ext outbound\" rel=\"noreferrer noopener\">www.polizei.rlp.de\/crimenight<\/a><\/p>\n<p>Das Polizeipr\u00e4sidium Rheinpfalz mit Sitz in Ludwigshafen am Rhein ist zust\u00e4ndig f\u00fcr die Sicherheit von \u00fcber 900.000 Menschen. Der Dienstbezirk der Beh\u00f6rde mit ihren rund 2.200 Mitarbeiterinnen und Mitarbeitern umfasst auf etwa 2.400 Quadratkilometern die komplette Vorder- und S\u00fcdpfalz mit dem Rhein-Pfalz-Kreis, den Landkreisen Bad D\u00fcrkheim, Germersheim und S\u00fcdliche Weinstra\u00dfe sowie den kreisfreien St\u00e4dten Frankenthal (Pfalz), Landau in der Pfalz, Ludwigshafen am Rhein, Neustadt a.d.W. und Speyer.<\/p>\n<p>Wenn Sie einen Einblick in unsere Arbeit gewinnen wollen, schauen Sie sich gerne unter <a href=\"https:\/\/www.youtube.com\/watch?app=desktop&amp;v=ev1pviYkYs0\" target=\"_blank\" class=\"uri-ext outbound\" rel=\"noreferrer noopener\">https:\/\/www.youtube.com\/watch?app=desktop&amp;v=ev1pviYkYs0<\/a> unseren Film &#8222;Wir f\u00fcr die Pfalz&#8220; an oder werfen einen Blick in unsere bildgewaltige und informative Brosch\u00fcre unter <a href=\"https:\/\/s.rlp.de\/fzYkySg\" target=\"_blank\" class=\"uri-ext outbound\" rel=\"noreferrer noopener\">https:\/\/s.rlp.de\/fzYkySg<\/a>. Sie werden \u00fcberrascht sein, was wir alles machen.<\/p>\n<p>Text und Bild: Polizeipr\u00e4sidium Rheinpfalz<\/p>\n","protected":false},"excerpt":{"rendered":"Die Polizei Rheinland-Pfalz l\u00e4dt ein Pr\u00e4sidialbereich (ots). Lust auf echten Nervenkitzel? Am Freitag, den 14. November 2025, steigt&hellip;\n","protected":false},"author":2,"featured_media":515051,"comment_status":"","ping_status":"","sticky":false,"template":"","format":"standard","meta":{"footnotes":""},"categories":[1845],"tags":[16222,17310,1634,17312,17302,17311,3364,29,17317,17309,548,663,3934,17313,30,13,17306,14835,7011,17304,2096,14,15,16935,17314,17316,17305,12,17315,17308,17303,17300,17301,17307,571,1986],"class_list":{"0":"post-515050","1":"post","2":"type-post","3":"status-publish","4":"format-standard","5":"has-post-thumbnail","7":"category-mannheim","8":"tag-dom","9":"tag-altpoertel","10":"tag-baden-wuerttemberg","11":"tag-bistum-speyer","12":"tag-brezelfest","13":"tag-brezelkracher","14":"tag-de","15":"tag-deutschland","16":"tag-dudenhofen","17":"tag-eger","18":"tag-eu","19":"tag-europa","20":"tag-europe","21":"tag-evangelische-kirche-der-pfalz","22":"tag-germany","23":"tag-headlines","24":"tag-historisches-museum","25":"tag-hockenheim","26":"tag-kirchen","27":"tag-kurpfalz","28":"tag-mannheim","29":"tag-nachrichten","30":"tag-news","31":"tag-pfalz","32":"tag-protestantische-landeskirche","33":"tag-roemerberg","34":"tag-salier","35":"tag-schlagzeilen","36":"tag-schwetzingen","37":"tag-sealife","38":"tag-speyer","39":"tag-speyer-kurier","40":"tag-tageszeitung","41":"tag-technik-museum","42":"tag-wochenzeitung","43":"tag-zeitung"},"share_on_mastodon":{"url":"https:\/\/pubeurope.com\/@de\/115410614684201104","error":""},"_links":{"self":[{"href":"https:\/\/www.europesays.com\/de\/wp-json\/wp\/v2\/posts\/515050","targetHints":{"allow":["GET"]}}],"collection":[{"href":"https:\/\/www.europesays.com\/de\/wp-json\/wp\/v2\/posts"}],"about":[{"href":"https:\/\/www.europesays.com\/de\/wp-json\/wp\/v2\/types\/post"}],"author":[{"embeddable":true,"href":"https:\/\/www.europesays.com\/de\/wp-json\/wp\/v2\/users\/2"}],"replies":[{"embeddable":true,"href":"https:\/\/www.europesays.com\/de\/wp-json\/wp\/v2\/comments?post=515050"}],"version-history":[{"count":0,"href":"https:\/\/www.europesays.com\/de\/wp-json\/wp\/v2\/posts\/515050\/revisions"}],"wp:featuredmedia":[{"embeddable":true,"href":"https:\/\/www.europesays.com\/de\/wp-json\/wp\/v2\/media\/515051"}],"wp:attachment":[{"href":"https:\/\/www.europesays.com\/de\/wp-json\/wp\/v2\/media?parent=515050"}],"wp:term":[{"taxonomy":"category","embeddable":true,"href":"https:\/\/www.europesays.com\/de\/wp-json\/wp\/v2\/categories?post=515050"},{"taxonomy":"post_tag","embeddable":true,"href":"https:\/\/www.europesays.com\/de\/wp-json\/wp\/v2\/tags?post=515050"}],"curies":[{"name":"wp","href":"https:\/\/api.w.org\/{rel}","templated":true}]}}