{"id":515058,"date":"2025-10-21T05:59:09","date_gmt":"2025-10-21T05:59:09","guid":{"rendered":"https:\/\/www.europesays.com\/de\/515058\/"},"modified":"2025-10-21T05:59:09","modified_gmt":"2025-10-21T05:59:09","slug":"takaichi-zu-japans-erster-regierungschefin-gewaehlt","status":"publish","type":"post","link":"https:\/\/www.europesays.com\/de\/515058\/","title":{"rendered":"Takaichi zu Japans erster Regierungschefin gew\u00e4hlt"},"content":{"rendered":"<p>Tokio (dpa) &#8211; Japans stramm nationalkonservative Ex-Innenministerin Sanae Takaichi ist im Parlament zur ersten Regierungschefin ihres Landes gew\u00e4hlt worden. Die 64-J\u00e4hrige tritt die Nachfolge des vergleichsweise liberalen Shigeru Ishiba an, der nach Wahlniederlagen ihrer Liberaldemokratischen Partei (LDP) k\u00fcrzlich seinen R\u00fccktritt erkl\u00e4rt hatte. Takaichi verdankt ihre Wahl dem neuen B\u00fcndnispartner der LDP, der konservativ-neoliberalen Partei Ishin. Das Oppositionslager konnte sich nicht auf einen gemeinsamen Kandidaten einigen. Da die LDP als gr\u00f6\u00dfte Partei jedoch auch mit der Ishin eine Mehrheit im Parlament knapp verfehlt, wird sie weiterhin eine Minderheitsregierung stellen.<\/p>\n","protected":false},"excerpt":{"rendered":"Tokio (dpa) &#8211; Japans stramm nationalkonservative Ex-Innenministerin Sanae Takaichi ist im Parlament zur ersten Regierungschefin ihres Landes gew\u00e4hlt&hellip;\n","protected":false},"author":2,"featured_media":515059,"comment_status":"","ping_status":"","sticky":false,"template":"","format":"standard","meta":{"footnotes":""},"categories":[1843],"tags":[3364,29,30,14623,372,8970,1209,2403,139],"class_list":{"0":"post-515058","1":"post","2":"type-post","3":"status-publish","4":"format-standard","5":"has-post-thumbnail","7":"category-muenster","8":"tag-de","9":"tag-deutschland","10":"tag-germany","11":"tag-innenpolitik","12":"tag-japan","13":"tag-muenster","14":"tag-nordrhein-westfalen","15":"tag-partei","16":"tag-regierung"},"share_on_mastodon":{"url":"https:\/\/pubeurope.com\/@de\/115410630609125974","error":""},"_links":{"self":[{"href":"https:\/\/www.europesays.com\/de\/wp-json\/wp\/v2\/posts\/515058","targetHints":{"allow":["GET"]}}],"collection":[{"href":"https:\/\/www.europesays.com\/de\/wp-json\/wp\/v2\/posts"}],"about":[{"href":"https:\/\/www.europesays.com\/de\/wp-json\/wp\/v2\/types\/post"}],"author":[{"embeddable":true,"href":"https:\/\/www.europesays.com\/de\/wp-json\/wp\/v2\/users\/2"}],"replies":[{"embeddable":true,"href":"https:\/\/www.europesays.com\/de\/wp-json\/wp\/v2\/comments?post=515058"}],"version-history":[{"count":0,"href":"https:\/\/www.europesays.com\/de\/wp-json\/wp\/v2\/posts\/515058\/revisions"}],"wp:featuredmedia":[{"embeddable":true,"href":"https:\/\/www.europesays.com\/de\/wp-json\/wp\/v2\/media\/515059"}],"wp:attachment":[{"href":"https:\/\/www.europesays.com\/de\/wp-json\/wp\/v2\/media?parent=515058"}],"wp:term":[{"taxonomy":"category","embeddable":true,"href":"https:\/\/www.europesays.com\/de\/wp-json\/wp\/v2\/categories?post=515058"},{"taxonomy":"post_tag","embeddable":true,"href":"https:\/\/www.europesays.com\/de\/wp-json\/wp\/v2\/tags?post=515058"}],"curies":[{"name":"wp","href":"https:\/\/api.w.org\/{rel}","templated":true}]}}