{"id":515075,"date":"2025-10-21T06:09:45","date_gmt":"2025-10-21T06:09:45","guid":{"rendered":"https:\/\/www.europesays.com\/de\/515075\/"},"modified":"2025-10-21T06:09:45","modified_gmt":"2025-10-21T06:09:45","slug":"hsbc-ernennt-ehemaligen-natwest-manager-zum-leiter-des-uk-geschaefts-berichtet-die-financial-times","status":"publish","type":"post","link":"https:\/\/www.europesays.com\/de\/515075\/","title":{"rendered":"HSBC ernennt ehemaligen NatWest-Manager zum Leiter des UK-Gesch\u00e4fts, berichtet die Financial Times"},"content":{"rendered":"<p>HSBC hat den ehemaligen NatWest-Manager David Lindberg verpflichtet, um das Gro\u00dfbritannien-Gesch\u00e4ft des Konzerns zu f\u00fchren. Dies ist die j\u00fcngste Ver\u00e4nderung in der F\u00fchrungsetage unter dem Vorstandsvorsitzenden Georges Elhedery, wie die Financial Times am Montag berichtete.<\/p>\n<p>Bericht von Disha Mishra in Bengaluru; Redaktion: Sherry Jacob-Phillips<\/p>\n","protected":false},"excerpt":{"rendered":"HSBC hat den ehemaligen NatWest-Manager David Lindberg verpflichtet, um das Gro\u00dfbritannien-Gesch\u00e4ft des Konzerns zu f\u00fchren. Dies ist die&hellip;\n","protected":false},"author":2,"featured_media":515076,"comment_status":"","ping_status":"","sticky":false,"template":"","format":"standard","meta":{"footnotes":""},"categories":[3976],"tags":[331,332,665,13,14,15,12,3992,3993,3994,3995,3996,3997],"class_list":{"0":"post-515075","1":"post","2":"type-post","3":"status-publish","4":"format-standard","5":"has-post-thumbnail","7":"category-vereinigtes-koenigreich","8":"tag-aktuelle-nachrichten","9":"tag-aktuelle-news","10":"tag-boerse","11":"tag-headlines","12":"tag-nachrichten","13":"tag-news","14":"tag-schlagzeilen","15":"tag-uk","16":"tag-united-kingdom","17":"tag-united-kingdom-of-great-britain-and-northern-ireland","18":"tag-vereinigtes-koenigreich","19":"tag-vereinigtes-koenigreich-grossbritannien-und-nordirland","20":"tag-vereinigtes-koenigreich-von-grossbritannien-und-nordirland"},"share_on_mastodon":{"url":"https:\/\/pubeurope.com\/@de\/115410669689188480","error":""},"_links":{"self":[{"href":"https:\/\/www.europesays.com\/de\/wp-json\/wp\/v2\/posts\/515075","targetHints":{"allow":["GET"]}}],"collection":[{"href":"https:\/\/www.europesays.com\/de\/wp-json\/wp\/v2\/posts"}],"about":[{"href":"https:\/\/www.europesays.com\/de\/wp-json\/wp\/v2\/types\/post"}],"author":[{"embeddable":true,"href":"https:\/\/www.europesays.com\/de\/wp-json\/wp\/v2\/users\/2"}],"replies":[{"embeddable":true,"href":"https:\/\/www.europesays.com\/de\/wp-json\/wp\/v2\/comments?post=515075"}],"version-history":[{"count":0,"href":"https:\/\/www.europesays.com\/de\/wp-json\/wp\/v2\/posts\/515075\/revisions"}],"wp:featuredmedia":[{"embeddable":true,"href":"https:\/\/www.europesays.com\/de\/wp-json\/wp\/v2\/media\/515076"}],"wp:attachment":[{"href":"https:\/\/www.europesays.com\/de\/wp-json\/wp\/v2\/media?parent=515075"}],"wp:term":[{"taxonomy":"category","embeddable":true,"href":"https:\/\/www.europesays.com\/de\/wp-json\/wp\/v2\/categories?post=515075"},{"taxonomy":"post_tag","embeddable":true,"href":"https:\/\/www.europesays.com\/de\/wp-json\/wp\/v2\/tags?post=515075"}],"curies":[{"name":"wp","href":"https:\/\/api.w.org\/{rel}","templated":true}]}}