{"id":515099,"date":"2025-10-21T06:23:16","date_gmt":"2025-10-21T06:23:16","guid":{"rendered":"https:\/\/www.europesays.com\/de\/515099\/"},"modified":"2025-10-21T06:23:16","modified_gmt":"2025-10-21T06:23:16","slug":"onay-kritisiert-kanzler-merz-stadtbild-aussagen-unbegreiflich","status":"publish","type":"post","link":"https:\/\/www.europesays.com\/de\/515099\/","title":{"rendered":"Onay kritisiert Kanzler Merz \u2013 Stadtbild-Aussagen &#8222;unbegreiflich&#8220;"},"content":{"rendered":"<p>Streit \u00fcber Kanzler-Aussagen <\/p>\n<p>Onay nennt Merz&#8216; Worte zum Stadtbild &#8222;unbegreiflich&#8220;<\/p>\n<p>21.10.2025 &#8211; 08:02 UhrLesedauer: 1 Min.<\/p>\n<p><a href=\"#focus-0\" class=\"transition-colors duration-200 block text-current relative\" data-sctrack=\"FocusGalleryImage.Reference\"><img fetchpriority=\"high\" data-testid=\"Opener.Image\" style=\"--lqipURL:url('https:\/\/images.t-online.de\/2025\/10\/qsapibcb0nPI\/0x8:2135x1201\/fit-in\/150x0\/filters:blur(25)\/belit-onay-hannovers-ob-aeussert-scharfe-kritik-an-den-aeusserungen-von-bundeskanzler-friedrich-merz-zur-migration.jpg')\"   loading=\"eager\" src=\"https:\/\/www.europesays.com\/de\/wp-content\/uploads\/2025\/10\/belit-onay-hannovers-ob-aeussert-scharfe-kritik-an-den-aeusserungen-von-bundeskanzler-friedrich-merz.jpeg\" alt=\"Belit Onay: Hannovers OB \u00e4u\u00dfert scharfe Kritik an den \u00c4u\u00dferungen von Bundeskanzler Friedrich Merz zur Migration.\" title=\"Belit Onay: Hannovers OB \u00e4u\u00dfert scharfe Kritik an den \u00c4u\u00dferungen von Bundeskanzler Friedrich Merz zur Migration.\" width=\"2135\" height=\"1201\" class=\"bg-[url:var(--lqipURL)] bg-cover bg-center flex h-full w-full max-w-full\" decoding=\"async\"\/><img style=\"--width:32;--height:32\" loading=\"lazy\" src=\"https:\/\/www.t-online.de\/s\/paper\/_next\/static\/media\/zoom-in.f7dae02f.svg\" alt=\"Vergr\u00f6\u00dfern des Bildes\" title=\"Vergr\u00f6\u00dfern des Bildes\" class=\"block h-[calc(var(--height)_\/_16_*_1rem)] w-[calc(var(--width)_\/_16_*_1rem)] max-w-none absolute bottom-8 right-8 rounded-4 bg-snow p-8\" decoding=\"async\"\/><\/a><\/p>\n<p>Belit Onay: Hannovers OB \u00e4u\u00dfert scharfe Kritik an den \u00c4u\u00dferungen von Bundeskanzler Friedrich Merz zur Migration. (Quelle: dts Nachrichtenagentur\/imago-images-bilder)<\/p>\n<p class=\"font-bold text-18 leading-17\">Hannovers Oberb\u00fcrgermeister Belit Onay reagiert emp\u00f6rt auf die j\u00fcngsten Aussagen von Kanzler Merz zur Migration. Der Gr\u00fcnen-Politiker wirft ihm vor, Menschen zu diskriminieren.<\/p>\n<p class=\"text-18 leading-17\">Hannovers Oberb\u00fcrgermeister Belit Onay hat die umstrittenen Stadtbild-\u00c4u\u00dferungen von Bundeskanzler <a class=\"transition-colors duration-200 cursor-pointer text-inherit no-underline text-salemsfur md:hover:text-magenta md:hover:border-magenta md:focus:text-magenta border-current border-b border-solid break-words\" href=\"https:\/\/www.t-online.de\/themen\/friedrich-merz\/\" data-sctrack=\"BodyAnchor\" rel=\"nofollow noopener\" target=\"_blank\">Friedrich Merz<\/a> scharf kritisiert. &#8222;Der Bundeskanzler schlie\u00dft vom Aussehen eines Menschen auf seine Zugeh\u00f6rigkeit und sein gesetzeskonformes Verhalten. Ich hatte gehofft, eine derartige Haltung h\u00e4tten wir \u00fcberwunden&#8220;, sagte der Gr\u00fcnen-Politiker. Es reiche nicht, sich &#8222;nach sonnt\u00e4glichen Parteiklausuren von Rechtsextremisten abzugrenzen&#8220; \u2013 man m\u00fcsse das auch mit Leben f\u00fcllen.<\/p>\n<p class=\"text-18 leading-17\">Merz hatte vergangene Woche erkl\u00e4rt, man korrigiere fr\u00fchere Vers\u00e4umnisse in der Migrationspolitik, sehe aber &#8222;nat\u00fcrlich immer im Stadtbild noch dieses Problem&#8220;. Am Freitag verteidigte der Kanzler seine Aussage mit den Worten: &#8222;Alle best\u00e4tigen, dass das ein Problem ist, sp\u00e4testens mit Einbruch der Dunkelheit.&#8220;<\/p>\n<p class=\"text-18 leading-17\">Onay forderte dagegen, ein Kanzler m\u00fcsse sich &#8222;zur Vielfalt bekennen und mit denjenigen ins Gespr\u00e4ch gehen, denen genau das noch schwerf\u00e4llt&#8220;. Er k\u00f6nne nicht nachvollziehen, dass Merz seine Worte bekr\u00e4ftige, &#8222;obwohl er von unz\u00e4hligen Menschen \u2013 nicht zuletzt aus <a class=\"transition-colors duration-200 cursor-pointer text-inherit no-underline text-salemsfur md:hover:text-magenta md:hover:border-magenta md:focus:text-magenta border-current border-b border-solid break-words\" href=\"https:\/\/www.t-online.de\/region\/hannover\/\" data-sctrack=\"BodyAnchor\" rel=\"nofollow noopener\" target=\"_blank\">Hannover<\/a> \u2013 die R\u00fcckmeldung erhalten hat, dass sie sich von ihm diskriminiert f\u00fchlen&#8220;. Vor dem Neuen Rathaus in Hannover hatten am Donnerstag bereits Dutzende Menschen gegen die \u00c4u\u00dferungen protestiert. <a class=\"transition-colors duration-200 cursor-pointer text-inherit no-underline text-salemsfur md:hover:text-magenta md:hover:border-magenta md:focus:text-magenta border-current border-b border-solid break-words\" href=\"https:\/\/www.t-online.de\/region\/hannover\/id_100959962\/hannover-merz-aussagen-protest-am-neuen-rathaus-mit-fotoaktion.html\" data-sctrack=\"BodyAnchor\" rel=\"nofollow noopener\" target=\"_blank\">Hier lesen Sie mehr dazu<\/a>.<\/p>\n<p class=\"text-18 leading-17\">Auf einem Kongress der Gewerkschaft IGBCE in Hannover betonte Merz sp\u00e4ter, Deutschland bleibe &#8222;ein weltoffenes Land&#8220;. Zugleich k\u00fcndigte er an, &#8222;irregul\u00e4re Migration in die sozialen Sicherungssysteme&#8220; stoppen zu wollen \u2013 regul\u00e4re Zuwanderung in den Arbeitsmarkt dagegen sei ausdr\u00fccklich gew\u00fcnscht.<\/p>\n","protected":false},"excerpt":{"rendered":"Streit \u00fcber Kanzler-Aussagen Onay nennt Merz&#8216; Worte zum Stadtbild &#8222;unbegreiflich&#8220; 21.10.2025 &#8211; 08:02 UhrLesedauer: 1 Min. Belit Onay:&hellip;\n","protected":false},"author":2,"featured_media":515100,"comment_status":"","ping_status":"","sticky":false,"template":"","format":"standard","meta":{"footnotes":""},"categories":[1836],"tags":[722,12171,21,3364,29,775,30,46,382,1411,27123,86898],"class_list":{"0":"post-515099","1":"post","2":"type-post","3":"status-publish","4":"format-standard","5":"has-post-thumbnail","7":"category-hannover","8":"tag-722","9":"tag-belit-onay","10":"tag-buendnis-90-die-gruenen","11":"tag-de","12":"tag-deutschland","13":"tag-friedrich-merz","14":"tag-germany","15":"tag-hannover","16":"tag-migration","17":"tag-niedersachsen","18":"tag-rechtsextremisten","19":"tag-stadtbild"},"share_on_mastodon":{"url":"https:\/\/pubeurope.com\/@de\/115410725465717358","error":""},"_links":{"self":[{"href":"https:\/\/www.europesays.com\/de\/wp-json\/wp\/v2\/posts\/515099","targetHints":{"allow":["GET"]}}],"collection":[{"href":"https:\/\/www.europesays.com\/de\/wp-json\/wp\/v2\/posts"}],"about":[{"href":"https:\/\/www.europesays.com\/de\/wp-json\/wp\/v2\/types\/post"}],"author":[{"embeddable":true,"href":"https:\/\/www.europesays.com\/de\/wp-json\/wp\/v2\/users\/2"}],"replies":[{"embeddable":true,"href":"https:\/\/www.europesays.com\/de\/wp-json\/wp\/v2\/comments?post=515099"}],"version-history":[{"count":0,"href":"https:\/\/www.europesays.com\/de\/wp-json\/wp\/v2\/posts\/515099\/revisions"}],"wp:featuredmedia":[{"embeddable":true,"href":"https:\/\/www.europesays.com\/de\/wp-json\/wp\/v2\/media\/515100"}],"wp:attachment":[{"href":"https:\/\/www.europesays.com\/de\/wp-json\/wp\/v2\/media?parent=515099"}],"wp:term":[{"taxonomy":"category","embeddable":true,"href":"https:\/\/www.europesays.com\/de\/wp-json\/wp\/v2\/categories?post=515099"},{"taxonomy":"post_tag","embeddable":true,"href":"https:\/\/www.europesays.com\/de\/wp-json\/wp\/v2\/tags?post=515099"}],"curies":[{"name":"wp","href":"https:\/\/api.w.org\/{rel}","templated":true}]}}