{"id":515881,"date":"2025-10-21T13:47:20","date_gmt":"2025-10-21T13:47:20","guid":{"rendered":"https:\/\/www.europesays.com\/de\/515881\/"},"modified":"2025-10-21T13:47:20","modified_gmt":"2025-10-21T13:47:20","slug":"luisa-neubauer-ruft-zu-feministischer-demo-vor-cdu-zentrale-in-berlin-auf","status":"publish","type":"post","link":"https:\/\/www.europesays.com\/de\/515881\/","title":{"rendered":"Luisa Neubauer ruft zu feministischer Demo vor CDU-Zentrale in Berlin auf"},"content":{"rendered":"<p class=\"tspBHk0 tspBHk1\">Umwelt- und Klimaaktivistin Luisa Neubauer hat f\u00fcr Dienstagnachmittag zu einer spontanen Demonstration vor der CDU-Bundesgesch\u00e4ftsstelle in Berlin aufgerufen. Anlass sind die j\u00fcngsten \u00c4u\u00dferungen von CDU-Chef und Bundeskanzler Friedrich Merz.\u00a0<\/p>\n<p class=\"tspBHk0\">Auch in Kiel hat Fridays for Future eine Demonstration angek\u00fcndigt \u2013 sie soll am Mittwoch zur CDU-Parteizentrale f\u00fchren.<\/p>\n<p><a href=\"https:\/\/www.tagesspiegel.de\/berlin\/dass-viele-berliner-nicht-deutsch-aussehen-ist-ein-fakt-nicht-diskriminierung-das-sagen-kreuzberger-zu-merz-problem-im-stadtbild-14596142.html?icid=single-topic_14617181___\" data-gtm-class=\"article-mzt-link\" class=\"tspBRlv\" rel=\"nofollow noopener\" target=\"_blank\">\u201eIch f\u00fchle mich davon nicht angegriffen\u201c Das sagen Kreuzberger zu Merz\u2019 \u201eProblem im Stadtbild\u201c <\/a><\/p>\n<p class=\"tspBHk0\">\u201eWir sind plusminus 40 Millionen T\u00f6chter in diesem Land. Wir haben ein aufrichtiges Interesse daran, dass man sich mit unserer Sicherheit besch\u00e4ftigt\u201c, sagte die 29-j\u00e4hrige Neubauer in einem Beitrag auf Instagram. \u201eWorauf wir gar keinen Bock haben, ist als Vorwand oder Rechtfertigung missbraucht zu werden f\u00fcr Aussagen, die unterm Strich einfach diskriminierend, rassistisch und umfassend verletzend waren.\u201c<\/p>\n<p> Merz verteidigt seine Stadtbild-Formulierung <\/p>\n<p class=\"tspBHk0\">Merz hatte Anfang vergangener Woche gesagt, dass die Bundesregierung fr\u00fchere Vers\u00e4umnisse in der Migrationspolitik korrigiere und Fortschritte mache. \u201eAber wir haben nat\u00fcrlich immer im Stadtbild noch dieses Problem, und deswegen ist der Bundesinnenminister ja auch dabei, jetzt in sehr gro\u00dfem Umfang auch R\u00fcckf\u00fchrungen zu erm\u00f6glichen und durchzuf\u00fchren.\u201c\u00a0<\/p>\n<p><a href=\"https:\/\/www.tagesspiegel.de\/politik\/ich-habe-gar-nichts-zuruckzunehmen-merz-verteidigt-seine-stadtbild-ausserung--bekennt-sich-aber-zu-weltoffenem-deutschland-14609288.html?icid=single-topic_14617181___\" data-gtm-class=\"article-mzt-link\" class=\"tspBRlv\" rel=\"nofollow noopener\" target=\"_blank\">\u201eIch habe gar nichts zur\u00fcckzunehmen\u201c Merz verteidigt seine \u201eStadtbild\u201c-\u00c4u\u00dferung \u2013 bekennt sich aber zu weltoffenem Deutschland <\/a><\/p>\n<p class=\"tspBHk0\">Am Montag wies er Kritik daran zur\u00fcck. \u201eIch habe gar nichts zur\u00fcckzunehmen\u201c, sagte er. Wer seine T\u00f6chter frage, werde vermutlich \u201eeine ziemlich klare und deutliche Antwort\u201c darauf bekommen, was er mit seinen \u00c4u\u00dferungen gemeint habe.\u00a0<\/p>\n<p class=\"tspBHk0\">\u201eKeine Sekunde lang haben wir vor, uns vor diesen Karren spannen zu lassen\u201c, sagte Neubauer und kritisierte fehlende Zwischenmenschlichkeit und Respekt. \u201eDa rufen wir fr\u00f6hlich: Nicht mit uns, wir sehen uns \u2013 bei der CDU-Parteizentrale.\u201c\u00a0<\/p>\n<p> Die Kundgebung ist bereits angemeldet <\/p>\n<p class=\"tspBHk0\">Die Berliner Polizei best\u00e4tigte, dass eine entsprechende Veranstaltung mit 300 Teilnehmerinnen und Teilnehmern am Konrad-Adenauer-Haus angemeldet wurde. Sie tr\u00e4gt den Titel \u201eFeministische Kundgebung: Wir sind die T\u00f6chter\u201c und soll um 17.30 Uhr beginnen.\u00a0<\/p>\n<p> Lesen Sie au\u00dferdem <a href=\"https:\/\/www.tagesspiegel.de\/internationales\/wie-kommt-putin-nach-budapest-bulgarien-wurde-kremlchef-uberflug-zu-gipfel-erlauben-14617895.html?icid=topic-list_14617181___\" data-gtm-class=\"article-mzt-link\" class=\"tspBRlv\" rel=\"nofollow noopener\" target=\"_blank\">Wie kommt Putin nach Budapest? Bulgarien w\u00fcrde Kremlchef \u00dcberflug zu Gipfel erlauben <\/a><a href=\"https:\/\/www.tagesspiegel.de\/berlin\/neue-erkenntnisse-im-fall-rebecca-reusch-polizei-durchsucht-weiteres-objekt--erneut-leichenspurhunde-im-einsatz-14615618.html?icid=topic-list_14617181___\" data-gtm-class=\"article-mzt-link\" class=\"tspBRlv\" rel=\"nofollow noopener\" target=\"_blank\">Neue Erkenntnisse im Fall Rebecca Reusch Polizei durchsucht Wald und weiteres Objekt \u2013 erneut Leichensp\u00fcrhunde im Einsatz <\/a><a href=\"https:\/\/www.tagesspiegel.de\/berlin\/der-vorschlag-ist-vollkommen-weltfremd-spd-will-gehalt-von-berlins-landesmanagern-deckeln--personalberater-warnt-vor-konsequenzen-14598347.html?icid=topic-list_14617181___\" data-gtm-class=\"article-mzt-link\" class=\"tspBRlv\" rel=\"nofollow noopener\" target=\"_blank\">\u201eDer Vorschlag ist vollkommen weltfremd\u201c SPD will Gehalt von Berlins Landesmanagern deckeln \u2013 Personalberater warnt vor Konsequenzen <\/a><\/p>\n<p class=\"tspBHk0\"><a href=\"https:\/\/www.tagesspiegel.de\/berlin\/nach-merz-aussagen-zu-migration-hunderte-demonstrieren-am-brandenburger-tor-in-berlin-14603729.html?icid=in-text-link_14617181\" class=\"link link--internal\" data-gtm-class=\"article-text-link\" data-gtm-val=\"internal\" rel=\"nofollow noopener\" target=\"_blank\">Bereits am Sonntagabend hatte es am Brandenburger Tor eine Kundgebung unter dem Motto \u201eBrandmauer hoch! Wir sind das Stadtbild\u201c gegeben.<\/a> Dabei demonstrierten Hunderte Menschen f\u00fcr Vielfalt und gegen Rassismus. Mehrere Redner kritisierten Merz f\u00fcr seine Stadtbild-Aussagen und warfen ihm eine mangelnde Abgrenzung zur AfD vor. (Tsp, dpa)<\/p>\n","protected":false},"excerpt":{"rendered":"Umwelt- und Klimaaktivistin Luisa Neubauer hat f\u00fcr Dienstagnachmittag zu einer spontanen Demonstration vor der CDU-Bundesgesch\u00e4ftsstelle in Berlin aufgerufen.&hellip;\n","protected":false},"author":2,"featured_media":515882,"comment_status":"","ping_status":"","sticky":false,"template":"","format":"standard","meta":{"footnotes":""},"categories":[1825],"tags":[296,31,29,14646,775,30,152],"class_list":{"0":"post-515881","1":"post","2":"type-post","3":"status-publish","4":"format-standard","5":"has-post-thumbnail","7":"category-berlin","8":"tag-berlin","9":"tag-cdu","10":"tag-deutschland","11":"tag-fridays-for-future","12":"tag-friedrich-merz","13":"tag-germany","14":"tag-instagram"},"share_on_mastodon":{"url":"https:\/\/pubeurope.com\/@de\/115412470696557750","error":""},"_links":{"self":[{"href":"https:\/\/www.europesays.com\/de\/wp-json\/wp\/v2\/posts\/515881","targetHints":{"allow":["GET"]}}],"collection":[{"href":"https:\/\/www.europesays.com\/de\/wp-json\/wp\/v2\/posts"}],"about":[{"href":"https:\/\/www.europesays.com\/de\/wp-json\/wp\/v2\/types\/post"}],"author":[{"embeddable":true,"href":"https:\/\/www.europesays.com\/de\/wp-json\/wp\/v2\/users\/2"}],"replies":[{"embeddable":true,"href":"https:\/\/www.europesays.com\/de\/wp-json\/wp\/v2\/comments?post=515881"}],"version-history":[{"count":0,"href":"https:\/\/www.europesays.com\/de\/wp-json\/wp\/v2\/posts\/515881\/revisions"}],"wp:featuredmedia":[{"embeddable":true,"href":"https:\/\/www.europesays.com\/de\/wp-json\/wp\/v2\/media\/515882"}],"wp:attachment":[{"href":"https:\/\/www.europesays.com\/de\/wp-json\/wp\/v2\/media?parent=515881"}],"wp:term":[{"taxonomy":"category","embeddable":true,"href":"https:\/\/www.europesays.com\/de\/wp-json\/wp\/v2\/categories?post=515881"},{"taxonomy":"post_tag","embeddable":true,"href":"https:\/\/www.europesays.com\/de\/wp-json\/wp\/v2\/tags?post=515881"}],"curies":[{"name":"wp","href":"https:\/\/api.w.org\/{rel}","templated":true}]}}