{"id":515945,"date":"2025-10-21T14:22:13","date_gmt":"2025-10-21T14:22:13","guid":{"rendered":"https:\/\/www.europesays.com\/de\/515945\/"},"modified":"2025-10-21T14:22:13","modified_gmt":"2025-10-21T14:22:13","slug":"einzelgespraeche-und-mentalitaet-roesler-hat-bochum-in-die-spur-gebracht-sport","status":"publish","type":"post","link":"https:\/\/www.europesays.com\/de\/515945\/","title":{"rendered":"Einzelgespr\u00e4che und Mentalit\u00e4t: R\u00f6sler hat Bochum in die Spur gebracht | Sport"},"content":{"rendered":"<p><b>Der erste Schritt ist getan &#8230;<\/b><\/p>\n<p><a href=\"https:\/\/www.bild.de\/sport\/fussball\/vfl-bochum-nach-abpfiff-gab-es-currywurst-fans-feiern-roesler-vulkan-68f41ef67e2d7167e63ba957\" class=\"text-link\" target=\"_blank\" rel=\"noopener\">Bochums Neu-Trainer Uwe R\u00f6sler<\/a> (56) hat das Ruhrstadion mit dem 3:2 gegen Hertha zum Beben gebracht. Beim VfL keimt jetzt die Hoffnung auf, dass der Umschwung nachhaltig ist und die Mannschaft nicht nachl\u00e4sst. <a href=\"https:\/\/www.bild.de\/sport\/fussball\/vfl-bochum\/startseite-bochum-31148910.bild.html\" class=\"text-link\" target=\"_blank\" rel=\"noopener\">Denn noch steckt der Pott-Klub im Tabellenkeller.<\/a><\/p>\n<p><b>Einzelgespr\u00e4che und Mentalit\u00e4t: So f\u00fchrte R\u00f6sler Bochum wieder in die Spur!<\/b><\/p>\n<p>Mehr zum Thema<\/p>\n<p>\u25ba <b>Gespr\u00e4che:<\/b> R\u00f6sler wei\u00df, dass er die Rettung nicht allein stemmen kann. Er braucht die Unterst\u00fctzung des Trainerteams und der kompletten Mannschaft. Daher setzt R\u00f6sler auf Kommunikation, um herauszufinden, was die Spieler besch\u00e4ftigt. Doch nicht nur der Trainer selbst, sondern auch die Jungs sollen \u00f6fter die Klappe aufmachen.<\/p>\n<p>Auch interessant<\/p>\n<p>Anzeige<\/p>\n<p>Auch interessant<\/p>\n<p>Anzeige<\/p>\n<p>Keeper Timo Horn (32), der seit Wochen zu den besten Bochumern geh\u00f6rt: \u201eEr hat gefordert, dass wir auf dem Platz mehr reden und uns gegenseitig unterst\u00fctzen. Man konnte sehen, wie wir uns nach guten Aktionen abgefeiert haben.\u201c<\/p>\n<p>\u25ba <b>Pl\u00e4ne:<\/b> R\u00f6sler hat die Mannschaft \u2013 trotz Abwesenheit der Nationalspieler (u. a. Bero, Holtmann, Onyeka) \u2013 sehr gut auf den Hauptstadt-Klub eingestellt. Horn: \u201eEr ist ein Trainer, der sehr ins Detail geht. Das haben wir auch gebraucht. In vielen Situationen waren wir nachl\u00e4ssig und der letzte Schritt hat gefehlt. Bei defensiven Standards haben wir nicht gut verteidigt. Das war jetzt alles etwas besser.\u201c<\/p>\n<p>\u25ba <b>Mentalit\u00e4t:<\/b> Trotz 9 Grad feuerte R\u00f6sler seine Mannschaft in kurzer Hose an, trieb sie zur H\u00f6chstleistung. Der Funke sprang auch auf die Zuschauer \u201eanne Castroper\u201c \u00fcber. Die lange gl\u00fccklosen Bochumer hatten endlich wieder die breite Brust, um den knappen Vorsprung mit hei\u00dfem Herzen ins Ziel zu bringen. Das hatte wochenlang gefehlt!<\/p>\n<p>R\u00f6sler: \u201eDas war kein normales Spiel, sondern wie ein Pokal-Finale. Dass wir den Neustart mit 3 Punkten \u00fcber die B\u00fchne bringen, war absolut wichtig.\u201c<\/p>\n<p>\u201eBildh\u00fcbsch\u201c: Fans feiern Wontorra-Video<a class=\"anchor video-teaser__anchor\" href=\"https:\/\/www.bild.de\/sport\/fussball\/bildhuebsch-fans-feiern-wontorra-video-68f78cc3425f0450220e5c17\" target=\"_blank\" rel=\"noopener\"><img decoding=\"async\" width=\"992\" height=\"558\" alt=\"Teaser-Bild\" src=\"https:\/\/www.europesays.com\/de\/wp-content\/uploads\/2025\/10\/2c636729c7677004efa9385d20b69e04,71725532\"   class=\"landscape teaser__image\" loading=\"lazy\"\/><\/a><\/p>\n<p>Quelle: Instagram @laurawontorra21.10.2025<\/p>\n","protected":false},"excerpt":{"rendered":"Der erste Schritt ist getan &#8230; Bochums Neu-Trainer Uwe R\u00f6sler (56) hat das Ruhrstadion mit dem 3:2 gegen&hellip;\n","protected":false},"author":2,"featured_media":515946,"comment_status":"","ping_status":"","sticky":false,"template":"","format":"standard","meta":{"footnotes":""},"categories":[1839],"tags":[7507,3364,29,347,30,91498,110579,1209,119671,3856,87004,819,8173,784],"class_list":{"0":"post-515945","1":"post","2":"type-post","3":"status-publish","4":"format-standard","5":"has-post-thumbnail","7":"category-bochum","8":"tag-bochum","9":"tag-de","10":"tag-deutschland","11":"tag-fussball","12":"tag-germany","13":"tag-horn-timo","14":"tag-luthe-andreas","15":"tag-nordrhein-westfalen","16":"tag-roesler-uwe","17":"tag-ruhrgebiet","18":"tag-ruhrgebiet-regional-sport","19":"tag-sport-leuchtturm-essen","20":"tag-vfl-bochum","21":"tag-zweite-bundesliga"},"share_on_mastodon":{"url":"https:\/\/pubeurope.com\/@de\/115412608384381841","error":""},"_links":{"self":[{"href":"https:\/\/www.europesays.com\/de\/wp-json\/wp\/v2\/posts\/515945","targetHints":{"allow":["GET"]}}],"collection":[{"href":"https:\/\/www.europesays.com\/de\/wp-json\/wp\/v2\/posts"}],"about":[{"href":"https:\/\/www.europesays.com\/de\/wp-json\/wp\/v2\/types\/post"}],"author":[{"embeddable":true,"href":"https:\/\/www.europesays.com\/de\/wp-json\/wp\/v2\/users\/2"}],"replies":[{"embeddable":true,"href":"https:\/\/www.europesays.com\/de\/wp-json\/wp\/v2\/comments?post=515945"}],"version-history":[{"count":0,"href":"https:\/\/www.europesays.com\/de\/wp-json\/wp\/v2\/posts\/515945\/revisions"}],"wp:featuredmedia":[{"embeddable":true,"href":"https:\/\/www.europesays.com\/de\/wp-json\/wp\/v2\/media\/515946"}],"wp:attachment":[{"href":"https:\/\/www.europesays.com\/de\/wp-json\/wp\/v2\/media?parent=515945"}],"wp:term":[{"taxonomy":"category","embeddable":true,"href":"https:\/\/www.europesays.com\/de\/wp-json\/wp\/v2\/categories?post=515945"},{"taxonomy":"post_tag","embeddable":true,"href":"https:\/\/www.europesays.com\/de\/wp-json\/wp\/v2\/tags?post=515945"}],"curies":[{"name":"wp","href":"https:\/\/api.w.org\/{rel}","templated":true}]}}