{"id":516311,"date":"2025-10-21T17:40:11","date_gmt":"2025-10-21T17:40:11","guid":{"rendered":"https:\/\/www.europesays.com\/de\/516311\/"},"modified":"2025-10-21T17:40:11","modified_gmt":"2025-10-21T17:40:11","slug":"camundalocal-frankfurt-am-main-enterprise-agentic-automation-day-it-finanzmagazin","status":"publish","type":"post","link":"https:\/\/www.europesays.com\/de\/516311\/","title":{"rendered":"CamundaLocal Frankfurt am Main &#8211; Enterprise Agentic Automation Day \u2013 IT Finanzmagazin"},"content":{"rendered":"<p>\n\t\t\t\tOrt:\t\t\t<\/p>\n<p>\n\t\t\t\tHotel nhow Frankfurt, Br\u00fcsseler Str. 1-3, 60327 Frankfurt am Main\t\t\t<\/p>\n<p>Beim CamundaLocal Frankfurt am Main \u2013 Enterprise Agentic Automation Day dreht sich alles um moderne Prozessorchestrierung und den Weg zu agentenbasierter KI. Anhand von Praxisbeispielen, etwa von Commerzbank, GEMA und Hauck Aufh\u00e4user Lampe Privatbank, erfahren Teilnehmende, wie Unternehmen mit Camunda Prozesse effizienter gestalten und sich f\u00fcr die n\u00e4chste Automatisierungsstufe r\u00fcsten. Ein Tag voller technischer Einblicke, praxisnaher Erfahrungen und Austausch mit Expert:innen \u2013 kompakt, kostenfrei und direkt in Frankfurt.<\/p>\n","protected":false},"excerpt":{"rendered":"Ort: Hotel nhow Frankfurt, Br\u00fcsseler Str. 1-3, 60327 Frankfurt am Main Beim CamundaLocal Frankfurt am Main \u2013 Enterprise&hellip;\n","protected":false},"author":2,"featured_media":516312,"comment_status":"","ping_status":"","sticky":false,"template":"","format":"standard","meta":{"footnotes":""},"categories":[1829],"tags":[29,2050,2051,30,2052],"class_list":{"0":"post-516311","1":"post","2":"type-post","3":"status-publish","4":"format-standard","5":"has-post-thumbnail","7":"category-frankfurt-am-main","8":"tag-deutschland","9":"tag-frankfurt","10":"tag-frankfurt-am-main","11":"tag-germany","12":"tag-hessen"},"share_on_mastodon":{"url":"https:\/\/pubeurope.com\/@de\/115413387177990972","error":""},"_links":{"self":[{"href":"https:\/\/www.europesays.com\/de\/wp-json\/wp\/v2\/posts\/516311","targetHints":{"allow":["GET"]}}],"collection":[{"href":"https:\/\/www.europesays.com\/de\/wp-json\/wp\/v2\/posts"}],"about":[{"href":"https:\/\/www.europesays.com\/de\/wp-json\/wp\/v2\/types\/post"}],"author":[{"embeddable":true,"href":"https:\/\/www.europesays.com\/de\/wp-json\/wp\/v2\/users\/2"}],"replies":[{"embeddable":true,"href":"https:\/\/www.europesays.com\/de\/wp-json\/wp\/v2\/comments?post=516311"}],"version-history":[{"count":0,"href":"https:\/\/www.europesays.com\/de\/wp-json\/wp\/v2\/posts\/516311\/revisions"}],"wp:featuredmedia":[{"embeddable":true,"href":"https:\/\/www.europesays.com\/de\/wp-json\/wp\/v2\/media\/516312"}],"wp:attachment":[{"href":"https:\/\/www.europesays.com\/de\/wp-json\/wp\/v2\/media?parent=516311"}],"wp:term":[{"taxonomy":"category","embeddable":true,"href":"https:\/\/www.europesays.com\/de\/wp-json\/wp\/v2\/categories?post=516311"},{"taxonomy":"post_tag","embeddable":true,"href":"https:\/\/www.europesays.com\/de\/wp-json\/wp\/v2\/tags?post=516311"}],"curies":[{"name":"wp","href":"https:\/\/api.w.org\/{rel}","templated":true}]}}