{"id":516324,"date":"2025-10-21T17:47:11","date_gmt":"2025-10-21T17:47:11","guid":{"rendered":"https:\/\/www.europesays.com\/de\/516324\/"},"modified":"2025-10-21T17:47:11","modified_gmt":"2025-10-21T17:47:11","slug":"queerfeindlichkeit-in-brandenburg-angriff-auf-queeres-leben","status":"publish","type":"post","link":"https:\/\/www.europesays.com\/de\/516324\/","title":{"rendered":"Queerfeindlichkeit in Brandenburg: Angriff auf queeres Leben"},"content":{"rendered":"<p class=\"bodytext paragraph first  typo-bodytext is-block column pv-0 is-8-tablet mgh-auto-tablet mobile-order-1\" pos=\"1\">taz | An rechtsradikale Schmierereien und kleinere Sachbesch\u00e4digungen war man im queeren Zentrum <a href=\"https:\/\/www.regenbogenkombinat-cottbus.de\/\" target=\"_blank\" class=\"link in-text-link\" rel=\"noopener\">Regenbogenkombinat Cottbus<\/a> bereits gew\u00f6hnt. Doch am Montagnachmittag stand pl\u00f6tzlich die Papiertonne im Hinterhof in Flammen und brannte ein beachtliches Loch in die hellblaue Fassade des Geb\u00e4udes. Jetzt hat der Polizeiliche Staatsschutz Ermittlungen zu dem Vorfall aufgenommen. Die Beh\u00f6rden halten eine rechtsextrem motivierte Brandstiftung f\u00fcr m\u00f6glich.<\/p>\n<p class=\"bodytext paragraph  typo-bodytext is-block column pv-0 is-8-tablet mgh-auto-tablet mobile-order-2\" pos=\"2\">Der Brand ereignete sich nur wenige Tage vor dem <a href=\"https:\/\/www.csd-cottbus.info\/index.php\/de\/\" target=\"_blank\" class=\"link in-text-link\" rel=\"noopener\">Christopher Street Day (CSD), der am Samstag in Cottbus<\/a> stattfinden soll \u2013 rechte und neonazistische Gruppierungen machen bereits zu Gegendemonstrationen mobil.<\/p>\n<p class=\"bodytext paragraph  typo-bodytext is-block column pv-0 is-8-tablet mgh-auto-tablet mobile-order-4\" pos=\"3\">\u201eDas ist kein Zufall\u201c, ist sich Christian M\u00fcller sicher. Der Sozialarbeiter ist Gesch\u00e4ftsf\u00fchrer des Regenbogenkombinats und Mitorganisator des kommenden CSD. Eine vorbeigehende Frau habe das Feuer entdeckt und daraufhin Ehrenamtliche, die sich im Geb\u00e4ude aufgehalten haben, alarmiert, berichtet er. Diese versuchten dann, das Feuer zu l\u00f6schen, bevor Feuerwehr und Polizei anr\u00fcckten. Jetzt komme es auf eine \u201eschnelle Aufkl\u00e4rung durch die Polizei\u201c an.<\/p>\n<p class=\"bodytext paragraph  typo-bodytext is-block column pv-0 is-8-tablet mgh-auto-tablet mobile-order-5\" pos=\"4\">\u201eVor allem seit letztem Jahr erleben wir immer wieder Sachbesch\u00e4digungen bei uns am Geb\u00e4ude\u201c, sagt M\u00fcller. Es seien schon oft Regenboggenflaggen abgerissen oder auch das Geb\u00e4ude mit einem Hakenkreuz beschmiert worden.<\/p>\n<p>      Wirksamer Schutz gefordert<\/p>\n<p class=\"bodytext paragraph  typo-bodytext is-block column pv-0 is-8-tablet mgh-auto-tablet mobile-order-7\" pos=\"6\">Gerade wegen solcher Vorf\u00e4lle habe das Regenbogenkombinat in der Vergangenheit bereits Videokameras an den Au\u00dfenw\u00e4nden des Geb\u00e4udes installiert, musste sie jedoch aufgrund der unsicheren Rechtsgrundlage wieder abnehmen. Inzwischen sei die Stadt Cottbus um die Bereitstellung einer Video\u00fcberwachung gebeten worden, sagt M\u00fcller.<\/p>\n<p class=\"bodytext paragraph  typo-bodytext is-block column pv-0 is-8-tablet mgh-auto-tablet mobile-order-8\" pos=\"7\">Der Sozialarbeiter erz\u00e4hlt der taz au\u00dferdem von den aktuell laufenden queeren Aktionswochen des Regenbogenkombinats, \u00fcber die die lokalen Medien schon oft berichtet h\u00e4tten. Beim Lesen der Kommentarspalten der Lokalpresse werde ihm immer wieder klar, dass die queere Community S\u00fcdbrandenburgs \u201enicht nur von Freunden\u201c umgeben sei. Vor dem Hintergrund dieser Stimmung scheint es f\u00fcr M\u00fcller klar zu sein, dass es sich tats\u00e4chlich um einen Brandanschlag gehandelt hat.<\/p>\n<p class=\"bodytext paragraph  typo-bodytext is-block column pv-0 is-8-tablet mgh-auto-tablet mobile-order-10\" pos=\"8\">Pfarrer Lukas Pellio, Sprecher der Initiative Sichere Orte, geht in einer Pressemitteilung auch von einem queerfeindlichen Brandanschlag aus. Das Ziel dieses Angriffes sei es, \u201equeeres Leben in Cottbus in die Schranken zu weisen\u201c. Die Initiative Sichere Orte ist ein Zusammenschluss von subkulturellen, queeren und sozialpolitischen Einrichtungen in S\u00fcdbrandenburg, zu dem auch das betroffene Regenbogenkombinat geh\u00f6rt.<\/p>\n<p class=\"bodytext paragraph  typo-bodytext is-block column pv-0 is-8-tablet mgh-auto-tablet mobile-order-11\" pos=\"9\">Von der Politik und den Beh\u00f6rden erwartet sich Pellio \u201eeinen wirksamen Schutz und eine nachhaltige Finanzierung\u201c zivilgesellschaftlicher und queerer Einrichtungen. Es sei schlie\u00dflich nicht das erste Mal, dass queere, linke oder alternative R\u00e4ume angegriffen worden seien. Der Angriff reihe sich ein in \u201eeine lange Reihe von rechten Angriffen auf alternative Orte in der Region\u201c.<\/p>\n<p>      Anstieg an Neonazi-Angriffen<\/p>\n<p class=\"bodytext paragraph  typo-bodytext is-block column pv-0 is-8-tablet mgh-auto-tablet mobile-order-14\" pos=\"11\">In letzter Zeit kam es vermehrt zu rechten Angriffen auf links-alternative Orte und queere Veranstaltungen in Brandenburg. Nachdem bereits 2024 eine neue Generation junger, militanter Neonazis besonders bei CSDs in Ostdeutschland beobachtet werden konnte, <a href=\"https:\/\/taz.de\/Festnahme-in-Berlin\/!6117945\/\" class=\"link in-text-link\" target=\"_blank\" rel=\"noopener\">spitzen sich die rechten Anfeindungen dieses Jahr weiter zu.<\/a><\/p>\n<p class=\"bodytext paragraph  typo-bodytext is-block column pv-0 is-8-tablet mgh-auto-tablet mobile-order-15\" pos=\"12\">Im Fr\u00fchjahr waren erst Jugendklubs in Senftenberg und Spremberg betroffen, bevor im Mai das Cottbuser <a href=\"https:\/\/taz.de\/Neonazis-attackieren-Hausprojekt\/!6090883\/\" class=\"link in-text-link\" target=\"_blank\" rel=\"noopener\">Hausprojekt Zelle79 nachts von Neonazis angegriffen wurde.<\/a> Die jungen Rechtsextremen warfen Steine, br\u00fcllten Parolen, warfen Brands\u00e4tze und versuchten, die T\u00fcren zum Haus aufzubrechen. In Bad Freienwalde st\u00fcrmten im Juni etwa ein Dutzend <a href=\"https:\/\/taz.de\/Neonazi-Angriff-in-Bad-Freienwalde\/!6094115\/\" class=\"link in-text-link\" target=\"_blank\" rel=\"noopener\">junge, vermummte und mit Schlagst\u00f6cken bewaffnete Rechtsextreme ein queeres Stra\u00dfenfest<\/a> und verletzten sechs Personen.<\/p>\n<p class=\"bodytext paragraph  typo-bodytext is-block column pv-0 is-8-tablet mgh-auto-tablet mobile-order-16\" pos=\"13\">Laut der f\u00fcr Cottbus verantwortlichen Polizeidirektion sei S\u00fcdbrandenburg ein \u201eHotspot des Rechtsextremismus\u201c. Die Pressestelle best\u00e4tigt der taz au\u00dferdem einen Anstieg von Gewalttaten gegen Queers in den letzten Jahren. Im Jahr 2024 seien 75 Straftaten gegen\u00fcber Personen wegen ihrer sexuellen Orientierung und 43 Straftaten wegen geschlechtlicher Identit\u00e4t festgestellt worden. Dazu, ob es sich beim Brand beim Regenbogenkombinat auch um einen rechten Angriff gehandelt hat, gebe es bislang keine neuen Erkenntnisse, so der Polizeisprecher.<\/p>\n<p>      Gro\u00dfe Gegendemonstrationen erwartet<\/p>\n<p class=\"bodytext paragraph  typo-bodytext is-block column pv-0 is-8-tablet mgh-auto-tablet mobile-order-18\" pos=\"15\">Um rechte Gewalt gegen die Teil\u00adneh\u00adme\u00adr*in\u00adnen des am Samstag stattfindenden CSD zu vermeiden, habe man in Cottbus die \u201eSicherheitsvorkehrungen hochgeschraubt\u201c, sagt Christian M\u00fcller zur taz. Es w\u00fcrden Shuttle-Busse bereitstehen, um den De\u00admons\u00adtran\u00adt*in\u00adnen eine sichere Abreise zu erm\u00f6glichen und Konfrontationen mit den Neonazis zu vermeiden.<\/p>\n<p class=\"bodytext paragraph last  typo-bodytext is-block column pv-0 is-8-tablet mgh-auto-tablet mobile-order-19\" pos=\"16\">Die rechtsextreme Szene hat bereits zwei Gegendemonstrationen angemeldet, eine von der Neonazi-Partei Die Heimat, die andere von der rechtsextremen Jugendgruppe Deutsche Jugend Voran (DJV). Man rechnet mit einem Personenpotential von insgesamt 1.100 Rechtsradikalen. F\u00fcr den CSD seien bisher etwa 400 Menschen angemeldet worden \u2013 aufgrund der Solidarit\u00e4tsbekundungen, die die queere Szene in Cottbus zuletzt erfahren habe, rechnet M\u00fcller jedoch mit \u201edeutlich mehr Teilnehmer*innen\u201c.<\/p>\n","protected":false},"excerpt":{"rendered":"taz | An rechtsradikale Schmierereien und kleinere Sachbesch\u00e4digungen war man im queeren Zentrum Regenbogenkombinat Cottbus bereits gew\u00f6hnt. Doch&hellip;\n","protected":false},"author":2,"featured_media":516325,"comment_status":"","ping_status":"","sticky":false,"template":"","format":"standard","meta":{"footnotes":""},"categories":[1816],"tags":[1960,1958,1959,1957,1956,1890,29,30],"class_list":{"0":"post-516324","1":"post","2":"type-post","3":"status-publish","4":"format-standard","5":"has-post-thumbnail","7":"category-brandenburg","8":"tag-aktuelle-nachrichten-aus-berlin-und-brandenburg","9":"tag-aktuelle-nachrichten-aus-brandenburg","10":"tag-aktuelle-news-aus-berlin-und-brandenburg","11":"tag-aktuelle-news-aus-brandenburg","12":"tag-berlin-und-brandenburg","13":"tag-brandenburg","14":"tag-deutschland","15":"tag-germany"},"share_on_mastodon":{"url":"https:\/\/pubeurope.com\/@de\/115413414707264193","error":""},"_links":{"self":[{"href":"https:\/\/www.europesays.com\/de\/wp-json\/wp\/v2\/posts\/516324","targetHints":{"allow":["GET"]}}],"collection":[{"href":"https:\/\/www.europesays.com\/de\/wp-json\/wp\/v2\/posts"}],"about":[{"href":"https:\/\/www.europesays.com\/de\/wp-json\/wp\/v2\/types\/post"}],"author":[{"embeddable":true,"href":"https:\/\/www.europesays.com\/de\/wp-json\/wp\/v2\/users\/2"}],"replies":[{"embeddable":true,"href":"https:\/\/www.europesays.com\/de\/wp-json\/wp\/v2\/comments?post=516324"}],"version-history":[{"count":0,"href":"https:\/\/www.europesays.com\/de\/wp-json\/wp\/v2\/posts\/516324\/revisions"}],"wp:featuredmedia":[{"embeddable":true,"href":"https:\/\/www.europesays.com\/de\/wp-json\/wp\/v2\/media\/516325"}],"wp:attachment":[{"href":"https:\/\/www.europesays.com\/de\/wp-json\/wp\/v2\/media?parent=516324"}],"wp:term":[{"taxonomy":"category","embeddable":true,"href":"https:\/\/www.europesays.com\/de\/wp-json\/wp\/v2\/categories?post=516324"},{"taxonomy":"post_tag","embeddable":true,"href":"https:\/\/www.europesays.com\/de\/wp-json\/wp\/v2\/tags?post=516324"}],"curies":[{"name":"wp","href":"https:\/\/api.w.org\/{rel}","templated":true}]}}