{"id":516364,"date":"2025-10-21T18:08:12","date_gmt":"2025-10-21T18:08:12","guid":{"rendered":"https:\/\/www.europesays.com\/de\/516364\/"},"modified":"2025-10-21T18:08:12","modified_gmt":"2025-10-21T18:08:12","slug":"sv-wehen-wiesbaden-alemannia-aachen-im-live-stream-und-tv-schwere-aufgabe-am-24-10-2025-fuer-aachen-gegen-die-wiesbadner","status":"publish","type":"post","link":"https:\/\/www.europesays.com\/de\/516364\/","title":{"rendered":"SV Wehen Wiesbaden &#8211; Alemannia Aachen im Live-Stream und TV: Schwere Aufgabe am 24.10.2025 f\u00fcr Aachen gegen die Wiesbadner"},"content":{"rendered":"<p>An diesem Freitag Abend bekommen es die Wiesbadner zu Hause mit dem Tabellen-Achtzehnten aus Aachen zutun. Im heimischen Stadion ist f\u00fcr den <a href=\"https:\/\/www.news.de\/thema\/sv-wehen-wiesbaden\/1\/\" rel=\"nofollow noopener\" target=\"_blank\"><strong>SV Wehen Wiesbaden<\/strong><\/a> <strong>am 24.10.2025 um 19:00 Uhr<\/strong> Ansto\u00df der Partie des 12. Spieltags der <a href=\"https:\/\/www.news.de\/thema\/3-liga\/1\/\" rel=\"nofollow noopener\" target=\"_blank\"><strong>3. Liga<\/strong><\/a> gegen die <a href=\"https:\/\/www.news.de\/thema\/alemannia-aachen\/1\/\" rel=\"nofollow noopener\" target=\"_blank\"><strong>Alemannia Aachen<\/strong><\/a>. Mit Temperaturen um die 9\u00b0C wird es am Freitag Abend in Wiesbaden voraussichtlich stark bew\u00f6lkt. Zumindest das Wetter macht hier einer guten <a href=\"https:\/\/www.news.de\/thema\/fussball\/1\/\" rel=\"nofollow noopener\" target=\"_blank\"><strong>Fu\u00dfball<\/strong><\/a>-Partie f\u00fcr Teams und Anh\u00e4nger im Stadion keinen Strich durch die Rechnung. <\/p>\n<p>Die Taunussteiner wiesen zuletzt eine durchwachsene Bilanz auf: <a href=\"https:\/\/www.news.de\/sport\/857120729\/1\/\" title=\"Alle Team-News zu SV Wehen Wiesbaden\" rel=\"nofollow noopener\" target=\"_blank\"><strong>ein Sieg, drei Unentschieden und eine Niederlage<\/strong><\/a> waren in den letzten f\u00fcnf Spielen zu verzeichnen. Beim letzten Match gab es f\u00fcr die heutigen Hausherren eine Ausw\u00e4rtsniederlage. Mit 0:3 unterlag der SV Wehen Wiesbaden gegen F.C. Hansa Rostock. <a href=\"https:\/\/www.news.de\/sport\/857931772\/1\/\" title=\"Alle Team-News zu Alemannia Aachen\" rel=\"nofollow noopener\" target=\"_blank\"><strong>Zwei Siege und drei Niederlagen<\/strong><\/a> k\u00f6nnen dem gegen\u00fcber die Aachener aus den letzten Spielen vorweisen. Doch diese Bilanz ist durchaus ausbauf\u00e4hig. Die letzte Partie brachte f\u00fcr die Alemannia Aachen mit 0:1 eine Heimniederlage gegen FC Ingolstadt 04. Mit Blick auf die Tabelle sind die beiden Teams hier vor Startschuss doch schon einige Pl\u00e4tze voneinander entfernt. 16 Punkte sammelte der SV Wehen Stand jetzt und liegt damit auf Rang 11. Dagegen findet sich Aachen mit 10 Z\u00e4hlern auf dem Konto auf dem 18. Tabellenplatz wieder. <\/p>\n<p>SV Wehen Wiesbaden &#8211; Alemannia Aachen im Live-Stream, Webradio und TV: Spiele der 3. Liga bei Magenta Sport und ARD<\/p>\n<p>Sie wollen SV Wehen Wiesbaden &#8211; Alemannia Aachen am Freitag Abend, 24.10.2025 live anschauen? Das Angebot der Telekom macht es m\u00f6glich.  <\/p>\n<ul>\n<li>Spiele in der dritten Liga k\u00f6nnen beim Pay-TV-Angebot <a href=\"https:\/\/www.magentasport.de\/fussball\/3-liga\" rel=\"nofollow noopener\" target=\"_blank\"><strong>Magenta Sport<\/strong><\/a> der Telekom verfolgt werden &#8211; und zwar sind dort alle (380) Partien der Saison 25\/26 live zu sehen. Darunter f\u00e4llt also auch das Match SV Wehen Wiesbaden gegen Alemannia Aachen am 24.10.2025.<\/li>\n<li>Die 3. Programme der <a href=\"https:\/\/live.daserste.de\" rel=\"nofollow noopener\" target=\"_blank\" title=\"ARD-Mediathek\"><strong>ARD<\/strong><\/a> dagegen bieten wieder wie gewohnt einige Partien live im Free-TV. In der <strong>ARD<\/strong> und den <strong>Landesrundfunkanstalten<\/strong> laufen \u00fcber die Saison verteilt insgesamt 68 der Partien der 3. Liga, darunter bis zu zwei Live-Spiele an einem Wochenende.<\/li>\n<li>Auf <strong>Sky<\/strong> sowie <strong>DAZN<\/strong> sucht man Fu\u00dfball der 3. Liga vergebens.<\/li>\n<li>Wer sich das Spiel nicht live ansehen kann, f\u00fcr den ist vielleicht das <strong>Fan-Radio<\/strong> von SV Wehen Wiesbaden oder Aachen eine m\u00f6gliche Alternative.<\/li>\n<\/ul>\n<p>Interessante Einblicke und Ausblicke zu den Spielen liefern immer auch die Clubs selbst \u00fcber ihre Online-Kan\u00e4le. Es lohnt sich also, auch beim Videoportal des SV Wehen Wiesbaden und von <a href=\"https:\/\/www.alemannia-aachen.de\/live-stream\/\" rel=\"nofollow noopener\" target=\"_blank\" title=\"TV-Portal der Alemannia Aachen\"><strong>Alemannia Aachen<\/strong><\/a> vorbei zu schauen.<\/p>\n<p>Die Ticketb\u00f6rse bei SV Wehen Wiesbaden &#8211; Alemannia Aachen<\/p>\n<p>Eintrittskarten f\u00fcr Fu\u00dfballspiele, vor allem f\u00fcr die Top-Ligen und die Liga-Spitzenspiele, sind hierzulande absolute Kassenschlager. Abseits dieser kommt es aber nicht selten vor, dass bis kurz vor Spieltag noch Pl\u00e4tze frei werden oder Resttickets verf\u00fcgbar sind. Wenn Sie als SV Wehen-Fan ein Last-Minute-Stadionerlebnis f\u00fcr das kommende Heimspiel suchen, beispielsweise f\u00fcr das anstehende Match gegen Aachen, werfen Sie einen Blick in den <a href=\"https:\/\/svww.de\/tickets\" rel=\"nofollow noopener\" target=\"_blank\"><strong>Ticket-Store des SV Wehen Wiesbaden<\/strong><\/a>.   <\/p>\n<p>Auf den offiziellen Seiten der Fu\u00dfballclubs finden Sie in der Regel auch eine Ticketb\u00f6rse. Auf dem &#8222;Zweitmarkt&#8220; haben Ticket-Besitzer, die das Spiel doch nicht besuchen k\u00f6nnen, die Chance, ihre Karten anzubieten und auf der anderen Seite freuen sich kurzentschlossene Fans \u00fcber den spontanen Stadionbesuch. Auch die Ausw\u00e4rtsmannschaft der Alemannia Aachen wartet auf der <a href=\"https:\/\/www.alemannia-tickets.de\/alemannia-tickets\/\" rel=\"nofollow noopener\" target=\"_blank\"><strong>auf der Vereinsseite mit einem Ticketshop<\/strong><\/a> auf, bei dem es sich lohnt, rechtzeitig vorbei zu schauen.  <\/p>\n<p>        FOTOSTRECKE: Lothar Matth\u00e4us: DIESE Spr\u00fcche machten &#8222;Loddar&#8220; zur Legende    <\/p>\n<p>        <a title=\"DIESE Spr\u00fcche machten &quot;Loddar&quot; zur Legende\" class=\"position-relative d-block iconmoon-overlay\" data-article-id=\"859052011\" href=\"https:\/\/www.news.de\/fotostrecke\/850706521\/lothar-matthaeus-diese-sprueche-machten-den-fussballer-zur-kultfigur\/1\/\" rel=\"nofollow noopener\" target=\"_blank\"><img decoding=\"async\" src=\"https:\/\/www.europesays.com\/de\/wp-content\/uploads\/2025\/08\/wir-duerfen-jetzt-nur-nicht-den-sand-in-den-kopf-stecken_856962892_1200x675_5847c917e1f1ccccec32aed8.jpeg\" loading=\"lazy\" class=\"img-cover\" alt=\"&quot;Wir d\u00fcrfen jetzt nur nicht den Sand in den Kopf stecken!&quot; (Foto)\" title=\"&quot;Wir d\u00fcrfen jetzt nur nicht den Sand in den Kopf stecken!&quot;\" width=\"1200\" height=\"675\"\/><\/a>        Bild:<br \/>\n            Marc M\u00fcller \/ picture alliance \/ dpa<\/p>\n<p>Anfahrt zur BRITA-Arena mit \u00d6PNV und Auto<\/p>\n<p>Die BRITA-Arena in Wiesbaden erreichen Sie am besten per Bus \u00fcber die <strong>Haltestelle Brita-Arena<\/strong>. Nach einigen Gehminuten sind Sie dann schon am Eingang.  Im Allgemeinen sind Sie bei einer Stadionanreise mit dem \u00d6ffentlichen Personennahverkehr gut beraten. In einigen Eintrittskarten steckt das \u00d6PNV-Ticket sogar schon mit drin. Infos hierzu erhalten Sie m\u00f6glicherweise direkt auf dem Ticket oder im <a href=\"https:\/\/svww.de\/tickets\" rel=\"nofollow noopener\" target=\"_blank\"><strong>Ticket-Shop des des SV Wehen Wiesbaden<\/strong><\/a>. Bei einer Anreise mit Bus oder Bahn umgehen Sie den oft massiven und l\u00e4stigen Verkehr rund ums Stadion. Beachten Sie auch die Hinweise zu Shuttle- und Sonderbussen, die viele Vereine anbieten. Beispielsweise vom Hauptbahnhof zur Spielst\u00e4tte und \u00e4hnliches. Auf der Vereins-Webseite finden Sie nat\u00fcrlich auch alles Wissenswerte zu den restlichen Park- und Anfahrtsm\u00f6glichkeiten.<\/p>\n<p>SV Wehen Wiesbaden &#8211; Alemannia Aachen: Die Tabelle der 3. Liga zum 12. Spieltag<\/p>\n<tr>PlatzMannschaftSpieleSUNDiff.Pkt.<\/tr>\n<tr>\n<td style=\"text-align: left;\"><strong>1<\/strong><\/td>\n<td style=\"text-align: left;\">MSV Duisburg<\/td>\n<td style=\"text-align: center;\">11<\/td>\n<td style=\"text-align: center;\">7<\/td>\n<td style=\"text-align: center;\">3<\/td>\n<td style=\"text-align: center;\">1<\/td>\n<td style=\"text-align: center;\">11<\/td>\n<td style=\"text-align: center;\"><strong>24<\/strong><\/td>\n<\/tr>\n<tr>\n<td style=\"text-align: left;\"><strong>2<\/strong><\/td>\n<td style=\"text-align: left;\">FC Energie Cottbus<\/td>\n<td style=\"text-align: center;\">11<\/td>\n<td style=\"text-align: center;\">7<\/td>\n<td style=\"text-align: center;\">2<\/td>\n<td style=\"text-align: center;\">2<\/td>\n<td style=\"text-align: center;\">11<\/td>\n<td style=\"text-align: center;\"><strong>23<\/strong><\/td>\n<\/tr>\n<tr>\n<td style=\"text-align: left;\"><strong>3<\/strong><\/td>\n<td style=\"text-align: left;\">1. FC Saarbr\u00fccken<\/td>\n<td style=\"text-align: center;\">11<\/td>\n<td style=\"text-align: center;\">5<\/td>\n<td style=\"text-align: center;\">4<\/td>\n<td style=\"text-align: center;\">2<\/td>\n<td style=\"text-align: center;\">5<\/td>\n<td style=\"text-align: center;\"><strong>19<\/strong><\/td>\n<\/tr>\n<tr>\n<td style=\"text-align: left;\"><strong>4<\/strong><\/td>\n<td style=\"text-align: left;\">VfL Osnabr\u00fcck<\/td>\n<td style=\"text-align: center;\">11<\/td>\n<td style=\"text-align: center;\">5<\/td>\n<td style=\"text-align: center;\">4<\/td>\n<td style=\"text-align: center;\">2<\/td>\n<td style=\"text-align: center;\">5<\/td>\n<td style=\"text-align: center;\"><strong>19<\/strong><\/td>\n<\/tr>\n<tr>\n<td style=\"text-align: left;\"><strong>5<\/strong><\/td>\n<td style=\"text-align: left;\">SC Verl<\/td>\n<td style=\"text-align: center;\">11<\/td>\n<td style=\"text-align: center;\">5<\/td>\n<td style=\"text-align: center;\">4<\/td>\n<td style=\"text-align: center;\">2<\/td>\n<td style=\"text-align: center;\">4<\/td>\n<td style=\"text-align: center;\"><strong>19<\/strong><\/td>\n<\/tr>\n<tr>\n<td style=\"text-align: left;\"><strong>6<\/strong><\/td>\n<td style=\"text-align: left;\">Rot-Weiss Essen<\/td>\n<td style=\"text-align: center;\">11<\/td>\n<td style=\"text-align: center;\">5<\/td>\n<td style=\"text-align: center;\">4<\/td>\n<td style=\"text-align: center;\">2<\/td>\n<td style=\"text-align: center;\">3<\/td>\n<td style=\"text-align: center;\"><strong>19<\/strong><\/td>\n<\/tr>\n<tr>\n<td style=\"text-align: left;\"><strong>7<\/strong><\/td>\n<td style=\"text-align: left;\">VfB Stuttgart II<\/td>\n<td style=\"text-align: center;\">11<\/td>\n<td style=\"text-align: center;\">5<\/td>\n<td style=\"text-align: center;\">3<\/td>\n<td style=\"text-align: center;\">3<\/td>\n<td style=\"text-align: center;\">0<\/td>\n<td style=\"text-align: center;\"><strong>18<\/strong><\/td>\n<\/tr>\n<tr>\n<td style=\"text-align: left;\"><strong>8<\/strong><\/td>\n<td style=\"text-align: left;\">TSG 1899 Hoffenheim II<\/td>\n<td style=\"text-align: center;\">11<\/td>\n<td style=\"text-align: center;\">5<\/td>\n<td style=\"text-align: center;\">2<\/td>\n<td style=\"text-align: center;\">4<\/td>\n<td style=\"text-align: center;\">7<\/td>\n<td style=\"text-align: center;\"><strong>17<\/strong><\/td>\n<\/tr>\n<tr>\n<td style=\"text-align: left;\"><strong>9<\/strong><\/td>\n<td style=\"text-align: left;\">Viktoria K\u00f6ln<\/td>\n<td style=\"text-align: center;\">11<\/td>\n<td style=\"text-align: center;\">5<\/td>\n<td style=\"text-align: center;\">2<\/td>\n<td style=\"text-align: center;\">4<\/td>\n<td style=\"text-align: center;\">5<\/td>\n<td style=\"text-align: center;\"><strong>17<\/strong><\/td>\n<\/tr>\n<tr>\n<td style=\"text-align: left;\"><strong>10<\/strong><\/td>\n<td style=\"text-align: left;\">SV Waldhof Mannheim<\/td>\n<td style=\"text-align: center;\">11<\/td>\n<td style=\"text-align: center;\">5<\/td>\n<td style=\"text-align: center;\">1<\/td>\n<td style=\"text-align: center;\">5<\/td>\n<td style=\"text-align: center;\">2<\/td>\n<td style=\"text-align: center;\"><strong>16<\/strong><\/td>\n<\/tr>\n<tr>\n<td style=\"text-align: left;\"><strong>11<\/strong><\/td>\n<td style=\"text-align: left;\"><strong>SV Wehen Wiesbaden<\/strong><\/td>\n<td style=\"text-align: center;\"><strong>11<\/strong><\/td>\n<td style=\"text-align: center;\"><strong>4<\/strong><\/td>\n<td style=\"text-align: center;\"><strong>4<\/strong><\/td>\n<td style=\"text-align: center;\"><strong>3<\/strong><\/td>\n<td style=\"text-align: center;\"><strong>0<\/strong><\/td>\n<td style=\"text-align: center;\"><strong>16<\/strong><\/td>\n<\/tr>\n<tr>\n<td style=\"text-align: left;\"><strong>12<\/strong><\/td>\n<td style=\"text-align: left;\">TSV 1860 M\u00fcnchen<\/td>\n<td style=\"text-align: center;\">11<\/td>\n<td style=\"text-align: center;\">4<\/td>\n<td style=\"text-align: center;\">3<\/td>\n<td style=\"text-align: center;\">4<\/td>\n<td style=\"text-align: center;\">-1<\/td>\n<td style=\"text-align: center;\"><strong>15<\/strong><\/td>\n<\/tr>\n<tr>\n<td style=\"text-align: left;\"><strong>13<\/strong><\/td>\n<td style=\"text-align: left;\">FC Ingolstadt 04<\/td>\n<td style=\"text-align: center;\">11<\/td>\n<td style=\"text-align: center;\">3<\/td>\n<td style=\"text-align: center;\">5<\/td>\n<td style=\"text-align: center;\">3<\/td>\n<td style=\"text-align: center;\">5<\/td>\n<td style=\"text-align: center;\"><strong>14<\/strong><\/td>\n<\/tr>\n<tr>\n<td style=\"text-align: left;\"><strong>14<\/strong><\/td>\n<td style=\"text-align: left;\">F.C. Hansa Rostock<\/td>\n<td style=\"text-align: center;\">11<\/td>\n<td style=\"text-align: center;\">3<\/td>\n<td style=\"text-align: center;\">5<\/td>\n<td style=\"text-align: center;\">3<\/td>\n<td style=\"text-align: center;\">-1<\/td>\n<td style=\"text-align: center;\"><strong>14<\/strong><\/td>\n<\/tr>\n<tr>\n<td style=\"text-align: left;\"><strong>15<\/strong><\/td>\n<td style=\"text-align: left;\">SSV Ulm 1846 Fu\u00dfball<\/td>\n<td style=\"text-align: center;\">11<\/td>\n<td style=\"text-align: center;\">4<\/td>\n<td style=\"text-align: center;\">1<\/td>\n<td style=\"text-align: center;\">6<\/td>\n<td style=\"text-align: center;\">-2<\/td>\n<td style=\"text-align: center;\"><strong>13<\/strong><\/td>\n<\/tr>\n<tr>\n<td style=\"text-align: left;\"><strong>16<\/strong><\/td>\n<td style=\"text-align: left;\">SSV Jahn Regensburg<\/td>\n<td style=\"text-align: center;\">11<\/td>\n<td style=\"text-align: center;\">3<\/td>\n<td style=\"text-align: center;\">2<\/td>\n<td style=\"text-align: center;\">6<\/td>\n<td style=\"text-align: center;\">-6<\/td>\n<td style=\"text-align: center;\"><strong>11<\/strong><\/td>\n<\/tr>\n<tr>\n<td style=\"text-align: left;\"><strong>17<\/strong><\/td>\n<td style=\"text-align: left;\">FC Erzgebirge Aue<\/td>\n<td style=\"text-align: center;\">11<\/td>\n<td style=\"text-align: center;\">3<\/td>\n<td style=\"text-align: center;\">2<\/td>\n<td style=\"text-align: center;\">6<\/td>\n<td style=\"text-align: center;\">-8<\/td>\n<td style=\"text-align: center;\"><strong>11<\/strong><\/td>\n<\/tr>\n<tr>\n<td style=\"text-align: left;\"><strong>18<\/strong><\/td>\n<td style=\"text-align: left;\"><strong>Alemannia Aachen<\/strong><\/td>\n<td style=\"text-align: center;\"><strong>11<\/strong><\/td>\n<td style=\"text-align: center;\"><strong>3<\/strong><\/td>\n<td style=\"text-align: center;\"><strong>1<\/strong><\/td>\n<td style=\"text-align: center;\"><strong>7<\/strong><\/td>\n<td style=\"text-align: center;\"><strong>-4<\/strong><\/td>\n<td style=\"text-align: center;\"><strong>10<\/strong><\/td>\n<\/tr>\n<tr>\n<td style=\"text-align: left;\"><strong>19<\/strong><\/td>\n<td style=\"text-align: left;\">TSV Havelse<\/td>\n<td style=\"text-align: center;\">11<\/td>\n<td style=\"text-align: center;\">0<\/td>\n<td style=\"text-align: center;\">4<\/td>\n<td style=\"text-align: center;\">7<\/td>\n<td style=\"text-align: center;\">-13<\/td>\n<td style=\"text-align: center;\"><strong>4<\/strong><\/td>\n<\/tr>\n<tr>\n<td style=\"text-align: left;\"><strong>20<\/strong><\/td>\n<td style=\"text-align: left;\">1. FC Schweinfurt 05<\/td>\n<td style=\"text-align: center;\">11<\/td>\n<td style=\"text-align: center;\">1<\/td>\n<td style=\"text-align: center;\">0<\/td>\n<td style=\"text-align: center;\">10<\/td>\n<td style=\"text-align: center;\">-23<\/td>\n<td style=\"text-align: center;\"><strong>3<\/strong><\/td>\n<\/tr>\n<p>Folgen Sie <a href=\"https:\/\/news.de\/\" rel=\"nofollow noopener\" target=\"_blank\"><strong>News.de<\/strong><\/a> schon bei <a href=\"https:\/\/www.whatsapp.com\/channel\/0029Va8YJU64dTnSU80eqh2b\" rel=\"nofollow noopener\" target=\"_blank\"><strong>WhatsApp<\/strong><\/a>, <a href=\"https:\/\/www.facebook.com\/News.de\" rel=\"nofollow noopener\" target=\"_blank\"><strong>Facebook<\/strong><\/a>, <a href=\"https:\/\/twitter.com\/news_de\" rel=\"nofollow noopener\" target=\"_blank\"><strong>Twitter<\/strong><\/a>, <a href=\"https:\/\/www.pinterest.de\/newsde\/\" rel=\"nofollow noopener\" target=\"_blank\"><strong>Pinterest<\/strong><\/a> und <a href=\"https:\/\/www.youtube.com\/channel\/UCOzsvCb0KteNrzUboTonVYA\" rel=\"nofollow noopener\" target=\"_blank\"><strong>YouTube<\/strong><\/a>? Hier finden Sie brandhei\u00dfe News, aktuelle Videos und den direkten Draht zur Redaktion.  <\/p>\n<p>+++ Redaktioneller Hinweis: Dieser Bericht der 3. Liga wurde auf der Basis von aktuellen FuPa-Daten generiert und wird nach Abpfiff mit allen Infos zum Spiel aktualisiert. Zeitpunkt der Daten\u00fcbermittlung: 21.10.2025, 19:59 Uhr. Bei Fragen oder Anmerkungen wenden Sie sich bitte an hinweise@news.de +++<\/p>\n<p><a href=\"https:\/\/www.news.de\/autor\/Danny+B%C3%BCchel\/\" rel=\"author nofollow noopener\" target=\"_blank\">bud<\/a>\/roj\/news.de<\/p>\n<p>                    <script async src=\"https:\/\/platform.twitter.com\/widgets.js\" charset=\"utf-8\"><\/script><\/p>\n","protected":false},"excerpt":{"rendered":"An diesem Freitag Abend bekommen es die Wiesbadner zu Hause mit dem Tabellen-Achtzehnten aus Aachen zutun. Im heimischen&hellip;\n","protected":false},"author":2,"featured_media":119117,"comment_status":"","ping_status":"","sticky":false,"template":"","format":"standard","meta":{"footnotes":""},"categories":[1853],"tags":[1424,3364,29,548,663,3934,30,13,14,15,1209,12,265],"class_list":{"0":"post-516364","1":"post","2":"type-post","3":"status-publish","4":"format-standard","5":"has-post-thumbnail","7":"category-aachen","8":"tag-aachen","9":"tag-de","10":"tag-deutschland","11":"tag-eu","12":"tag-europa","13":"tag-europe","14":"tag-germany","15":"tag-headlines","16":"tag-nachrichten","17":"tag-news","18":"tag-nordrhein-westfalen","19":"tag-schlagzeilen","20":"tag-sport"},"share_on_mastodon":{"url":"https:\/\/pubeurope.com\/@de\/115413497433194579","error":""},"_links":{"self":[{"href":"https:\/\/www.europesays.com\/de\/wp-json\/wp\/v2\/posts\/516364","targetHints":{"allow":["GET"]}}],"collection":[{"href":"https:\/\/www.europesays.com\/de\/wp-json\/wp\/v2\/posts"}],"about":[{"href":"https:\/\/www.europesays.com\/de\/wp-json\/wp\/v2\/types\/post"}],"author":[{"embeddable":true,"href":"https:\/\/www.europesays.com\/de\/wp-json\/wp\/v2\/users\/2"}],"replies":[{"embeddable":true,"href":"https:\/\/www.europesays.com\/de\/wp-json\/wp\/v2\/comments?post=516364"}],"version-history":[{"count":0,"href":"https:\/\/www.europesays.com\/de\/wp-json\/wp\/v2\/posts\/516364\/revisions"}],"wp:featuredmedia":[{"embeddable":true,"href":"https:\/\/www.europesays.com\/de\/wp-json\/wp\/v2\/media\/119117"}],"wp:attachment":[{"href":"https:\/\/www.europesays.com\/de\/wp-json\/wp\/v2\/media?parent=516364"}],"wp:term":[{"taxonomy":"category","embeddable":true,"href":"https:\/\/www.europesays.com\/de\/wp-json\/wp\/v2\/categories?post=516364"},{"taxonomy":"post_tag","embeddable":true,"href":"https:\/\/www.europesays.com\/de\/wp-json\/wp\/v2\/tags?post=516364"}],"curies":[{"name":"wp","href":"https:\/\/api.w.org\/{rel}","templated":true}]}}