{"id":516399,"date":"2025-10-21T18:28:18","date_gmt":"2025-10-21T18:28:18","guid":{"rendered":"https:\/\/www.europesays.com\/de\/516399\/"},"modified":"2025-10-21T18:28:18","modified_gmt":"2025-10-21T18:28:18","slug":"ukraine-krieg-us-medien-trump-putin-treffen-in-budapest-wieder-unklar-politik","status":"publish","type":"post","link":"https:\/\/www.europesays.com\/de\/516399\/","title":{"rendered":"Ukraine-Krieg &#8211; US-Medien: Trump-Putin-Treffen in Budapest wieder unklar &#8211; Politik"},"content":{"rendered":"<p data-manual=\"paragraph\" data-schema-org-speakable=\"true\" class=\"css-1eosz7k\">Washington (dpa) &#8211; Das von US-Pr\u00e4sident Donald Trump geplante Treffen mit Kremlchef Wladimir Putin in Budapest soll nach US-Medienberichten auf Eis liegen oder sich zumindest verz\u00f6gern. Das US-Medium \u201ePolitico\u201c schrieb unter Berufung auf das Wei\u00dfe Haus, dass nach einem Gespr\u00e4ch von US-Au\u00dfenminister Marco Rubio mit dem russischen Amtskollegen Sergej Lawrow ein Treffen in naher Zukunft nicht mehr vorgesehen sei.<\/p>\n<p data-manual=\"paragraph\" data-schema-org-speakable=\"true\" class=\"css-1eosz7k\">Der TV-Sender CNN berichtete ebenfalls, dass sich das Treffen Putin-Trump verz\u00f6gern k\u00f6nnte. Ein Vor-Treffen zwischen Rubio und Lawrow sei auf Eis gelegt worden, berichtete der Sender unter Berufung auf das Wei\u00dfe Haus.<\/p>\n<p data-manual=\"paragraph\" data-schema-org-speakable=\"true\" class=\"css-1eosz7k\">NBC News berichtete ebenfalls unter Berufung auf das Wei\u00dfe Haus, dass ein Telefonat zwischen Rubio und Lawrow am Montag zwar \u201eproduktiv\u201c gewesen sei, <a href=\"https:\/\/www.sueddeutsche.de\/thema\/Russland\" target=\"_blank\" rel=\"noopener\">Russland<\/a> und die <a href=\"https:\/\/www.sueddeutsche.de\/thema\/Ukraine\" target=\"_blank\" rel=\"noopener\">Ukraine<\/a> in dem Konflikt aber nicht bereit seien, ernsthafte Friedensgespr\u00e4che zu f\u00fchren. Die \u201eWashington Post\u201c schrieb ebenso, dass es keine Pl\u00e4ne f\u00fcr ein Treffen in naher Zukunft gebe.\u00a0<\/p>\n<p data-manual=\"paragraph\" data-schema-org-speakable=\"true\" class=\"css-1eosz7k\">Eine Anfrage der Deutschen Presse-Agentur beim Wei\u00dfen Haus und beim Au\u00dfenministerium blieb zun\u00e4chst unbeantwortet.\u00a0<\/p>\n<p data-manual=\"paragraph\" data-schema-org-speakable=\"true\" class=\"css-1eosz7k\">Trump hatte am Donnerstag bekanntgemacht, dass er sich mit Putin in der ungarischen Hauptstadt Budapest treffen wolle, um \u00fcber den Ukraine-Krieg zu sprechen. Einen Zeitpunkt hatte der Republikaner nicht genannt &#8211; sprach kurz darauf aber von \u201ewahrscheinlich in den n\u00e4chsten zwei Wochen\u201c.<\/p>\n<p data-manual=\"paragraph\" data-schema-org-speakable=\"true\" class=\"css-1eosz7k\">\u00a9 dpa-infocom, dpa:251021-930-186538\/5<\/p>\n","protected":false},"excerpt":{"rendered":"Washington (dpa) &#8211; Das von US-Pr\u00e4sident Donald Trump geplante Treffen mit Kremlchef Wladimir Putin in Budapest soll nach&hellip;\n","protected":false},"author":2,"featured_media":516400,"comment_status":"","ping_status":"","sticky":false,"template":"","format":"standard","meta":{"footnotes":""},"categories":[4012],"tags":[331,332,147,508,13,8221,4046,14,15,16,139,307,12,149,317,64],"class_list":{"0":"post-516399","1":"post","2":"type-post","3":"status-publish","4":"format-standard","5":"has-post-thumbnail","7":"category-ukraine","8":"tag-aktuelle-nachrichten","9":"tag-aktuelle-news","10":"tag-ausland","11":"tag-diplomatie","12":"tag-headlines","13":"tag-konflikte","14":"tag-krieg","15":"tag-nachrichten","16":"tag-news","17":"tag-politik","18":"tag-regierung","19":"tag-russland","20":"tag-schlagzeilen","21":"tag-sueddeutsche-zeitung","22":"tag-ukraine","23":"tag-usa"},"share_on_mastodon":{"url":"https:\/\/pubeurope.com\/@de\/115413575588740279","error":""},"_links":{"self":[{"href":"https:\/\/www.europesays.com\/de\/wp-json\/wp\/v2\/posts\/516399","targetHints":{"allow":["GET"]}}],"collection":[{"href":"https:\/\/www.europesays.com\/de\/wp-json\/wp\/v2\/posts"}],"about":[{"href":"https:\/\/www.europesays.com\/de\/wp-json\/wp\/v2\/types\/post"}],"author":[{"embeddable":true,"href":"https:\/\/www.europesays.com\/de\/wp-json\/wp\/v2\/users\/2"}],"replies":[{"embeddable":true,"href":"https:\/\/www.europesays.com\/de\/wp-json\/wp\/v2\/comments?post=516399"}],"version-history":[{"count":0,"href":"https:\/\/www.europesays.com\/de\/wp-json\/wp\/v2\/posts\/516399\/revisions"}],"wp:featuredmedia":[{"embeddable":true,"href":"https:\/\/www.europesays.com\/de\/wp-json\/wp\/v2\/media\/516400"}],"wp:attachment":[{"href":"https:\/\/www.europesays.com\/de\/wp-json\/wp\/v2\/media?parent=516399"}],"wp:term":[{"taxonomy":"category","embeddable":true,"href":"https:\/\/www.europesays.com\/de\/wp-json\/wp\/v2\/categories?post=516399"},{"taxonomy":"post_tag","embeddable":true,"href":"https:\/\/www.europesays.com\/de\/wp-json\/wp\/v2\/tags?post=516399"}],"curies":[{"name":"wp","href":"https:\/\/api.w.org\/{rel}","templated":true}]}}