{"id":516473,"date":"2025-10-21T19:07:16","date_gmt":"2025-10-21T19:07:16","guid":{"rendered":"https:\/\/www.europesays.com\/de\/516473\/"},"modified":"2025-10-21T19:07:16","modified_gmt":"2025-10-21T19:07:16","slug":"ber-bietet-ab-sonntag-neue-direktverbindungen","status":"publish","type":"post","link":"https:\/\/www.europesays.com\/de\/516473\/","title":{"rendered":"BER bietet ab Sonntag neue Direktverbindungen"},"content":{"rendered":"<p>Mit Beginn des Winterflugplans 2025\/26 am kommenden Sonntag erweitert der Flughafen Berlin-Brandenburg (BER) sein Angebot um neue Ziele. Insgesamt fliegen 70 Fluggesellschaften zu 130 Zielen in 50 L\u00e4ndern, teilte der Flughafen am Dienstag mit.<\/p>\n<p>Neu im Programm sind unter anderem w\u00f6chentlich drei Fl\u00fcge von Eurowings in die Hauptstadt der Vereinigten Arabischen Emirate, Abu Dhabi. Au\u00dferdem soll es mehr Fl\u00fcge nach Dubai geben.<\/p>\n<p>Die Top-Reisel\u00e4nder ab dem BER seien Spanien, das Vereinigte K\u00f6nigreich, die T\u00fcrkei, Italien und die Schweiz, so der Flughafen. Bei den einzelnen Anbietern gebe es etwa neue zus\u00e4tzliche Angebote bei Condor, die ihr Flugangebot ab dem BER im Winterflugplan deutlich erweitert habe. So fliege die Gesellschaft k\u00fcnftig f\u00fcnfmal t\u00e4glich beziehungsweise 35-mal pro Woche vom Hauptstadtflughafen, darunter dreimal am Tag nach Frankfurt am Main, so die Mitteilung des <a href=\"https:\/\/www.rbb24.de\/thema\/flughafen-berlin-brandenburg\/\" target=\"_blank\" rel=\"noopener\">BER.<\/a><\/p>\n<p>Die Gesellschaft Easyjet fliegt dem BER zufolge mit dem neuen Flugplan zweimal pro Woche jeweils montags und freitags nach Sevilla im S\u00fcden Spaniens. Ganz neu sei zudem, dass Easyjet ab November mit London Southend eine neue Verbindung in die britische Hauptstadt aufnimmt.<\/p>\n<p>Der Winterflugplan ist bis zum 29. M\u00e4rz 2026 g\u00fcltig.<\/p>\n","protected":false},"excerpt":{"rendered":"Mit Beginn des Winterflugplans 2025\/26 am kommenden Sonntag erweitert der Flughafen Berlin-Brandenburg (BER) sein Angebot um neue Ziele.&hellip;\n","protected":false},"author":2,"featured_media":516474,"comment_status":"","ping_status":"","sticky":false,"template":"","format":"standard","meta":{"footnotes":""},"categories":[1816],"tags":[1960,1958,1959,1957,1956,1890,29,30],"class_list":{"0":"post-516473","1":"post","2":"type-post","3":"status-publish","4":"format-standard","5":"has-post-thumbnail","7":"category-brandenburg","8":"tag-aktuelle-nachrichten-aus-berlin-und-brandenburg","9":"tag-aktuelle-nachrichten-aus-brandenburg","10":"tag-aktuelle-news-aus-berlin-und-brandenburg","11":"tag-aktuelle-news-aus-brandenburg","12":"tag-berlin-und-brandenburg","13":"tag-brandenburg","14":"tag-deutschland","15":"tag-germany"},"share_on_mastodon":{"url":"https:\/\/pubeurope.com\/@de\/115413729023746735","error":""},"_links":{"self":[{"href":"https:\/\/www.europesays.com\/de\/wp-json\/wp\/v2\/posts\/516473","targetHints":{"allow":["GET"]}}],"collection":[{"href":"https:\/\/www.europesays.com\/de\/wp-json\/wp\/v2\/posts"}],"about":[{"href":"https:\/\/www.europesays.com\/de\/wp-json\/wp\/v2\/types\/post"}],"author":[{"embeddable":true,"href":"https:\/\/www.europesays.com\/de\/wp-json\/wp\/v2\/users\/2"}],"replies":[{"embeddable":true,"href":"https:\/\/www.europesays.com\/de\/wp-json\/wp\/v2\/comments?post=516473"}],"version-history":[{"count":0,"href":"https:\/\/www.europesays.com\/de\/wp-json\/wp\/v2\/posts\/516473\/revisions"}],"wp:featuredmedia":[{"embeddable":true,"href":"https:\/\/www.europesays.com\/de\/wp-json\/wp\/v2\/media\/516474"}],"wp:attachment":[{"href":"https:\/\/www.europesays.com\/de\/wp-json\/wp\/v2\/media?parent=516473"}],"wp:term":[{"taxonomy":"category","embeddable":true,"href":"https:\/\/www.europesays.com\/de\/wp-json\/wp\/v2\/categories?post=516473"},{"taxonomy":"post_tag","embeddable":true,"href":"https:\/\/www.europesays.com\/de\/wp-json\/wp\/v2\/tags?post=516473"}],"curies":[{"name":"wp","href":"https:\/\/api.w.org\/{rel}","templated":true}]}}