{"id":516911,"date":"2025-10-21T23:13:21","date_gmt":"2025-10-21T23:13:21","guid":{"rendered":"https:\/\/www.europesays.com\/de\/516911\/"},"modified":"2025-10-21T23:13:21","modified_gmt":"2025-10-21T23:13:21","slug":"rbb24-brandenburg-aktuell-vom-21-10-2025","status":"publish","type":"post","link":"https:\/\/www.europesays.com\/de\/516911\/","title":{"rendered":"rbb24 Brandenburg aktuell vom 21.10.2025"},"content":{"rendered":"<p>\tweitere Themen der Sendung<\/p>\n<p class=\"manualteaserroofline\">Gefl\u00fcgelpest<\/p>\n<p>\t\t<a href=\"https:\/\/www.rbb-online.de\/brandenburgaktuell\/archiv\/20251021_1930\/Vogelgrippe-neue-Faelle.html\" class=\"sendeplatz\" target=\"_blank\" rel=\"noopener\"><br \/>\n\t\tEtwa 6.200 Puten wegen Vogelgrippe get\u00f6tet<\/p>\n<p>\t\t<\/a><\/p>\n<p>Die Gefl\u00fcgelpest, auch Vogelgrippe genannt, breitet sich in Brandenburg weiter aus und hat teils dramatische Folgen. Im Amt Beetzsee mussten nun etwa 6.200 Tiere in einem &#8230;<\/p>\n<p class=\"manualteaserroofline\">Brandmauerdebatte <\/p>\n<p>\t\t<a href=\"https:\/\/www.rbb-online.de\/brandenburgaktuell\/archiv\/20251021_1930\/Brandmauerdebatte.html\" class=\"sendeplatz\" target=\"_blank\" rel=\"noopener\"><br \/>\n\t\tWoidkes Aussage zur AfD sorgt f\u00fcr Diskussionen <\/p>\n<p>\t\t<\/a><\/p>\n<p>Brandenburgs Ministerpr\u00e4sident Dietmar Woidke (SPD) kann sich unter bestimmten Voraussetzungen eine Zusammenarbeit mit der AfD vorstellen. Mit dieser Ansage hat er eine &#8230;<\/p>\n<p>\t\t<a href=\"https:\/\/www.rbb-online.de\/brandenburgaktuell\/archiv\/20251021_1930\/Nachrichten-eins.html\" class=\"sendeplatz\" target=\"_blank\" rel=\"noopener\"><br \/>\n\t\tNACHRICHTEN I\t<\/p>\n<p>\t\t<\/a><\/p>\n<p>+++ Fall der vermissten Sch\u00fclerin Rebecca aus Berlin: Polizei durchsucht leerstehenden Bauernhof in Herzberg +++ Mutma\u00dflicher Brandanschlag auf queeres Zentrum in Cottbus +++ &#8230;<\/p>\n<p class=\"manualteaserroofline\">Teile hergestellt in Potsdam<\/p>\n<p>\t\t<a href=\"https:\/\/www.rbb-online.de\/brandenburgaktuell\/archiv\/20251021_1930\/4MOST-in-Betrieb-genommen.html\" class=\"sendeplatz\" target=\"_blank\" rel=\"noopener\"><br \/>\n\t\t&#8222;4MOST&#8220;-Teleskop in Betrieb genommen<\/p>\n<p>\t\t<\/a><\/p>\n<p>Das neue spektroskopische Teleskop \u201e4MOST\u201c hat nach rund 15 Jahren Vorbereitung seine Arbeit in Chile aufgenommen. Es wird nun tief ins All blicken und Geheimnissen des &#8230;<\/p>\n<p class=\"manualteaserroofline\">Bis zu 1.000 Meter tief<\/p>\n<p>\t\t<a href=\"https:\/\/www.rbb-online.de\/brandenburgaktuell\/archiv\/20251021_1930\/Geothermie-Bohrungen.html\" class=\"sendeplatz\" target=\"_blank\" rel=\"noopener\"><br \/>\n\t\tGeothermie-Bohrungen in Prenzlau gestartet\t<\/p>\n<p>\t\t<\/a><\/p>\n<p>In Prenzlau wird derzeit f\u00fcr ein Geothermie-Projekt bis zu 1.000 Meter tief gebohrt. Die Stadt will k\u00fcnftig rund 5.500 Haushalte klimafreundlich und kosteng\u00fcnstig mit &#8230;<\/p>\n<p class=\"manualteaserroofline\">Frankfurt (Oder)<\/p>\n<p>\t\t<a href=\"https:\/\/www.rbb-online.de\/brandenburgaktuell\/archiv\/20251021_1930\/Ehrung-Fritz-Krause-spaltet-Frankfurt-Oder.html\" class=\"sendeplatz\" target=\"_blank\" rel=\"noopener\"><br \/>\n\t\tFr\u00fcherer SED-Oberb\u00fcrgermeister Fritz Krause soll geehrt werden<\/p>\n<p>\t\t<\/a><\/p>\n<p>Die Frankfurter Marienkirche entging zu DDR-Zeiten nur knapp dem Abriss \u2013 dank des damaligen Oberb\u00fcrgermeisters Fritz Krause. Auf Initiative der Linken und einer Frankfurter &#8230;<\/p>\n<p>\t\t<a href=\"https:\/\/www.rbb-online.de\/brandenburgaktuell\/archiv\/20251021_1930\/Nachrichten-zwei.html\" class=\"sendeplatz\" target=\"_blank\" rel=\"noopener\"><br \/>\n\t\tNACHRICHTEN II\t<\/p>\n<p>\t\t<\/a><\/p>\n<p>+++ Wandlitz \u00fcbernimmt f\u00fcr zwei Jahre Bogensee-Areal +++ EU-Parlament hat neue Regeln f\u00fcr den EU-F\u00fchrerschein beschlossen +++ Baustart f\u00fcr neue Schleuse Friedenthal verk\u00fcndet &#8230;<\/p>\n<p class=\"manualteaserroofline\">Festival der 7 D\u00f6rfer<\/p>\n<p>\t\t<a href=\"https:\/\/www.rbb-online.de\/brandenburgaktuell\/archiv\/20251021_1930\/Festival-der-7-Doerfer.html\" class=\"sendeplatz\" target=\"_blank\" rel=\"noopener\"><br \/>\n\t\tKunstfestival spaltet Lausitzer D\u00f6rfer<\/p>\n<p>\t\t<\/a><\/p>\n<p>Beim &#8222;Festival der 7 D\u00f6rfer\u201c sollen Kunstschaffende und Dorfbewohner gemeinsam Kunst machen. Die Idee kam in den teilnehmenden D\u00f6rfern zun\u00e4chst gut an und wurde mit &#8230;<\/p>\n<p class=\"manualteaserroofline\">Binnend\u00fcne Waltersberge<\/p>\n<p>\t\t<a href=\"https:\/\/www.rbb-online.de\/brandenburgaktuell\/archiv\/20251021_1930\/Wetter-Binnenduene.html\" class=\"sendeplatz\" target=\"_blank\" rel=\"noopener\"><br \/>\n\t\tDas Brandenburgwetter<\/p>\n<p>\t\t<\/a><\/p>\n<p>Um D\u00fcnen zu erleben, muss man nicht weit fahren \u2013 denn es gibt sie auch in Brandenburg. Unsere Wetterreporterin Joana\u202fJambor ist bei Storkow unterwegs und zeigt, wie auf der &#8230;<\/p>\n","protected":false},"excerpt":{"rendered":"weitere Themen der Sendung Gefl\u00fcgelpest Etwa 6.200 Puten wegen Vogelgrippe get\u00f6tet Die Gefl\u00fcgelpest, auch Vogelgrippe genannt, breitet sich&hellip;\n","protected":false},"author":2,"featured_media":163002,"comment_status":"","ping_status":"","sticky":false,"template":"","format":"standard","meta":{"footnotes":""},"categories":[1816],"tags":[1960,1958,1959,1957,1956,1890,29,30],"class_list":{"0":"post-516911","1":"post","2":"type-post","3":"status-publish","4":"format-standard","5":"has-post-thumbnail","7":"category-brandenburg","8":"tag-aktuelle-nachrichten-aus-berlin-und-brandenburg","9":"tag-aktuelle-nachrichten-aus-brandenburg","10":"tag-aktuelle-news-aus-berlin-und-brandenburg","11":"tag-aktuelle-news-aus-brandenburg","12":"tag-berlin-und-brandenburg","13":"tag-brandenburg","14":"tag-deutschland","15":"tag-germany"},"share_on_mastodon":{"url":"https:\/\/pubeurope.com\/@de\/115414696325232007","error":""},"_links":{"self":[{"href":"https:\/\/www.europesays.com\/de\/wp-json\/wp\/v2\/posts\/516911","targetHints":{"allow":["GET"]}}],"collection":[{"href":"https:\/\/www.europesays.com\/de\/wp-json\/wp\/v2\/posts"}],"about":[{"href":"https:\/\/www.europesays.com\/de\/wp-json\/wp\/v2\/types\/post"}],"author":[{"embeddable":true,"href":"https:\/\/www.europesays.com\/de\/wp-json\/wp\/v2\/users\/2"}],"replies":[{"embeddable":true,"href":"https:\/\/www.europesays.com\/de\/wp-json\/wp\/v2\/comments?post=516911"}],"version-history":[{"count":0,"href":"https:\/\/www.europesays.com\/de\/wp-json\/wp\/v2\/posts\/516911\/revisions"}],"wp:featuredmedia":[{"embeddable":true,"href":"https:\/\/www.europesays.com\/de\/wp-json\/wp\/v2\/media\/163002"}],"wp:attachment":[{"href":"https:\/\/www.europesays.com\/de\/wp-json\/wp\/v2\/media?parent=516911"}],"wp:term":[{"taxonomy":"category","embeddable":true,"href":"https:\/\/www.europesays.com\/de\/wp-json\/wp\/v2\/categories?post=516911"},{"taxonomy":"post_tag","embeddable":true,"href":"https:\/\/www.europesays.com\/de\/wp-json\/wp\/v2\/tags?post=516911"}],"curies":[{"name":"wp","href":"https:\/\/api.w.org\/{rel}","templated":true}]}}