{"id":516942,"date":"2025-10-21T23:33:11","date_gmt":"2025-10-21T23:33:11","guid":{"rendered":"https:\/\/www.europesays.com\/de\/516942\/"},"modified":"2025-10-21T23:33:11","modified_gmt":"2025-10-21T23:33:11","slug":"ex-praesident-in-krebsbehandlung-joe-biden-hat-strahlentherapie-abgeschlossen","status":"publish","type":"post","link":"https:\/\/www.europesays.com\/de\/516942\/","title":{"rendered":"Ex-Pr\u00e4sident in Krebsbehandlung: Joe Biden hat Strahlentherapie abgeschlossen"},"content":{"rendered":"<p>                    Ex-Pr\u00e4sident in Krebsbehandlung<br \/>\n                Joe Biden hat Strahlentherapie abgeschlossen<\/p>\n<p>\t\t\t\t              21.10.2025, 22:23 Uhr<\/p>\n<p>\t\t\t\t\t       Artikel anh\u00f6ren<\/p>\n<p>\t\t\t\t\t\t\tDiese Audioversion wurde k\u00fcnstlich generiert. <a href=\"https:\/\/www.n-tv.de\/23249898\" target=\"_blank\" rel=\"noopener\">Mehr Infos<\/a><\/p>\n<p><strong>Joe Biden leidet unter einer aggressiven Form von Prostatakrebs. Zur Behandlung unterzieht sich der fr\u00fchere US-Pr\u00e4sident einer Strahlentherapie. Diese ist nun beendet. Von einer vollst\u00e4ndigen Genesung kann allerdings keine Rede sein.<\/strong><\/p>\n<p>Joe Biden hat seine Strahlentherapie gegen Krebs abgeschlossen und die traditionelle Glocke gel\u00e4utet. Der ehemalige US-Pr\u00e4sident war bei diesem besonderen Moment von seiner Familie umgeben, wie seine Tochter Ashley Biden in ihrer Instagram-Story zeigte. In blauem Anzug und Krawatte steht der 82-J\u00e4hrige vor der Glocke, w\u00e4hrend \u00c4rzte applaudieren.<\/p>\n<p>&#8222;Die Glocke gel\u00e4utet! Danke an die unglaublichen \u00c4rzte, Krankenschwestern und Mitarbeiter der Penn Medicine&#8220;, schrieb Ashley zu dem Video. &#8222;Wir sind so dankbar!&#8220; Sie teilte au\u00dferdem ein Foto ihres Vaters mit einem seiner \u00c4rzte sowie ein Familienbild, auf dem Biden neben seiner Ehefrau Jill und zwei seiner Enkelkinder, Natalie und Robert &#8222;Hunter&#8220; Biden II., den Kindern seines verstorbenen Sohnes Beau, l\u00e4chelt. &#8222;Papa war so verdammt tapfer w\u00e4hrend seiner Behandlung. Dankbar&#8220;, kommentierte Ashley das Bild.<\/p>\n<p>Bidens Krebs scheint hormonsensitiv<\/p>\n<p>Das L\u00e4uten der Glocke ist vor allem in den USA eine Tradition f\u00fcr Krebspatienten, die vermutlich 1996 am MD Anderson Cancer Center der University of Texas begann. Laut der Website des MD Anderson Centers war Irve Le Moyne, ein Konteradmiral der US Navy, wegen Kopf- und Halskrebs in Strahlentherapie und erz\u00e4hlte seinem Arzt, dass er eine Glocke l\u00e4uten w\u00fcrde, &#8222;wenn die Arbeit getan ist&#8220; &#8211; eine Marine-Tradition.<\/p>\n<p>Eine Sprecherin Bidens best\u00e4tigte gegen\u00fcber CBS News: &#8222;Er hat heute die Glocke gel\u00e4utet.&#8220; Dies markiere das Ende der Strahlenphase, bedeute aber laut seinem B\u00fcro nicht das Ende der gesamten Krebstherapie. Weitere Behandlungen, darunter eine laufende Hormontherapie, sind Teil des Plans. ABC News best\u00e4tigte ebenfalls, dass Biden seine Strahlentherapie am 20. Oktober abgeschlossen hat. Von einer vollst\u00e4ndigen Genesung oder Heilung k\u00f6nne derzeit aber keine Rede sein.<\/p>\n<p>Am 18. Mai 2025 hatte Bidens pers\u00f6nliches B\u00fcro in einer Erkl\u00e4rung bekannt gegeben, dass bei dem langj\u00e4hrigen Politiker eine aggressive Form von Prostatakrebs diagnostiziert worden war, der sich auf die Knochen ausgebreitet hatte. Die positive Nachricht damals: &#8222;Der Krebs scheint hormonsensitiv zu sein, was eine effektive Behandlung erm\u00f6glicht&#8220;, so Bidens B\u00fcro. Biden hatte zuvor wegen Symptomen beim Wasserlassen \u00e4rztliche Hilfe gesucht.<\/p>\n<p>\u00c4rzte bewerten die Aggressivit\u00e4t von Prostatakrebs mit dem sogenannten Gleason-Score, der von 6 bis 10 reicht. Werte von 8 bis 10 deuten auf besonders schnell wachsende oder aggressive Erkrankungen hin. Bidens B\u00fcro gab an, sein Score liege bei 9 und geh\u00f6re damit zu den aggressivsten Formen.<\/p>\n<p>In Interviews \u00e4u\u00dferte sich Sohn Hunter Biden im Sommer 2025 \u00fcber die schwere Erkrankung seines Vaters und sprach von der Belastung f\u00fcr die Familie. Aussagen \u00fcber konkrete medizinische Details oder Heilungsaussichten wurden \u00f6ffentlich nicht best\u00e4tigt. Biden hatte Anfang Oktober eine f\u00fcnfw\u00f6chige Strahlentherapie als Teil seines laufenden Behandlungsplans begonnen, der auch eine Hormontherapie umfasst.<\/p>\n","protected":false},"excerpt":{"rendered":"Ex-Pr\u00e4sident in Krebsbehandlung Joe Biden hat Strahlentherapie abgeschlossen 21.10.2025, 22:23 Uhr Artikel anh\u00f6ren Diese Audioversion wurde k\u00fcnstlich generiert.&hellip;\n","protected":false},"author":2,"featured_media":516943,"comment_status":"","ping_status":"","sticky":false,"template":"","format":"standard","meta":{"footnotes":""},"categories":[3],"tags":[13,6555,14,15,16,19001,12,10,8,9,11,64,103,104],"class_list":{"0":"post-516942","1":"post","2":"type-post","3":"status-publish","4":"format-standard","5":"has-post-thumbnail","7":"category-welt","8":"tag-headlines","9":"tag-joe-biden","10":"tag-nachrichten","11":"tag-news","12":"tag-politik","13":"tag-prostatakrebs","14":"tag-schlagzeilen","15":"tag-top-news","16":"tag-top-meldungen","17":"tag-topmeldungen","18":"tag-topnews","19":"tag-usa","20":"tag-welt","21":"tag-world"},"share_on_mastodon":{"url":"https:\/\/pubeurope.com\/@de\/115414774902410848","error":""},"_links":{"self":[{"href":"https:\/\/www.europesays.com\/de\/wp-json\/wp\/v2\/posts\/516942","targetHints":{"allow":["GET"]}}],"collection":[{"href":"https:\/\/www.europesays.com\/de\/wp-json\/wp\/v2\/posts"}],"about":[{"href":"https:\/\/www.europesays.com\/de\/wp-json\/wp\/v2\/types\/post"}],"author":[{"embeddable":true,"href":"https:\/\/www.europesays.com\/de\/wp-json\/wp\/v2\/users\/2"}],"replies":[{"embeddable":true,"href":"https:\/\/www.europesays.com\/de\/wp-json\/wp\/v2\/comments?post=516942"}],"version-history":[{"count":0,"href":"https:\/\/www.europesays.com\/de\/wp-json\/wp\/v2\/posts\/516942\/revisions"}],"wp:featuredmedia":[{"embeddable":true,"href":"https:\/\/www.europesays.com\/de\/wp-json\/wp\/v2\/media\/516943"}],"wp:attachment":[{"href":"https:\/\/www.europesays.com\/de\/wp-json\/wp\/v2\/media?parent=516942"}],"wp:term":[{"taxonomy":"category","embeddable":true,"href":"https:\/\/www.europesays.com\/de\/wp-json\/wp\/v2\/categories?post=516942"},{"taxonomy":"post_tag","embeddable":true,"href":"https:\/\/www.europesays.com\/de\/wp-json\/wp\/v2\/tags?post=516942"}],"curies":[{"name":"wp","href":"https:\/\/api.w.org\/{rel}","templated":true}]}}