{"id":516960,"date":"2025-10-21T23:42:29","date_gmt":"2025-10-21T23:42:29","guid":{"rendered":"https:\/\/www.europesays.com\/de\/516960\/"},"modified":"2025-10-21T23:42:29","modified_gmt":"2025-10-21T23:42:29","slug":"filiale-an-der-feldstrasse-geschlossen","status":"publish","type":"post","link":"https:\/\/www.europesays.com\/de\/516960\/","title":{"rendered":"Filiale an der Feldstra\u00dfe geschlossen"},"content":{"rendered":"<p>\tKik Herten: Filiale an der Feldstra\u00dfe geschlossen<\/p>\n<p>    <a class=\"skip-link screen-reader-text\" href=\"#content\">Zum Inhalt springen<\/a><br \/>\n    <a class=\"skip-link screen-reader-text\" href=\"#site-navigation\">Zur Navigation springen<\/a><\/p>\n<p>\t\tKik-Filiale in Herten leerger\u00e4umt<br \/>\n\t\t\t\t\tContainer deuten auf Schlie\u00dfung hin<\/p>\n<p>\t\t<img alt=\"\" src=\"https:\/\/www.europesays.com\/de\/wp-content\/uploads\/2025\/04\/630_0036_1087901_.jpg\"  class=\"avatar avatar-36 photo avatar-default\" height=\"36\" width=\"36\" loading=\"eager\" decoding=\"async\"\/>\t\t<a class=\"article-author__name\" href=\"https:\/\/www.hertener-allgemeine.de\/author\/meike-holz\/\" rel=\"author nofollow noopener\" target=\"_blank\">Meike Holz<\/a><br \/>\n\t\tFotografin<\/p>\n<p>    <a href=\"https:\/\/www.hertener-allgemeine.de\/wp-content\/uploads\/2025\/10\/20\/07\/630_0900_5193883_-1648x824.jpg\" rel=\"nofollow noopener\" target=\"_blank\"><\/p>\n<p>            <img decoding=\"async\" fetchpriority=\"high\" src=\"https:\/\/www.europesays.com\/de\/wp-content\/uploads\/2025\/10\/630_0900_5193877_-640x428.jpg\" width=\"640\" height=\"428\"  alt=\"\"\/><\/p>\n<p>    <\/a><br \/>\n    Der Textildiscounter kik hat mutma\u00dflich seine Filiale an der Feldstra\u00dfe in Langenbochum aufgegeben. \u00a9 Meike Holz<\/p>\n<p class=\"article__teaser-text\">Wo fr\u00fcher Modeangebote lockten, stehen jetzt Container: Die Kik-Filiale an der Feldstra\u00dfe in Herten-Langenbochum scheint endg\u00fcltig Geschichte zu sein.<\/p>\n<p>1 Min Lesezeit<\/p>\n<p>Wir haben festgestellt, dass Sie den Hohen Kontrast-Modus nutzen. Wir haben ihn darum auch auf unserer Seite f\u00fcr sie aktiviert:<\/p>\n<p>            Hoher Kontrast Modus\n        <\/p>\n<p>Sie k\u00f6nnen Ihn im <strong> Men\u00fc<\/strong> jederzeit ausschalten.<\/p>\n<p>    Alles klar<\/p>\n<p class=\"boxed centered\">\n\t\tSie sind bereits registriert?<br \/><a href=\"https:\/\/www.hertener-allgemeine.de\/login\/?redirect_to=http:\/\/herten\/kik-herten-filiale-feldstrasse-langenbochum-geschlossen-container-w1091563-8001117744\" rel=\"nofollow noopener\" target=\"_blank\">Hier einloggen<\/a>\n\t<\/p>\n","protected":false},"excerpt":{"rendered":"Kik Herten: Filiale an der Feldstra\u00dfe geschlossen Zum Inhalt springen Zur Navigation springen Kik-Filiale in Herten leerger\u00e4umt Container&hellip;\n","protected":false},"author":2,"featured_media":516961,"comment_status":"","ping_status":"","sticky":false,"template":"","format":"standard","meta":{"footnotes":""},"categories":[1848],"tags":[3364,29,548,663,3934,3658,30,13,128336,14,15,1209,12,173],"class_list":{"0":"post-516960","1":"post","2":"type-post","3":"status-publish","4":"format-standard","5":"has-post-thumbnail","7":"category-gelsenkirchen","8":"tag-de","9":"tag-deutschland","10":"tag-eu","11":"tag-europa","12":"tag-europe","13":"tag-gelsenkirchen","14":"tag-germany","15":"tag-headlines","16":"tag-kik-herten","17":"tag-nachrichten","18":"tag-news","19":"tag-nordrhein-westfalen","20":"tag-schlagzeilen","21":"tag-unternehmen"},"share_on_mastodon":{"url":"https:\/\/pubeurope.com\/@de\/115414810781966847","error":""},"_links":{"self":[{"href":"https:\/\/www.europesays.com\/de\/wp-json\/wp\/v2\/posts\/516960","targetHints":{"allow":["GET"]}}],"collection":[{"href":"https:\/\/www.europesays.com\/de\/wp-json\/wp\/v2\/posts"}],"about":[{"href":"https:\/\/www.europesays.com\/de\/wp-json\/wp\/v2\/types\/post"}],"author":[{"embeddable":true,"href":"https:\/\/www.europesays.com\/de\/wp-json\/wp\/v2\/users\/2"}],"replies":[{"embeddable":true,"href":"https:\/\/www.europesays.com\/de\/wp-json\/wp\/v2\/comments?post=516960"}],"version-history":[{"count":0,"href":"https:\/\/www.europesays.com\/de\/wp-json\/wp\/v2\/posts\/516960\/revisions"}],"wp:featuredmedia":[{"embeddable":true,"href":"https:\/\/www.europesays.com\/de\/wp-json\/wp\/v2\/media\/516961"}],"wp:attachment":[{"href":"https:\/\/www.europesays.com\/de\/wp-json\/wp\/v2\/media?parent=516960"}],"wp:term":[{"taxonomy":"category","embeddable":true,"href":"https:\/\/www.europesays.com\/de\/wp-json\/wp\/v2\/categories?post=516960"},{"taxonomy":"post_tag","embeddable":true,"href":"https:\/\/www.europesays.com\/de\/wp-json\/wp\/v2\/tags?post=516960"}],"curies":[{"name":"wp","href":"https:\/\/api.w.org\/{rel}","templated":true}]}}