{"id":517057,"date":"2025-10-22T00:38:12","date_gmt":"2025-10-22T00:38:12","guid":{"rendered":"https:\/\/www.europesays.com\/de\/517057\/"},"modified":"2025-10-22T00:38:12","modified_gmt":"2025-10-22T00:38:12","slug":"rund-40-jobs-bedroht-lichtenrader-schokoladenfabrik-soll-zum-jahresende-schliessen","status":"publish","type":"post","link":"https:\/\/www.europesays.com\/de\/517057\/","title":{"rendered":"Rund 40 Jobs bedroht: Lichtenrader Schokoladenfabrik soll zum Jahresende schlie\u00dfen"},"content":{"rendered":"<p>Nach mehr als 50-j\u00e4hriger Geschichte droht der Schokoladenfabrik in Berlin-Lichtenrade das Ende. Der Arbeitgeber zeige sich dabei wenig verhandlungsbereit, kritisiert die Gewerkschaft. Von Julian von B\u00fclow<\/p>\n<p>Das Kakao- und Schokoladenwerk Lichtenrade soll zum Jahresende schlie\u00dfen. Dies best\u00e4tigte die Gewerkschaft Nahrung-Genuss-Gastst\u00e4tten (NGG) dem rbb. Das Werk geh\u00f6rt zum weltweit agierenden Unternehmen Cargill und hat sich auch auf Anfrage bisher nicht zu den Pl\u00e4nen ge\u00e4u\u00dfert.<\/p>\n<p>\u00dcber die Werksschlie\u00dfung hat das Unternehmen die Besch\u00e4ftigten am 7. Oktober informiert, so Gewerkschaftssekret\u00e4rin Rebecca Rahe. Doch anders als rechtlich vorgesehen, sei der Betriebsrat bei der Entscheidung zur Werksschlie\u00dfung \u00fcbergangen worden. &#8222;Bei Cargill handelt es sich um einen weltweit agierenden Konzern, der eiskalt auf Profit schaut&#8220;, so Rahe.<\/p>\n<p>Dabei mache die Auslastung des Werks eine Schlie\u00dfung nicht notwendig, so die Gewerkschaft. Und das, obwohl die Betriebsr\u00e4te seit Jahren auf Missst\u00e4nde und Investitionsr\u00fcckst\u00e4nde hinwiesen, ohne dass das Unternehmen daraufhin gehandelt habe.<\/p>\n<p>Zu der NGG-Forderung, einen Sozialplan aufzustellen, der eine Weiterbesch\u00e4ftigung im Reinickendorfer Cargill-Werk vorsieht, zeige der Arbeitgeber keine Gespr\u00e4chsbereitschaft, so die Gewerkschaftssekret\u00e4rin. Damit drohe allen Besch\u00e4ftigten in der Weihnachtszeit die Arbeitslosigkeit. Ein Instagram-Nutzer hatte rbb|24 auf den Fall aufmerksam gemacht.<\/p>\n<p>Das Kakao- und Schokoladenwerk hat eine \u00fcber 50-j\u00e4hrige Geschichte. 1964 in Westberlin gegr\u00fcndet, wurde es 1977 an Dr. Oetker verkauft und in die Schwartau-Unternehmensgruppe eingegliedert. Die ist etwa f\u00fcr ihre Marmeladen bekannt. 2003 kaufte Schwartau das Schokoladenwerk in Reinickendorf dazu. 2011 wurde es gemeinsam mit dem Lichtenrader Werk von Cargill mit Sitz im US-amerikanischen Minnesota \u00fcbernommen, wie aus der Unternehmenswebseite hervorgeht.<\/p>\n","protected":false},"excerpt":{"rendered":"Nach mehr als 50-j\u00e4hriger Geschichte droht der Schokoladenfabrik in Berlin-Lichtenrade das Ende. Der Arbeitgeber zeige sich dabei wenig&hellip;\n","protected":false},"author":2,"featured_media":517058,"comment_status":"","ping_status":"","sticky":false,"template":"","format":"standard","meta":{"footnotes":""},"categories":[1816],"tags":[1960,1958,1959,1957,1956,1890,29,30],"class_list":{"0":"post-517057","1":"post","2":"type-post","3":"status-publish","4":"format-standard","5":"has-post-thumbnail","7":"category-brandenburg","8":"tag-aktuelle-nachrichten-aus-berlin-und-brandenburg","9":"tag-aktuelle-nachrichten-aus-brandenburg","10":"tag-aktuelle-news-aus-berlin-und-brandenburg","11":"tag-aktuelle-news-aus-brandenburg","12":"tag-berlin-und-brandenburg","13":"tag-brandenburg","14":"tag-deutschland","15":"tag-germany"},"share_on_mastodon":{"url":"https:\/\/pubeurope.com\/@de\/115415030595803245","error":""},"_links":{"self":[{"href":"https:\/\/www.europesays.com\/de\/wp-json\/wp\/v2\/posts\/517057","targetHints":{"allow":["GET"]}}],"collection":[{"href":"https:\/\/www.europesays.com\/de\/wp-json\/wp\/v2\/posts"}],"about":[{"href":"https:\/\/www.europesays.com\/de\/wp-json\/wp\/v2\/types\/post"}],"author":[{"embeddable":true,"href":"https:\/\/www.europesays.com\/de\/wp-json\/wp\/v2\/users\/2"}],"replies":[{"embeddable":true,"href":"https:\/\/www.europesays.com\/de\/wp-json\/wp\/v2\/comments?post=517057"}],"version-history":[{"count":0,"href":"https:\/\/www.europesays.com\/de\/wp-json\/wp\/v2\/posts\/517057\/revisions"}],"wp:featuredmedia":[{"embeddable":true,"href":"https:\/\/www.europesays.com\/de\/wp-json\/wp\/v2\/media\/517058"}],"wp:attachment":[{"href":"https:\/\/www.europesays.com\/de\/wp-json\/wp\/v2\/media?parent=517057"}],"wp:term":[{"taxonomy":"category","embeddable":true,"href":"https:\/\/www.europesays.com\/de\/wp-json\/wp\/v2\/categories?post=517057"},{"taxonomy":"post_tag","embeddable":true,"href":"https:\/\/www.europesays.com\/de\/wp-json\/wp\/v2\/tags?post=517057"}],"curies":[{"name":"wp","href":"https:\/\/api.w.org\/{rel}","templated":true}]}}