{"id":517061,"date":"2025-10-22T00:40:24","date_gmt":"2025-10-22T00:40:24","guid":{"rendered":"https:\/\/www.europesays.com\/de\/517061\/"},"modified":"2025-10-22T00:40:24","modified_gmt":"2025-10-22T00:40:24","slug":"brueckenabriss-am-berliner-breitenbachplatz-neu-ausgeschrieben","status":"publish","type":"post","link":"https:\/\/www.europesays.com\/de\/517061\/","title":{"rendered":"Br\u00fcckenabriss am Berliner Breitenbachplatz neu ausgeschrieben"},"content":{"rendered":"<p class=\"tspBHk0 tspBHk1\">Der Abriss der Autobahnbr\u00fccke \u00fcber dem Breitenbachplatz ist neu ausgeschrieben worden. Noch bis zum 18. November k\u00f6nnen sich Fachfirmen um den \u201eR\u00fcckbau der Br\u00fccken \u00fcber den Breitenbachplatz\u201c bei der Senatsverwaltung f\u00fcr Mobilit\u00e4t, Verkehr, Klimaschutz und Umwelt bewerben. Im <strong>Fr\u00fchjahr 2026 soll der Abriss der Br\u00fcckenkonstruktion<\/strong> dann beginnen. In den Unterlagen ist von einer Bauzeit von 13 Monaten die Rede.<\/p>\n","protected":false},"excerpt":{"rendered":"Der Abriss der Autobahnbr\u00fccke \u00fcber dem Breitenbachplatz ist neu ausgeschrieben worden. Noch bis zum 18. November k\u00f6nnen sich&hellip;\n","protected":false},"author":2,"featured_media":517062,"comment_status":"","ping_status":"","sticky":false,"template":"","format":"standard","meta":{"footnotes":""},"categories":[1825],"tags":[5543,10034,296,5006,21,29,94201,30,2382,5004,523,524,634,1888],"class_list":{"0":"post-517061","1":"post","2":"type-post","3":"status-publish","4":"format-standard","5":"has-post-thumbnail","7":"category-berlin","8":"tag-autobahn","9":"tag-bauwirtschaft","10":"tag-berlin","11":"tag-bezirke","12":"tag-buendnis-90-die-gruenen","13":"tag-deutschland","14":"tag-fahrrad-und-verkehr-in-berlin","15":"tag-germany","16":"tag-senat","17":"tag-staedtebau","18":"tag-steglitz-zehlendorf","19":"tag-strasse","20":"tag-strassenverkehr","21":"tag-verkehrspolitik"},"share_on_mastodon":{"url":"https:\/\/pubeurope.com\/@de\/115415038331978668","error":""},"_links":{"self":[{"href":"https:\/\/www.europesays.com\/de\/wp-json\/wp\/v2\/posts\/517061","targetHints":{"allow":["GET"]}}],"collection":[{"href":"https:\/\/www.europesays.com\/de\/wp-json\/wp\/v2\/posts"}],"about":[{"href":"https:\/\/www.europesays.com\/de\/wp-json\/wp\/v2\/types\/post"}],"author":[{"embeddable":true,"href":"https:\/\/www.europesays.com\/de\/wp-json\/wp\/v2\/users\/2"}],"replies":[{"embeddable":true,"href":"https:\/\/www.europesays.com\/de\/wp-json\/wp\/v2\/comments?post=517061"}],"version-history":[{"count":0,"href":"https:\/\/www.europesays.com\/de\/wp-json\/wp\/v2\/posts\/517061\/revisions"}],"wp:featuredmedia":[{"embeddable":true,"href":"https:\/\/www.europesays.com\/de\/wp-json\/wp\/v2\/media\/517062"}],"wp:attachment":[{"href":"https:\/\/www.europesays.com\/de\/wp-json\/wp\/v2\/media?parent=517061"}],"wp:term":[{"taxonomy":"category","embeddable":true,"href":"https:\/\/www.europesays.com\/de\/wp-json\/wp\/v2\/categories?post=517061"},{"taxonomy":"post_tag","embeddable":true,"href":"https:\/\/www.europesays.com\/de\/wp-json\/wp\/v2\/tags?post=517061"}],"curies":[{"name":"wp","href":"https:\/\/api.w.org\/{rel}","templated":true}]}}