{"id":517120,"date":"2025-10-22T01:15:01","date_gmt":"2025-10-22T01:15:01","guid":{"rendered":"https:\/\/www.europesays.com\/de\/517120\/"},"modified":"2025-10-22T01:15:01","modified_gmt":"2025-10-22T01:15:01","slug":"gartenhuette-aufgebrochen-polizei-sucht-zeugen","status":"publish","type":"post","link":"https:\/\/www.europesays.com\/de\/517120\/","title":{"rendered":"Gartenh\u00fctte aufgebrochen &#8211; Polizei sucht Zeugen"},"content":{"rendered":"<p>(jd) Der Hausmeister eines Kindergartens an der Ledeburstra\u00dfe bemerkte am Montag (20.10.), gegen 10.00 Uhr, dass die T\u00fcr einer Gartenh\u00fctte auf dem Gel\u00e4nde besch\u00e4digt war. Bisher unbekannte Tatverd\u00e4chtige gingen die T\u00fcr mittels eines Werkzeugs an, um sie gewaltsam \u00f6ffnen zu k\u00f6nnen. Nach ersten Ermittlungen nahmen die Unbekannten kein Diebesgut aus der Gartenh\u00fctte an sich. Der Sachschaden liegt bei rund 200 Euro. Die Polizei bittet Zeugen, die im Bereich des Kindergartens etwas Auff\u00e4lliges gesehen haben, sich unter 05221\/8880 zu melden.<\/p>\n<p>R\u00fcckfragen bitte an:<\/p>\n<p>Kreispolizeibeh\u00f6rde Herford Pressestelle Herford Telefon: 05221 888 1250 E-Mail: pressestelle.herford@polizei.nrw.de<\/p>\n<p> Original-Content von: Kreispolizeibeh\u00f6rde Herford, \u00fcbermittelt durch news aktuell<\/p>\n","protected":false},"excerpt":{"rendered":"(jd) Der Hausmeister eines Kindergartens an der Ledeburstra\u00dfe bemerkte am Montag (20.10.), gegen 10.00 Uhr, dass die T\u00fcr&hellip;\n","protected":false},"author":2,"featured_media":359028,"comment_status":"","ping_status":"","sticky":false,"template":"","format":"standard","meta":{"footnotes":""},"categories":[1841],"tags":[1605,3364,29,30,1209,12925],"class_list":{"0":"post-517120","1":"post","2":"type-post","3":"status-publish","4":"format-standard","5":"has-post-thumbnail","7":"category-bielefeld","8":"tag-bielefeld","9":"tag-de","10":"tag-deutschland","11":"tag-germany","12":"tag-nordrhein-westfalen","13":"tag-polizeimeldungen"},"share_on_mastodon":{"url":"","error":""},"_links":{"self":[{"href":"https:\/\/www.europesays.com\/de\/wp-json\/wp\/v2\/posts\/517120","targetHints":{"allow":["GET"]}}],"collection":[{"href":"https:\/\/www.europesays.com\/de\/wp-json\/wp\/v2\/posts"}],"about":[{"href":"https:\/\/www.europesays.com\/de\/wp-json\/wp\/v2\/types\/post"}],"author":[{"embeddable":true,"href":"https:\/\/www.europesays.com\/de\/wp-json\/wp\/v2\/users\/2"}],"replies":[{"embeddable":true,"href":"https:\/\/www.europesays.com\/de\/wp-json\/wp\/v2\/comments?post=517120"}],"version-history":[{"count":0,"href":"https:\/\/www.europesays.com\/de\/wp-json\/wp\/v2\/posts\/517120\/revisions"}],"wp:featuredmedia":[{"embeddable":true,"href":"https:\/\/www.europesays.com\/de\/wp-json\/wp\/v2\/media\/359028"}],"wp:attachment":[{"href":"https:\/\/www.europesays.com\/de\/wp-json\/wp\/v2\/media?parent=517120"}],"wp:term":[{"taxonomy":"category","embeddable":true,"href":"https:\/\/www.europesays.com\/de\/wp-json\/wp\/v2\/categories?post=517120"},{"taxonomy":"post_tag","embeddable":true,"href":"https:\/\/www.europesays.com\/de\/wp-json\/wp\/v2\/tags?post=517120"}],"curies":[{"name":"wp","href":"https:\/\/api.w.org\/{rel}","templated":true}]}}