{"id":517230,"date":"2025-10-22T02:26:12","date_gmt":"2025-10-22T02:26:12","guid":{"rendered":"https:\/\/www.europesays.com\/de\/517230\/"},"modified":"2025-10-22T02:26:12","modified_gmt":"2025-10-22T02:26:12","slug":"widerstand-gegen-trump-kandidaten-er-wird-nicht-durchkommen","status":"publish","type":"post","link":"https:\/\/www.europesays.com\/de\/517230\/","title":{"rendered":"Widerstand gegen Trump-Kandidaten \u2013 &#8222;Er wird nicht durchkommen&#8220;"},"content":{"rendered":"<p class=\"text-18 leading-17\">Es ist der erste bekannte Fall, in dem ein von Trump begnadigter Kapitol-Randalierer erneut wegen politisch motivierter Gewalt auff\u00e4llt. Christopher M. war nach dem Sturm auf das Kapitol am 6. Januar 2021 zu 21 Monaten Haft verurteilt worden, bevor Trump ihn begnadigte. Jeffries kritisierte, der Pr\u00e4sident h\u00e4tte &#8222;diese gewaltt\u00e4tigen Personen nie begnadigen d\u00fcrfen&#8220;. Eine Stellungnahme aus dem Wei\u00dfen Haus gab es zun\u00e4chst nicht.<\/p>\n<p class=\"text-18 leading-17\">US-Vize-Pr\u00e4sident JD Vance ist in <a class=\"transition-colors duration-200 cursor-pointer text-inherit no-underline text-salemsfur md:hover:text-magenta md:hover:border-magenta md:focus:text-magenta border-current border-b border-solid break-words\" href=\"https:\/\/www.t-online.de\/themen\/israel\/\" data-sctrack=\"BodyAnchor\" target=\"_blank\" rel=\"noopener\">Israel<\/a> angekommen. Vorgesehen ist ein Besuch des Hauptquartiers der gemeinsamen Streitkr\u00e4fte unter F\u00fchrung des US-Milit\u00e4rs, die die Stabilisierungsbem\u00fchungen im <a class=\"transition-colors duration-200 cursor-pointer text-inherit no-underline text-salemsfur md:hover:text-magenta md:hover:border-magenta md:focus:text-magenta border-current border-b border-solid break-words\" href=\"https:\/\/www.t-online.de\/themen\/gazastreifen\/\" data-sctrack=\"BodyAnchor\" target=\"_blank\" rel=\"noopener\">Gazastreifen<\/a> unterst\u00fctzen sollen. Geplant sind au\u00dferdem Beratungen zwischen Vance und dem israelischen Ministerpr\u00e4sidenten <a class=\"transition-colors duration-200 cursor-pointer text-inherit no-underline text-salemsfur md:hover:text-magenta md:hover:border-magenta md:focus:text-magenta border-current border-b border-solid break-words\" href=\"https:\/\/www.t-online.de\/themen\/benjamin-netanjahu\/\" data-sctrack=\"BodyAnchor\" target=\"_blank\" rel=\"noopener\">Benjamin Netanjahu<\/a>. Dieser besprach sich am Montag bereits mit den US-Gesandten Steve Witkoff und <a class=\"transition-colors duration-200 cursor-pointer text-inherit no-underline text-salemsfur md:hover:text-magenta md:hover:border-magenta md:focus:text-magenta border-current border-b border-solid break-words\" href=\"https:\/\/www.t-online.de\/themen\/jared-kushner\/\" data-sctrack=\"BodyAnchor\" target=\"_blank\" rel=\"noopener\">Jared Kushner<\/a>, der der Schwiegersohn von US-Pr\u00e4sident Donald Trump ist.<\/p>\n<p class=\"text-18 leading-17\">Parallel zu diesen Unterredungen beraten Vertreter der Hamas und Vermittler in der \u00e4gyptischen Hauptstadt <a class=\"transition-colors duration-200 cursor-pointer text-inherit no-underline text-salemsfur md:hover:text-magenta md:hover:border-magenta md:focus:text-magenta border-current border-b border-solid break-words\" href=\"https:\/\/www.t-online.de\/themen\/kairo\/\" data-sctrack=\"BodyAnchor\" target=\"_blank\" rel=\"noopener\">Kairo<\/a>. Die Delegation der radikal-islamischen Organisation wird geleitet von dem im Exil lebenden Hamas-F\u00fchrer Chalil al-Hajja. Auch bei diesen Gespr\u00e4chen geht es um die n\u00e4chste Phase der Waffenruhe, um deren Stabilisierung und um Vereinbarungen f\u00fcr die Zeit nach dem Ende des Krieges.<\/p>\n<p class=\"text-18 leading-17\">Eine Gruppe Dutzender Beamter der gesamten US-Regierung, darunter auch Geheimdienstmitarbeiter, soll einem Bericht der Nachrichtenagentur Reuters zufolge Pr\u00e4sident Donald Trump bei der Vergeltung gegen seine vermeintlichen Feinde unterst\u00fctzen. Die beh\u00f6rden\u00fcbergreifende Arbeitsgruppe &#8222;Interagency Weaponization Working Group&#8220; treffe sich mindestens seit Mai, berichtet Reuters. Dies gehe aus Regierungsunterlagen und von einer mit der Angelegenheit vertrauten Person hervor. Demnach geh\u00f6ren der Gruppe unter anderem Beamte aus dem Wei\u00dfen Haus, dem B\u00fcro der Nationalen Geheimdienstdirektorin (ODNI), der <a class=\"transition-colors duration-200 cursor-pointer text-inherit no-underline text-salemsfur md:hover:text-magenta md:hover:border-magenta md:focus:text-magenta border-current border-b border-solid break-words\" href=\"https:\/\/www.t-online.de\/themen\/cia\/\" data-sctrack=\"BodyAnchor\" target=\"_blank\" rel=\"noopener\">CIA<\/a>, dem Justiz- und dem Verteidigungsministerium sowie dem FBI an. Mehrere US-Beamte best\u00e4tigten gegen\u00fcber Reuters auf Anfrage die Existenz der Arbeitsgruppe.<\/p>\n<p class=\"text-18 leading-17\">US-Pr\u00e4sident Donald Trump hatte bereits am Tag seiner Amtseinf\u00fchrung im Januar einen Erlass unterzeichnet, in dem er den US-Generalstaatsanwalt anwies, mit anderen Bundesbeh\u00f6rden zusammenzuarbeiten, um &#8222;vergangenes Fehlverhalten der <a class=\"transition-colors duration-200 cursor-pointer text-inherit no-underline text-salemsfur md:hover:text-magenta md:hover:border-magenta md:focus:text-magenta border-current border-b border-solid break-words\" href=\"https:\/\/www.t-online.de\/themen\/bundesregierung\/\" data-sctrack=\"BodyAnchor\" target=\"_blank\" rel=\"noopener\">Bundesregierung<\/a> im Zusammenhang mit der Instrumentalisierung der Strafverfolgungsbeh\u00f6rden und der Geheimdienste zu identifizieren und entsprechende Ma\u00dfnahmen zu ergreifen&#8220;. Justizministerin Pam Bondi und die Nationale Geheimdienstdirektorin Tulsi Gabbard hatten bereits Anfang des Jahres \u00e4hnliche Gruppen innerhalb ihrer Beh\u00f6rden angek\u00fcndigt, die alle &#8222;mit der Wurzel ausrotten&#8220; w\u00fcrden, die ihrer Meinung nach Regierungsmacht gegen Trump missbraucht h\u00e4tten. ODNI-Sprecherin Olivia Coleman erkl\u00e4rte dazu: &#8222;Die Amerikaner verdienen eine Regierung, die sich der Ent-Instrumentalisierung und Entpolitisierung verschrieben hat und die sicherstellt, dass die Macht nie wieder gegen die Menschen eingesetzt wird, denen sie dienen soll.&#8220;<\/p>\n","protected":false},"excerpt":{"rendered":"Es ist der erste bekannte Fall, in dem ein von Trump begnadigter Kapitol-Randalierer erneut wegen politisch motivierter Gewalt&hellip;\n","protected":false},"author":2,"featured_media":517231,"comment_status":"","ping_status":"","sticky":false,"template":"","format":"standard","meta":{"footnotes":""},"categories":[3],"tags":[1217,326,7797,227,128308,128309,30631,106,128415,22720,2415,1502,13,55610,411,70260,45636,14,944,15,3129,128413,121,1555,3186,128414,12,4451,650,11301,56056,63940,10,8,9,11,64,320,103,104],"class_list":{"0":"post-517230","1":"post","2":"type-post","3":"status-publish","4":"format-standard","5":"has-post-thumbnail","7":"category-welt","8":"tag-1217","9":"tag-326","10":"tag-7797","11":"tag-china","12":"tag-christopher-m","13":"tag-des-moines","14":"tag-dienstreise","15":"tag-donald-trump","16":"tag-edward-andrew-paltzik","17":"tag-fbi","18":"tag-feiertag","19":"tag-hakeem-jeffries","20":"tag-headlines","21":"tag-iowa","22":"tag-israel","23":"tag-martin-luther-king","24":"tag-morddrohung","25":"tag-nachrichten","26":"tag-new-york","27":"tag-news","28":"tag-newsblog","29":"tag-paul-ingrassia","30":"tag-polizei","31":"tag-republikaner","32":"tag-reuters","33":"tag-rick-scott","34":"tag-schlagzeilen","35":"tag-sms","36":"tag-taiwan","37":"tag-tel-aviv","38":"tag-thune","39":"tag-todesdrohung","40":"tag-top-news","41":"tag-top-meldungen","42":"tag-topmeldungen","43":"tag-topnews","44":"tag-usa","45":"tag-washington","46":"tag-welt","47":"tag-world"},"share_on_mastodon":{"url":"","error":"Validation failed: Text character limit of 500 exceeded"},"_links":{"self":[{"href":"https:\/\/www.europesays.com\/de\/wp-json\/wp\/v2\/posts\/517230","targetHints":{"allow":["GET"]}}],"collection":[{"href":"https:\/\/www.europesays.com\/de\/wp-json\/wp\/v2\/posts"}],"about":[{"href":"https:\/\/www.europesays.com\/de\/wp-json\/wp\/v2\/types\/post"}],"author":[{"embeddable":true,"href":"https:\/\/www.europesays.com\/de\/wp-json\/wp\/v2\/users\/2"}],"replies":[{"embeddable":true,"href":"https:\/\/www.europesays.com\/de\/wp-json\/wp\/v2\/comments?post=517230"}],"version-history":[{"count":0,"href":"https:\/\/www.europesays.com\/de\/wp-json\/wp\/v2\/posts\/517230\/revisions"}],"wp:featuredmedia":[{"embeddable":true,"href":"https:\/\/www.europesays.com\/de\/wp-json\/wp\/v2\/media\/517231"}],"wp:attachment":[{"href":"https:\/\/www.europesays.com\/de\/wp-json\/wp\/v2\/media?parent=517230"}],"wp:term":[{"taxonomy":"category","embeddable":true,"href":"https:\/\/www.europesays.com\/de\/wp-json\/wp\/v2\/categories?post=517230"},{"taxonomy":"post_tag","embeddable":true,"href":"https:\/\/www.europesays.com\/de\/wp-json\/wp\/v2\/tags?post=517230"}],"curies":[{"name":"wp","href":"https:\/\/api.w.org\/{rel}","templated":true}]}}