{"id":517234,"date":"2025-10-22T02:28:10","date_gmt":"2025-10-22T02:28:10","guid":{"rendered":"https:\/\/www.europesays.com\/de\/517234\/"},"modified":"2025-10-22T02:28:10","modified_gmt":"2025-10-22T02:28:10","slug":"mutmasslich-schuesse-auf-schwebebahn-schwebebahn-faehrt-wieder-westdeutsche-zeitung","status":"publish","type":"post","link":"https:\/\/www.europesays.com\/de\/517234\/","title":{"rendered":"Mutma\u00dflich Sch\u00fcsse auf Schwebebahn: Schwebebahn f\u00e4hrt wieder &#8211; Westdeutsche Zeitung"},"content":{"rendered":"<ol>\n<li><a href=\"https:\/\/news.google.com\/rss\/articles\/CBMirAFBVV95cUxPVWFkbFk5cmxra0JKeTVKVmZCdWhYSnNrRWdwRW5jT0o5UFVhcElueHF3YXhDOHRYd3o0RnlfMmExN2Fpc3JZX2V0cjZQTlYzMWRsMWJZdjFZcWpoU2ZzYmh5cDdLTXVKbm9rM1l5STdhVktsY2ZmOVNkYndVM3RlZFhkZnNuenFmRDVxWWVoRy02LUFVZnVXX1gzd2JTOVhya1NoVW1XWm4wZHVw?oc=5\" target=\"_blank\" rel=\"nofollow noopener\">Mutma\u00dflich Sch\u00fcsse auf Schwebebahn: Schwebebahn f\u00e4hrt wieder<\/a>&nbsp;&nbsp;Westdeutsche Zeitung<\/li>\n<li><a href=\"https:\/\/news.google.com\/rss\/articles\/CBMijwFBVV95cUxON1Zma1BvcXA1NVBvZlZKR1pfZ3lVV2ZHbHBtYngxS3I0RjRMYVF5cVc2VmQ2WkpzMjRDYWJuSlk2YjRTTEFqWmpVYm05cjZpWDZCVldWdDZGU2w3WUcwTGgwcjBIM1lobXgzNHQyZEswR0FQeUVSNUUxMWNPUFo4YXNUVmx0VzBSRHVwMDFsQdIBjgFBVV95cUxQR2p6SDAxVTduVjVEZ2NBakh2d0s5ekNDQmZNOERyR3YwVFdsTFUyczE3c1Q1NlNRdjFSVWxxY3l0U3Y1em0wUXkyZGhRejc1bG1EbU5UcWVHQzlaZlhxQkZkcEY3MTFDektOV0MxVWpHZlhlZllDS1IyS3h4SlBVRnJ2Sk1OOGF2SWswb0Vn?oc=5\" target=\"_blank\" rel=\"nofollow noopener\">Scheiben von Wuppertaler Schwebebahn besch\u00e4digt<\/a>&nbsp;&nbsp;WDR<\/li>\n<li><a href=\"https:\/\/news.google.com\/rss\/articles\/CBMizgFBVV95cUxQMFVIVGF3aVZmMDl3TlR2aXBQX0drR09KbUZRenhoMkYzMmpQVGpGcFU2T2UxYm00cndjNFZ0QXYta1JqNk1DS2xYZmdCUFJvSEU5d1NXN3VyZ0FYdDRUY0xRVlUteXZjeUNsbkloWGFjeHQ3ZnF3UnhIakpLRzNqQnN1NnhOc3cyZ3dFSnNuZGJtY3BJb2VtNmExQ1VZSmJRYzBSdlgwWnZmWnVMenF1Z2taWkdlMGNOa25ONjdZSXhSVlFjVlhmWS1JTnVYdw?oc=5\" target=\"_blank\" rel=\"nofollow noopener\">Scheiben besch\u00e4digt: Unbekannte attackieren Wuppertaler Schwebebahn<\/a>&nbsp;&nbsp;Spiegel<\/li>\n<li><a href=\"https:\/\/news.google.com\/rss\/articles\/CBMixwFBVV95cUxQN0VWZDJGZGZ6Zzh6aWxfb2N5LWNaeFBpalEyQXd4VWtOcFVKbjJ3R1A0ZERHczdtSGFvVkc5b1RoY0xfaXFTNmpPUk1qQVNhVGlGTUcyTy1ySlI4U1QxdG9yU2RQMzVZNWFWTTdjWTJaak9RVFhhRktQc1NtUi1MUFI0RnZtZTRrbHRwcGFJZDVVeWZYTlZHTEc2OVczc05YT2tGWVZrX1pDbTl2V0RIR2RzUEF2eEIxZy1DM1lKNmZXVHBBRG9j?oc=5\" target=\"_blank\" rel=\"nofollow noopener\">Wuppertal: Angriff auf Schwebebahn \u2013 mit Steinen beworfen?<\/a>&nbsp;&nbsp;BILD<\/li>\n<li><a href=\"https:\/\/news.google.com\/rss\/articles\/CBMi2gFBVV95cUxPVWFYQklJZDJ1QnZ6RkhOQ2kzLTNWcnhjMW1aZW9EWnhFRUhOWmxWMnBCWkozT1oyRGhJdlVwZ1JFV29fYVNHcEtTQU5wanc2a0lSQWFjRkJDWWltRjZWdXg0WkM0MUpta3o5dDRGbUZOWGxoc05XVlNJZkNvN0lqYUFWSk9vUk5OVnJydU1oanc4MUFKRUFxN2RFVHByeGJOWndoQVRIMlUzUFdBSjdwdllmZ3RaUnRsU0c0ejF1MGVmTVhpRXpzaDUtampHMWFyT01ZU3pnTjJmQQ?oc=5\" target=\"_blank\" rel=\"nofollow noopener\">Hintergr\u00fcnde unklar &#8211; Wuppertaler Schwebebahn beschossen &#8211; Panorama<\/a>&nbsp;&nbsp;SZ.de<\/li>\n<\/ol>\n","protected":false},"excerpt":{"rendered":"Mutma\u00dflich Sch\u00fcsse auf Schwebebahn: Schwebebahn f\u00e4hrt wieder&nbsp;&nbsp;Westdeutsche Zeitung Scheiben von Wuppertaler Schwebebahn besch\u00e4digt&nbsp;&nbsp;WDR Scheiben besch\u00e4digt: Unbekannte attackieren Wuppertaler&hellip;\n","protected":false},"author":2,"featured_media":517235,"comment_status":"","ping_status":"","sticky":false,"template":"","format":"standard","meta":{"footnotes":""},"categories":[5],"tags":[14075,70758,13,22071,14,15,12,2688,17128,10,8,9,11,17262],"class_list":{"0":"post-517234","1":"post","2":"type-post","3":"status-publish","4":"format-standard","5":"has-post-thumbnail","7":"category-nachrichten","8":"tag-betrieb","9":"tag-eingestellt","10":"tag-headlines","11":"tag-mutmasslich","12":"tag-nachrichten","13":"tag-news","14":"tag-schlagzeilen","15":"tag-schuesse","16":"tag-schwebebahn","17":"tag-top-news","18":"tag-top-meldungen","19":"tag-topmeldungen","20":"tag-topnews","21":"tag-unklar"},"share_on_mastodon":{"url":"","error":""},"_links":{"self":[{"href":"https:\/\/www.europesays.com\/de\/wp-json\/wp\/v2\/posts\/517234","targetHints":{"allow":["GET"]}}],"collection":[{"href":"https:\/\/www.europesays.com\/de\/wp-json\/wp\/v2\/posts"}],"about":[{"href":"https:\/\/www.europesays.com\/de\/wp-json\/wp\/v2\/types\/post"}],"author":[{"embeddable":true,"href":"https:\/\/www.europesays.com\/de\/wp-json\/wp\/v2\/users\/2"}],"replies":[{"embeddable":true,"href":"https:\/\/www.europesays.com\/de\/wp-json\/wp\/v2\/comments?post=517234"}],"version-history":[{"count":0,"href":"https:\/\/www.europesays.com\/de\/wp-json\/wp\/v2\/posts\/517234\/revisions"}],"wp:featuredmedia":[{"embeddable":true,"href":"https:\/\/www.europesays.com\/de\/wp-json\/wp\/v2\/media\/517235"}],"wp:attachment":[{"href":"https:\/\/www.europesays.com\/de\/wp-json\/wp\/v2\/media?parent=517234"}],"wp:term":[{"taxonomy":"category","embeddable":true,"href":"https:\/\/www.europesays.com\/de\/wp-json\/wp\/v2\/categories?post=517234"},{"taxonomy":"post_tag","embeddable":true,"href":"https:\/\/www.europesays.com\/de\/wp-json\/wp\/v2\/tags?post=517234"}],"curies":[{"name":"wp","href":"https:\/\/api.w.org\/{rel}","templated":true}]}}