{"id":517238,"date":"2025-10-22T02:30:16","date_gmt":"2025-10-22T02:30:16","guid":{"rendered":"https:\/\/www.europesays.com\/de\/517238\/"},"modified":"2025-10-22T02:30:16","modified_gmt":"2025-10-22T02:30:16","slug":"armin-laschet-kritisiert-kanzler-merz-wegen-stadtbild-aeusserung","status":"publish","type":"post","link":"https:\/\/www.europesays.com\/de\/517238\/","title":{"rendered":"Armin Laschet kritisiert Kanzler Merz wegen &#8222;Stadtbild\u201c-\u00c4u\u00dferung"},"content":{"rendered":"<p>&#8222;Zu nebul\u00f6s&#8220; <\/p>\n<p>Laschet kritisiert Merz: &#8222;Stadtbild&#8220;-Aussage spielt AfD in die H\u00e4nde<\/p>\n<p>22.10.2025 &#8211; 03:37 UhrLesedauer: 2 Min.<\/p>\n<p><a href=\"#focus-0\" class=\"transition-colors duration-200 block text-current relative\" data-sctrack=\"FocusGalleryImage.Reference\"><img fetchpriority=\"high\" data-testid=\"Opener.Image\" style=\"--lqipURL:url('https:\/\/images.t-online.de\/2025\/04\/LRWQZUhAxTlk\/0x0:4000x2250\/fit-in\/150x0\/filters:blur(25)\/armin-laschet-archivbild-ein-autovermietungsunternehmen-nimmt-ihn-auf-die-schippe.jpg')\"   loading=\"eager\" src=\"https:\/\/www.europesays.com\/de\/wp-content\/uploads\/2025\/10\/armin-laschet-archivbild-ein-autovermietungsunternehmen-nimmt-ihn-auf-die-schippe.jpg\" alt=\"imago images 0805756701\" title=\"imago images 0805756701\" width=\"4000\" height=\"2250\" class=\"bg-[url:var(--lqipURL)] bg-cover bg-center flex h-full w-full max-w-full\" decoding=\"async\"\/><img style=\"--width:32;--height:32\" loading=\"lazy\" src=\"https:\/\/www.t-online.de\/s\/paper\/_next\/static\/media\/zoom-in.f7dae02f.svg\" alt=\"Vergr\u00f6\u00dfern des Bildes\" title=\"Vergr\u00f6\u00dfern des Bildes\" class=\"block h-[calc(var(--height)_\/_16_*_1rem)] w-[calc(var(--width)_\/_16_*_1rem)] max-w-none absolute bottom-8 right-8 rounded-4 bg-snow p-8\" decoding=\"async\"\/><\/a><\/p>\n<p>Armin Laschet (Archivbild): Merz h\u00e4tte klarer formulieren k\u00f6nnen, was er gemeint habe, so der Aachener Bundestagsabgeordnete. (Quelle: IMAGO\/Uwe Koch)<\/p>\n<p class=\"font-bold text-18 leading-17\">Deutliche Kritik aus Aachen: Armin Laschet wirft dem Kanzler vor, mit seiner umstrittenen \u00c4u\u00dferung einen politischen Gegner zu st\u00e4rken. Warum das gef\u00e4hrlich sei.<\/p>\n<p class=\"text-18 leading-17\">Der Aachener Bundestagsabgeordnete und ehemalige Unions-Kanzlerkandidat <a class=\"transition-colors duration-200 cursor-pointer text-inherit no-underline text-salemsfur md:hover:text-magenta md:hover:border-magenta md:focus:text-magenta border-current border-b border-solid break-words\" href=\"https:\/\/www.t-online.de\/themen\/armin-laschet\/\" data-sctrack=\"BodyAnchor\" rel=\"nofollow noopener\" target=\"_blank\">Armin Laschet<\/a> (CDU) hat die umstrittene &#8222;Stadtbild&#8220;-\u00c4u\u00dferung von Bundeskanzler <a class=\"transition-colors duration-200 cursor-pointer text-inherit no-underline text-salemsfur md:hover:text-magenta md:hover:border-magenta md:focus:text-magenta border-current border-b border-solid break-words\" href=\"https:\/\/www.t-online.de\/themen\/friedrich-merz\/\" data-sctrack=\"BodyAnchor\" rel=\"nofollow noopener\" target=\"_blank\">Friedrich Merz<\/a> scharf kritisiert. Die Formulierung sei &#8222;zu nebul\u00f6s&#8220;, sagte Laschet am Dienstagabend bei einer Veranstaltung des Hauses der Geschichte Nordrhein-Westfalen in <a class=\"transition-colors duration-200 cursor-pointer text-inherit no-underline text-salemsfur md:hover:text-magenta md:hover:border-magenta md:focus:text-magenta border-current border-b border-solid break-words\" href=\"https:\/\/www.t-online.de\/region\/duesseldorf\/\" data-sctrack=\"BodyAnchor\" rel=\"nofollow noopener\" target=\"_blank\">D\u00fcsseldorf<\/a>. Er warnte, dass die <a class=\"transition-colors duration-200 cursor-pointer text-inherit no-underline text-salemsfur md:hover:text-magenta md:hover:border-magenta md:focus:text-magenta border-current border-b border-solid break-words\" href=\"https:\/\/www.t-online.de\/themen\/alternative-fuer-deutschland\/\" data-sctrack=\"BodyAnchor\" rel=\"nofollow noopener\" target=\"_blank\">AfD<\/a> daraus Profit ziehen k\u00f6nnte.<\/p>\n<p class=\"text-18 leading-17\">Die Unklarheit dessen, was Merz damit gemeint habe, k\u00f6nnte die AfD f\u00fcr sich nutzen, erkl\u00e4rte der heutige Vorsitzende des Ausw\u00e4rtigen Ausschusses des Bundestags. Nur das &#8222;Benennen&#8220; des Problems werde die AfD nicht schw\u00e4chen. &#8222;Das Problem l\u00f6sen wird sie mehr schw\u00e4chen als das Benennen&#8220;, betonte Laschet.<\/p>\n<p class=\"text-18 leading-17\">Die AfD werde bei der n\u00e4chsten <a class=\"transition-colors duration-200 cursor-pointer text-inherit no-underline text-salemsfur md:hover:text-magenta md:hover:border-magenta md:focus:text-magenta border-current border-b border-solid break-words\" href=\"https:\/\/www.t-online.de\/nachrichten\/deutschland\/bundestagswahl\/\" data-sctrack=\"BodyAnchor\" rel=\"nofollow noopener\" target=\"_blank\">Bundestagswahl<\/a> nat\u00fcrlich fragen, ob das &#8222;Stadtbild&#8220; besser geworden sei, sagte der fr\u00fchere NRW-Ministerpr\u00e4sident. &#8222;Mit so einem unklaren Begriff macht man den Ma\u00dfstab an die eigene Politik schwer messbar.&#8220; Das k\u00f6nnte die AfD dann nutzen und behaupten, es habe sich am Stadtbild in den letzten Jahren nichts ge\u00e4ndert, warnte Laschet.<\/p>\n<p class=\"text-18 leading-17\">Merz h\u00e4tte klarer formulieren k\u00f6nnen, was er gemeint habe, so Laschet. Es gehe beim Stadtbild nicht nur um Migration. Zum Stadtbild geh\u00f6rten etwa auch von deutschen S\u00fcchtigen weggeworfene Drogenspritzen in Parks, Antisemiten, die Hamas-Parolen br\u00fcllten oder Rechtsradikale, die durch Stra\u00dfen z\u00f6gen.<\/p>\n<p class=\"text-18 leading-17\">Ausl\u00f6ser der Kontroverse um das &#8222;Stadtbild&#8220; war eine \u00c4u\u00dferung des Kanzlers bei einer Pressekonferenz in <a class=\"transition-colors duration-200 cursor-pointer text-inherit no-underline text-salemsfur md:hover:text-magenta md:hover:border-magenta md:focus:text-magenta border-current border-b border-solid break-words\" href=\"https:\/\/www.t-online.de\/themen\/potsdam\/\" data-sctrack=\"BodyAnchor\" rel=\"nofollow noopener\" target=\"_blank\">Potsdam<\/a> auf eine Reporter-Frage zum Erstarken der AfD. Merz sagte daraufhin unter anderem, dass man fr\u00fchere Vers\u00e4umnisse in der Migrationspolitik korrigiere und Fortschritte mache. &#8222;Aber wir haben nat\u00fcrlich immer im Stadtbild noch dieses Problem, und deswegen ist der Bundesinnenminister ja auch dabei, jetzt in sehr gro\u00dfem Umfang auch R\u00fcckf\u00fchrungen zu erm\u00f6glichen und durchzuf\u00fchren.&#8220; Diese \u00c4u\u00dferung stie\u00df auch innerhalb der <a class=\"transition-colors duration-200 cursor-pointer text-inherit no-underline text-salemsfur md:hover:text-magenta md:hover:border-magenta md:focus:text-magenta border-current border-b border-solid break-words\" href=\"https:\/\/www.t-online.de\/themen\/cdu\/\" data-sctrack=\"BodyAnchor\" rel=\"nofollow noopener\" target=\"_blank\">CDU<\/a> und innerhalb der Koalition auf Kritik.<\/p>\n<p class=\"text-18 leading-17\">Am Montag wurde Merz auf einer weiteren Pressekonferenz gefragt, was er genau damit gemeint habe, was er damit bezwecken wolle und ob er etwas davon zur\u00fcckzunehmen habe. &#8222;Ich habe gar nichts zur\u00fcckzunehmen&#8220;, sagte er daraufhin. &#8222;Fragen Sie mal Ihre T\u00f6chter, was ich damit gemeint haben k\u00f6nnte. Ich vermute, Sie kriegen eine ziemlich klare und deutliche Antwort.&#8220;<\/p>\n","protected":false},"excerpt":{"rendered":"&#8222;Zu nebul\u00f6s&#8220; Laschet kritisiert Merz: &#8222;Stadtbild&#8220;-Aussage spielt AfD in die H\u00e4nde 22.10.2025 &#8211; 03:37 UhrLesedauer: 2 Min. Armin&hellip;\n","protected":false},"author":2,"featured_media":517239,"comment_status":"","ping_status":"","sticky":false,"template":"","format":"standard","meta":{"footnotes":""},"categories":[1853],"tags":[722,3176,1424,186,506,1180,31,3364,29,3405,548,663,3934,775,30,13,1208,14,15,1209,12,86898],"class_list":{"0":"post-517238","1":"post","2":"type-post","3":"status-publish","4":"format-standard","5":"has-post-thumbnail","7":"category-aachen","8":"tag-722","9":"tag-3176","10":"tag-aachen","11":"tag-afd","12":"tag-armin-laschet","13":"tag-bundestag","14":"tag-cdu","15":"tag-de","16":"tag-deutschland","17":"tag-duesseldorf","18":"tag-eu","19":"tag-europa","20":"tag-europe","21":"tag-friedrich-merz","22":"tag-germany","23":"tag-headlines","24":"tag-kanzlerkandidat","25":"tag-nachrichten","26":"tag-news","27":"tag-nordrhein-westfalen","28":"tag-schlagzeilen","29":"tag-stadtbild"},"share_on_mastodon":{"url":"https:\/\/pubeurope.com\/@de\/115415471761276068","error":""},"_links":{"self":[{"href":"https:\/\/www.europesays.com\/de\/wp-json\/wp\/v2\/posts\/517238","targetHints":{"allow":["GET"]}}],"collection":[{"href":"https:\/\/www.europesays.com\/de\/wp-json\/wp\/v2\/posts"}],"about":[{"href":"https:\/\/www.europesays.com\/de\/wp-json\/wp\/v2\/types\/post"}],"author":[{"embeddable":true,"href":"https:\/\/www.europesays.com\/de\/wp-json\/wp\/v2\/users\/2"}],"replies":[{"embeddable":true,"href":"https:\/\/www.europesays.com\/de\/wp-json\/wp\/v2\/comments?post=517238"}],"version-history":[{"count":0,"href":"https:\/\/www.europesays.com\/de\/wp-json\/wp\/v2\/posts\/517238\/revisions"}],"wp:featuredmedia":[{"embeddable":true,"href":"https:\/\/www.europesays.com\/de\/wp-json\/wp\/v2\/media\/517239"}],"wp:attachment":[{"href":"https:\/\/www.europesays.com\/de\/wp-json\/wp\/v2\/media?parent=517238"}],"wp:term":[{"taxonomy":"category","embeddable":true,"href":"https:\/\/www.europesays.com\/de\/wp-json\/wp\/v2\/categories?post=517238"},{"taxonomy":"post_tag","embeddable":true,"href":"https:\/\/www.europesays.com\/de\/wp-json\/wp\/v2\/tags?post=517238"}],"curies":[{"name":"wp","href":"https:\/\/api.w.org\/{rel}","templated":true}]}}