{"id":517392,"date":"2025-10-22T04:00:13","date_gmt":"2025-10-22T04:00:13","guid":{"rendered":"https:\/\/www.europesays.com\/de\/517392\/"},"modified":"2025-10-22T04:00:13","modified_gmt":"2025-10-22T04:00:13","slug":"mannheim-weihnachtscircus-gastiert-wieder-auf-dem-neuen-messplatz-mannheim-und-metropolregion-rhein-neckar-nachrichten-und-aktuelles","status":"publish","type":"post","link":"https:\/\/www.europesays.com\/de\/517392\/","title":{"rendered":"Mannheim: &#8222;Weihnachtscircus&#8220; gastiert wieder auf dem Neuen Messplatz &#8211; Mannheim und Metropolregion Rhein-Neckar &#8211; Nachrichten und Aktuelles"},"content":{"rendered":"<p>Mannheim. (hewa) Manege frei f\u00fcr den &#8222;Mannheimer Weihnachtscircus&#8220;. Zum mittlerweile dritten Mal k\u00f6nnen die Besucher auf dem Neuen Messplatz in der Neckarstadt im stimmungsvoll geschm\u00fcckten und weihnachtlich illuminierten Zirkuszelt spektakul\u00e4re Artistik und ausgelassene Fr\u00f6hlichkeit erleben. <\/p>\n<p>&#8222;Alle Programmpunkte sind neu. Sie werden nicht aneinandergereiht, sondern ineinanderflie\u00dfend<\/p>\n","protected":false},"excerpt":{"rendered":"Mannheim. (hewa) Manege frei f\u00fcr den &#8222;Mannheimer Weihnachtscircus&#8220;. Zum mittlerweile dritten Mal k\u00f6nnen die Besucher auf dem Neuen&hellip;\n","protected":false},"author":2,"featured_media":517393,"comment_status":"","ping_status":"","sticky":false,"template":"","format":"standard","meta":{"footnotes":""},"categories":[1845],"tags":[1634,3364,29,548,663,3934,30,13,2096,17870,14,15,12],"class_list":{"0":"post-517392","1":"post","2":"type-post","3":"status-publish","4":"format-standard","5":"has-post-thumbnail","7":"category-mannheim","8":"tag-baden-wuerttemberg","9":"tag-de","10":"tag-deutschland","11":"tag-eu","12":"tag-europa","13":"tag-europe","14":"tag-germany","15":"tag-headlines","16":"tag-mannheim","17":"tag-mannheim-metropolregion-nordbaden-rhein-neckart-rhein-neckar-pfalz-vorderpfalz","18":"tag-nachrichten","19":"tag-news","20":"tag-schlagzeilen"},"share_on_mastodon":{"url":"https:\/\/pubeurope.com\/@de\/115415824957788262","error":""},"_links":{"self":[{"href":"https:\/\/www.europesays.com\/de\/wp-json\/wp\/v2\/posts\/517392","targetHints":{"allow":["GET"]}}],"collection":[{"href":"https:\/\/www.europesays.com\/de\/wp-json\/wp\/v2\/posts"}],"about":[{"href":"https:\/\/www.europesays.com\/de\/wp-json\/wp\/v2\/types\/post"}],"author":[{"embeddable":true,"href":"https:\/\/www.europesays.com\/de\/wp-json\/wp\/v2\/users\/2"}],"replies":[{"embeddable":true,"href":"https:\/\/www.europesays.com\/de\/wp-json\/wp\/v2\/comments?post=517392"}],"version-history":[{"count":0,"href":"https:\/\/www.europesays.com\/de\/wp-json\/wp\/v2\/posts\/517392\/revisions"}],"wp:featuredmedia":[{"embeddable":true,"href":"https:\/\/www.europesays.com\/de\/wp-json\/wp\/v2\/media\/517393"}],"wp:attachment":[{"href":"https:\/\/www.europesays.com\/de\/wp-json\/wp\/v2\/media?parent=517392"}],"wp:term":[{"taxonomy":"category","embeddable":true,"href":"https:\/\/www.europesays.com\/de\/wp-json\/wp\/v2\/categories?post=517392"},{"taxonomy":"post_tag","embeddable":true,"href":"https:\/\/www.europesays.com\/de\/wp-json\/wp\/v2\/tags?post=517392"}],"curies":[{"name":"wp","href":"https:\/\/api.w.org\/{rel}","templated":true}]}}