{"id":517553,"date":"2025-10-22T05:32:14","date_gmt":"2025-10-22T05:32:14","guid":{"rendered":"https:\/\/www.europesays.com\/de\/517553\/"},"modified":"2025-10-22T05:32:14","modified_gmt":"2025-10-22T05:32:14","slug":"aok-nordwest-jetzt-grippeimpfung-in-bochum-holen","status":"publish","type":"post","link":"https:\/\/www.europesays.com\/de\/517553\/","title":{"rendered":"AOK Nordwest: Jetzt Grippeimpfung in Bochum holen"},"content":{"rendered":"<p class=\"small date article__date\">Ver\u00f6ffentlicht:\u00a0Mittwoch, 22.10.2025 06:47<\/p>\n<p>Bis Impfschutz bei der Grippeimpfung besteht, dauert es. Deswegen empfiehlt die AOK, sich jetzt impfen zu lassen.<\/p>\n<p><img decoding=\"async\" alt=\"Impfung, Impfen, Covid, Covid 19, Corona, Coronavirus, Virus, Spritze, Arzt, Medizin, Doktor\" src=\"https:\/\/www.europesays.com\/de\/wp-content\/uploads\/2025\/10\/shutterstock_tong_stocker-1740628409.jpg&#038;crop=0x130x6240x3900&#038;resize=1280x800&#038;dt=202103051058310.jpeg\" data-size=\"1280x800\"\/>\u00a9 Tong_stocker \/ shutterstock.comAtemwegserkrankungen h\u00e4ufigste Ursache f\u00fcr Krankmeldungen in Bochum<\/p>\n<p>Im ersten halben Jahr 2025 waren Atemwegserkrankungen der h\u00e4ufigste Grund f\u00fcr Krankmeldungen. Das meldet die AOK NordWest und beruft sich dabei auf Zahlen ihrer Versicherten. Erfahrungsgem\u00e4\u00df gehe es mit den infektionszahlen zu Winterbeginn deutlich hoch:<\/p>\n<blockquote><p>\u201eAufgrund der Jahreszeit muss in den n\u00e4chsten Wochen mit einer weiteren Zunahme von Virusinfektionen gerechnet werden\u201c &#8211; AOK-Serviceregionsleiter J\u00f6rg Kock<\/p><\/blockquote>\n<p>Daraus schlie\u00dft sich f\u00fcr die AOK: Eine Grippeimpfung ist gerade jetzt sinnvoll. <\/p>\n<p>Grippeimpfung in Bochum<\/p>\n<p>Bis der K\u00f6rper vollst\u00e4ndigen Impfschutz gegen die Virusgrippe aufgebaut hat, kann es zehn bis 14 Tage dauern. Deswegen sei es gerade im Oktober und November sinnvoll, sich die Grippeimpfung zu holen. Das empfiehlt auch die St\u00e4ndige Impfkommission, die STIKO, vor allem f\u00fcr Menschen ab 60 Jahren. Bei der klassischen Grippe handelt es sich um eine schwere Virusinfektion, nicht etwa um grippale Infekte. Die Influenza kann schwere Krankheitsverl\u00e4ufe haben. Zu den Symptomen und Folgen k\u00f6nnen schweres Fieber oder Lungenentz\u00fcndungen z\u00e4hlen.<\/p>\n<p>In allen Hausarztpraxen, aber auch in einigen Apotheken, ist die Grippeimpfung m\u00f6glich. <\/p>\n","protected":false},"excerpt":{"rendered":"Ver\u00f6ffentlicht:\u00a0Mittwoch, 22.10.2025 06:47 Bis Impfschutz bei der Grippeimpfung besteht, dauert es. Deswegen empfiehlt die AOK, sich jetzt impfen&hellip;\n","protected":false},"author":2,"featured_media":517554,"comment_status":"","ping_status":"","sticky":false,"template":"","format":"standard","meta":{"footnotes":""},"categories":[1839],"tags":[7507,3364,29,30,13411,755,1209],"class_list":{"0":"post-517553","1":"post","2":"type-post","3":"status-publish","4":"format-standard","5":"has-post-thumbnail","7":"category-bochum","8":"tag-bochum","9":"tag-de","10":"tag-deutschland","11":"tag-germany","12":"tag-grippe","13":"tag-impfung","14":"tag-nordrhein-westfalen"},"share_on_mastodon":{"url":"https:\/\/pubeurope.com\/@de\/115416186665133312","error":""},"_links":{"self":[{"href":"https:\/\/www.europesays.com\/de\/wp-json\/wp\/v2\/posts\/517553","targetHints":{"allow":["GET"]}}],"collection":[{"href":"https:\/\/www.europesays.com\/de\/wp-json\/wp\/v2\/posts"}],"about":[{"href":"https:\/\/www.europesays.com\/de\/wp-json\/wp\/v2\/types\/post"}],"author":[{"embeddable":true,"href":"https:\/\/www.europesays.com\/de\/wp-json\/wp\/v2\/users\/2"}],"replies":[{"embeddable":true,"href":"https:\/\/www.europesays.com\/de\/wp-json\/wp\/v2\/comments?post=517553"}],"version-history":[{"count":0,"href":"https:\/\/www.europesays.com\/de\/wp-json\/wp\/v2\/posts\/517553\/revisions"}],"wp:featuredmedia":[{"embeddable":true,"href":"https:\/\/www.europesays.com\/de\/wp-json\/wp\/v2\/media\/517554"}],"wp:attachment":[{"href":"https:\/\/www.europesays.com\/de\/wp-json\/wp\/v2\/media?parent=517553"}],"wp:term":[{"taxonomy":"category","embeddable":true,"href":"https:\/\/www.europesays.com\/de\/wp-json\/wp\/v2\/categories?post=517553"},{"taxonomy":"post_tag","embeddable":true,"href":"https:\/\/www.europesays.com\/de\/wp-json\/wp\/v2\/tags?post=517553"}],"curies":[{"name":"wp","href":"https:\/\/api.w.org\/{rel}","templated":true}]}}