{"id":517590,"date":"2025-10-22T05:57:14","date_gmt":"2025-10-22T05:57:14","guid":{"rendered":"https:\/\/www.europesays.com\/de\/517590\/"},"modified":"2025-10-22T05:57:14","modified_gmt":"2025-10-22T05:57:14","slug":"ohb-satellit-aus-bremen-sendet-erste-bilder-zur-luftverschmutzung","status":"publish","type":"post","link":"https:\/\/www.europesays.com\/de\/517590\/","title":{"rendered":"OHB-Satellit aus Bremen sendet erste Bilder zur Luftverschmutzung"},"content":{"rendered":"<p class=\"article-toplinewrapper\">\n<p>Standdatum: 22. Oktober 2025.<\/p>\n<p><img decoding=\"async\" class=\"image -image-with-fallback -image-rounded  lazyload\" src=\"data:image\/gif;base64,R0lGODlhEAAJAIAAAP\/\/\/\/\/\/\/yH5BAEKAAEALAAAAAAQAAkAAAIKjI+py+0Po5yUFQA7\"   alt=\"Eine Grafik eines Satelliten der eesa\" data-image-owner=\"Radio Bremen\" data-image-title=\"Eine Grafik eines Satelliten der eesa\" data-image-src=\"https:\/\/www.butenunbinnen.de\/bilder\/satellit100~_v-800x450_c-1761110470119.jpg\" data-image-rights-src=\"\/bilder\/satellit100~_v-640x360_c-1761110470119.jpg\"\/><\/p>\n<p>Der Satellit soll Bilder von der Luftverschmutzung liefern. (Symbolbild)<\/p>\n<p>Bild: Radio Bremen<\/p>\n<p class=\"article-intro\">Noch ist der in Bremen gebaute Satellit im Testbetrieb \u2013 soll sp\u00e4ter aber Daten f\u00fcr ganz Europa senden. Ziel ist es, zu verfolgen, wie sich Schadstoffe \u00fcber den Kontinent verbreiten.<\/p>\n<p>Der Erdbeobachtungssatellit MTG-S1 und einige Instrumente darauf stammen vom Bremer Raumfahrtunternehmen OHB.\u00a0Er soll vor allem die Luftverschmutzung \u00fcber Europa \u00fcberwachen. <\/p>\n<p>Auf den ersten Bildern fallen hohe Ozonkonzentrationen \u00fcber dem Balkan, Bulgarien und Griechenland auf. Au\u00dferdem Stickoxid-Hotspots \u00fcber der italienischen Po-Ebene, die vor allem durch Dieselmotoren und Kraftwerke entstehen, sowie Schwefeldioxid-Wolken \u2013 aus nat\u00fcrlichen Quellen aber auch vom Menschen gemacht.<\/p>\n<p>Wie sich Schadstoffe \u00fcber einen Kontinent ausbreiten<\/p>\n<p>Noch l\u00e4uft der Erdbeobachtungssatellit aus Bremen im Testbetrieb. Wenn er sp\u00e4ter normal arbeitet, funkt er st\u00fcndlich Luftmessdaten f\u00fcr ganz Europa an seine Erdstation. Damit k\u00f6nne man erstmals die Ausbreitung von Schadstoffen \u00fcber einen ganzen Kontinent verfolgen, hei\u00dft es von Eumetsat. Die Organisation lenkt den Satelliten und koordiniert die Umwelt\u00fcberwachungsprogramme. Schadstoffe sind eine der Hauptursachen f\u00fcr Atemwegs- und Herz-Kreislauf-Erkrankungen.<\/p>\n<p>Dabei hilft auch das sogenannte &#8222;Sentinel 4&#8220;-Instrument an Bord des Satelliten. Das Spektrometer \u00fcberwacht die Atmosph\u00e4re, die Luftqualit\u00e4t und das Klima \u00fcber Europa und wurde auch in Bremen von OHB entwickelt.<\/p>\n<p class=\"article-legal-broadcast-reference\"><strong>Dieses Thema im Programm:<\/strong><br \/>\nBremen Eins, Nachrichten, 21. Oktober 2021, 17 Uhr<\/p>\n","protected":false},"excerpt":{"rendered":"Standdatum: 22. Oktober 2025. Der Satellit soll Bilder von der Luftverschmutzung liefern. (Symbolbild) Bild: Radio Bremen Noch ist&hellip;\n","protected":false},"author":2,"featured_media":517591,"comment_status":"","ping_status":"","sticky":false,"template":"","format":"standard","meta":{"footnotes":""},"categories":[1824],"tags":[2420,3364,29,30,4397],"class_list":{"0":"post-517590","1":"post","2":"type-post","3":"status-publish","4":"format-standard","5":"has-post-thumbnail","7":"category-bremen","8":"tag-bremen","9":"tag-de","10":"tag-deutschland","11":"tag-germany","12":"tag-x"},"share_on_mastodon":{"url":"https:\/\/pubeurope.com\/@de\/115416284809822124","error":""},"_links":{"self":[{"href":"https:\/\/www.europesays.com\/de\/wp-json\/wp\/v2\/posts\/517590","targetHints":{"allow":["GET"]}}],"collection":[{"href":"https:\/\/www.europesays.com\/de\/wp-json\/wp\/v2\/posts"}],"about":[{"href":"https:\/\/www.europesays.com\/de\/wp-json\/wp\/v2\/types\/post"}],"author":[{"embeddable":true,"href":"https:\/\/www.europesays.com\/de\/wp-json\/wp\/v2\/users\/2"}],"replies":[{"embeddable":true,"href":"https:\/\/www.europesays.com\/de\/wp-json\/wp\/v2\/comments?post=517590"}],"version-history":[{"count":0,"href":"https:\/\/www.europesays.com\/de\/wp-json\/wp\/v2\/posts\/517590\/revisions"}],"wp:featuredmedia":[{"embeddable":true,"href":"https:\/\/www.europesays.com\/de\/wp-json\/wp\/v2\/media\/517591"}],"wp:attachment":[{"href":"https:\/\/www.europesays.com\/de\/wp-json\/wp\/v2\/media?parent=517590"}],"wp:term":[{"taxonomy":"category","embeddable":true,"href":"https:\/\/www.europesays.com\/de\/wp-json\/wp\/v2\/categories?post=517590"},{"taxonomy":"post_tag","embeddable":true,"href":"https:\/\/www.europesays.com\/de\/wp-json\/wp\/v2\/tags?post=517590"}],"curies":[{"name":"wp","href":"https:\/\/api.w.org\/{rel}","templated":true}]}}