{"id":517731,"date":"2025-10-22T07:28:24","date_gmt":"2025-10-22T07:28:24","guid":{"rendered":"https:\/\/www.europesays.com\/de\/517731\/"},"modified":"2025-10-22T07:28:24","modified_gmt":"2025-10-22T07:28:24","slug":"sperrungen-am-sonntag-bei-bus-und-strassenbahn","status":"publish","type":"post","link":"https:\/\/www.europesays.com\/de\/517731\/","title":{"rendered":"Sperrungen am Sonntag bei Bus und Stra\u00dfenbahn"},"content":{"rendered":"<p>Lauf am Sonntag <\/p>\n<p>Dresden-Marathon f\u00fchrt zu umfangreichen Sperrungen<\/p>\n<p>Aktualisiert am 22.10.2025 &#8211; 08:48 UhrLesedauer: 2 Min.<\/p>\n<p><a href=\"#focus-0\" class=\"transition-colors duration-200 block text-current relative\" data-sctrack=\"FocusGalleryImage.Reference\"><img fetchpriority=\"high\" data-testid=\"Opener.Image\" style=\"--lqipURL:url('https:\/\/images.t-online.de\/2025\/10\/3od073AX5RR4\/88x0:3824x2151\/fit-in\/150x0\/filters:blur(25)\/23-dresden-marathon-das-laeuferfeld-am-beginn-der-augustusbruecke-mit-der-semperoper-in-der-historischen-dresdner-altstadt-im-hintergrund-laeufer-lauf-marathon-42km-halbmarathon-marathonlaeufer-dresden-marathon-22-102023-23-dresden-marathon-the-field-of-runners-at-the-beginning-of-augustus-bridge-with-the-semper-opera-house-in-the-historic-dresden-old-town-in-the-background-runners-run-marathon-42km-half-marathon-marathon-runners-dresden-marathon-22-10-2023.jpg')\"   loading=\"eager\" src=\"https:\/\/www.europesays.com\/de\/wp-content\/uploads\/2025\/10\/23-dresden-marathon-das-laeuferfeld-am-beginn-der-augustusbruecke-mit-der-semperoper-in-der-historis.jpeg\" alt=\"imago images 1036143778\" title=\"imago images 1036143778\" width=\"3824\" height=\"2151\" class=\"bg-[url:var(--lqipURL)] bg-cover bg-center flex h-full w-full max-w-full\" decoding=\"async\"\/><img style=\"--width:32;--height:32\" loading=\"lazy\" src=\"https:\/\/dresden.t-online.de\/s\/paper\/_next\/static\/media\/zoom-in.f7dae02f.svg\" alt=\"Vergr\u00f6\u00dfern des Bildes\" title=\"Vergr\u00f6\u00dfern des Bildes\" class=\"block h-[calc(var(--height)_\/_16_*_1rem)] w-[calc(var(--width)_\/_16_*_1rem)] max-w-none absolute bottom-8 right-8 rounded-4 bg-snow p-8\" decoding=\"async\"\/><\/a><\/p>\n<p>L\u00e4ufer beim Dresden-Marathon (Archivbild): Am Sonntag werden zahlreiche Stra\u00dfen f\u00fcr die Laufveranstaltung gesperrt. (Quelle: IMAGO\/Lutz Hentschel\/imago)<\/p>\n<p class=\"font-bold text-18 leading-17\">Am Sonntag sind zahlreiche Stra\u00dfen gesperrt. Viele Bus- und Stra\u00dfenbahnlinien werden umgeleitet oder verk\u00fcrzt. Das m\u00fcssen Autofahrer und Fahrg\u00e4ste beachten.<\/p>\n<p class=\"text-18 leading-17\">Der 25. Dresden-Marathon f\u00fchrt am Wochenende des 25. und 26. Oktober 2025 zu umfangreichen Verkehrseinschr\u00e4nkungen. Das teilen die Stadt und die Dresdner Verkehrsbetriebe (DVB) mit.<\/p>\n<p class=\"text-18 leading-17\">Bereits am Samstag, 25. Oktober, gibt es nach Angaben der Stadt erste Sperrungen wegen des Kindermarathons und des F\u00fcnf-Kilometer-Laufs. Diese finden zwischen 15.30 Uhr und 17.30 Uhr rund um den Sportpark-Ostra statt. Gesperrt sind unter anderem die Wei\u00dferitzstra\u00dfe, Pieschener Allee, Schlachthofstra\u00dfe und das Ostra-Ufer.<\/p>\n<p class=\"text-18 leading-17\">Am Sonntag, 26. Oktober 2025, werden von 6 Uhr bis 16.30 Uhr viele Stra\u00dfen im Stadtzentrum und in angrenzenden Stadtteilen gesperrt. Betroffen sind unter anderem die Innere Neustadt, \u00c4u\u00dfere Neustadt, Radeberger Vorstadt, Striesen, Blasewitz, Johannstadt und Gruna. Umleitungen f\u00fcr Hauptverkehrsstra\u00dfen sind eingerichtet, dennoch sollten Autofahrer l\u00e4ngere Fahrzeiten einplanen oder die Bereiche umfahren.<\/p>\n<p class=\"text-18 leading-17\">Von 8 bis 16 Uhr m\u00fcssen Fahrg\u00e4ste auch im \u00f6ffentlichen Nahverkehr mit erheblichen St\u00f6rungen rechnen. Die DVB raten, das Zentrum zu umfahren, wenn das Ziel au\u00dferhalb der Innenstadt liegt.<\/p>\n<p class=\"text-18 leading-17\">Mehrere Stra\u00dfenbahnlinien \u00e4ndern ihre Routen: Die Linien 1 und 2 verbinden Stra\u00dfburger Platz und Lipsiusstra\u00dfe \u00fcber die St\u00fcbelallee. Linie 6 f\u00e4hrt ab 9.30 Uhr \u00fcber W\u00f6lfnitz und Bahnhof Mitte zum Stra\u00dfburger Platz und dann als Linie 10 zur Messe Dresden weiter. Die Linie 9 verkehrt zwischen Kaditz, Postplatz, Altmarkt und Stra\u00dfburger Platz.<\/p>\n<p class=\"text-18 leading-17\">Der Ersatzverkehr f\u00fcr Linie 6 f\u00e4hrt ab 10 Uhr \u00fcber D\u00fcrerstra\u00dfe und Augsburger Stra\u00dfe bis Niedersedlitz. Zwischen 11 und 13 Uhr \u00e4ndert sich die Route \u00fcber die Lipsiusstra\u00dfe.<\/p>\n<p class=\"text-18 leading-17\">W\u00e4hrend des Marathonstarts (10 bis 11.30 Uhr) kommen weitere Einschr\u00e4nkungen auf den Linien 3, 4, 6, 7, 9, 11, 13 und dem Ersatzverkehr der Linie 11 hinzu. Betroffen sind den Angaben zufolge vor allem die Bereiche um das Kongresszentrum, die Anton-\/Leipziger Stra\u00dfe und der Albertplatz.<\/p>\n<p class=\"text-18 leading-17\">Wichtig f\u00fcr Fahrg\u00e4ste: Zwischen 10 und 16 Uhr gibt es keine durchgehenden Verbindungen nach Striesen und Laubegast, wie die DVB mitteilen. Den Ersatzverkehr nach Striesen erreichen Fahrg\u00e4ste an der Haltestelle Lipsiusstra\u00dfe mit den Linien 1 oder 2.<\/p>\n<p class=\"text-18 leading-17\">Auch einzelne Haltestellen \u00e4ndern sich: Die Haltestelle Georg-Arnhold-Bad wird in Richtung Stra\u00dfburger Platz verlegt, die Haltestelle Lene-Glatzer-Stra\u00dfe befindet sich in Richtung Zentrum nach der Einm\u00fcndung Lothringer Weg. Die Haltestelle K\u00e4the-Kollwitz-Ufer wird zwischen 8 und 16 Uhr in Richtung Reick nicht angefahren.<\/p>\n<p class=\"text-18 leading-17\">Auch Fu\u00dfg\u00e4nger m\u00fcssen mit Einschr\u00e4nkungen rechnen. Viele Ampeln entlang der Strecke sind deaktiviert, und Stra\u00dfenbahn-Gleisquerungen nicht signalisiert.<\/p>\n<p class=\"text-18 leading-17\">10.000 L\u00e4uferinnen und L\u00e4ufer haben sich f\u00fcr den 25. Dresden-Marathon am Wochenende angemeldet. Das seien so viele wie noch nie, teilt die Stadt weiter mit.<\/p>\n","protected":false},"excerpt":{"rendered":"Lauf am Sonntag Dresden-Marathon f\u00fchrt zu umfangreichen Sperrungen Aktualisiert am 22.10.2025 &#8211; 08:48 UhrLesedauer: 2 Min. L\u00e4ufer beim&hellip;\n","protected":false},"author":2,"featured_media":515103,"comment_status":"","ping_status":"","sticky":false,"template":"","format":"standard","meta":{"footnotes":""},"categories":[1835],"tags":[71427,722,17161,3364,29,2386,30,49292,4082,128520,61421,859,2224,28056,15208,601],"class_list":{"0":"post-517731","1":"post","2":"type-post","3":"status-publish","4":"format-standard","5":"has-post-thumbnail","7":"category-dresden","8":"tag-laufveranstaltung","9":"tag-722","10":"tag-17161","11":"tag-de","12":"tag-deutschland","13":"tag-dresden","14":"tag-germany","15":"tag-johannstadt","16":"tag-marathon","17":"tag-neustadt-dosse","18":"tag-radeberger-pilsener","19":"tag-sachsen","20":"tag-sperrung","21":"tag-strassenbahnlinie","22":"tag-striesen","23":"tag-verkehr"},"share_on_mastodon":{"url":"https:\/\/pubeurope.com\/@de\/115416643939800032","error":""},"_links":{"self":[{"href":"https:\/\/www.europesays.com\/de\/wp-json\/wp\/v2\/posts\/517731","targetHints":{"allow":["GET"]}}],"collection":[{"href":"https:\/\/www.europesays.com\/de\/wp-json\/wp\/v2\/posts"}],"about":[{"href":"https:\/\/www.europesays.com\/de\/wp-json\/wp\/v2\/types\/post"}],"author":[{"embeddable":true,"href":"https:\/\/www.europesays.com\/de\/wp-json\/wp\/v2\/users\/2"}],"replies":[{"embeddable":true,"href":"https:\/\/www.europesays.com\/de\/wp-json\/wp\/v2\/comments?post=517731"}],"version-history":[{"count":0,"href":"https:\/\/www.europesays.com\/de\/wp-json\/wp\/v2\/posts\/517731\/revisions"}],"wp:featuredmedia":[{"embeddable":true,"href":"https:\/\/www.europesays.com\/de\/wp-json\/wp\/v2\/media\/515103"}],"wp:attachment":[{"href":"https:\/\/www.europesays.com\/de\/wp-json\/wp\/v2\/media?parent=517731"}],"wp:term":[{"taxonomy":"category","embeddable":true,"href":"https:\/\/www.europesays.com\/de\/wp-json\/wp\/v2\/categories?post=517731"},{"taxonomy":"post_tag","embeddable":true,"href":"https:\/\/www.europesays.com\/de\/wp-json\/wp\/v2\/tags?post=517731"}],"curies":[{"name":"wp","href":"https:\/\/api.w.org\/{rel}","templated":true}]}}