{"id":517766,"date":"2025-10-22T07:49:14","date_gmt":"2025-10-22T07:49:14","guid":{"rendered":"https:\/\/www.europesays.com\/de\/517766\/"},"modified":"2025-10-22T07:49:14","modified_gmt":"2025-10-22T07:49:14","slug":"hamburg-hatte-2024-hoechste-homeoffice-quote-bundesweit-tageskarte","status":"publish","type":"post","link":"https:\/\/www.europesays.com\/de\/517766\/","title":{"rendered":"Hamburg hatte 2024 h\u00f6chste Homeoffice-Quote bundesweit: Tageskarte"},"content":{"rendered":"<p>35,6 Prozent der Arbeitnehmer und Beamten in Hamburg haben im vergangenen Jahr mindestens einen Tag in der Woche von zu Hause aus gearbeitet. Damit hat die Hansestadt die h\u00f6chste Homeoffice-Quote aller Bundesl\u00e4nder aufgewiesen, wie das Statistikamt Nord auf Basis der Ergebnisse des Mikrozensus mitteilte.\u00a0<\/p>\n<p>Der Bundesdurchschnitt lag demnach bei 22,7\u00a0Prozent der abh\u00e4ngig Besch\u00e4ftigten. Zu den abh\u00e4ngig Besch\u00e4ftigten z\u00e4hlen Angestellte, Arbeiterinnen und Arbeiter sowie Beamtinnen und Beamte ohne Auszubildende.<\/p>\n<p>Die bundesweit h\u00f6chsten Homeoffice-Quoten gab es nach Hamburg in Berlin (31,2\u00a0Prozent) und Hessen (27,4\u00a0Prozent). Die geringsten Homeoffice-Quoten wiesen Mecklenburg-Vorpommern (14,1\u00a0Prozent), Th\u00fcringen (13,5\u00a0Prozent) und Sachsen-Anhalt (10,9\u00a0Prozent) auf.\u00a0<\/p>\n<p>Gegen\u00fcber dem Jahr\u00a02021 sank die Homeoffice-Quote in Hamburg nach Angaben der Statistiker um 2,8\u00a0Prozentpunkte. Das ist der zweitst\u00e4rkste R\u00fcckgang nach Berlin (minus 3,9\u00a0Prozentpunkte). Die bundesweite Homeoffice-Quote sank im Vergleich zu 2021 nur geringf\u00fcgig um 0,7 Prozentpunkte. (dpa)<\/p>\n","protected":false},"excerpt":{"rendered":"35,6 Prozent der Arbeitnehmer und Beamten in Hamburg haben im vergangenen Jahr mindestens einen Tag in der Woche&hellip;\n","protected":false},"author":2,"featured_media":517767,"comment_status":"","ping_status":"","sticky":false,"template":"","format":"standard","meta":{"footnotes":""},"categories":[1826],"tags":[19489,29,30,692,19234,5422],"class_list":{"0":"post-517766","1":"post","2":"type-post","3":"status-publish","4":"format-standard","5":"has-post-thumbnail","7":"category-hamburg","8":"tag-bundesweit","9":"tag-deutschland","10":"tag-germany","11":"tag-hamburg","12":"tag-homeoffice","13":"tag-quote"},"share_on_mastodon":{"url":"","error":""},"_links":{"self":[{"href":"https:\/\/www.europesays.com\/de\/wp-json\/wp\/v2\/posts\/517766","targetHints":{"allow":["GET"]}}],"collection":[{"href":"https:\/\/www.europesays.com\/de\/wp-json\/wp\/v2\/posts"}],"about":[{"href":"https:\/\/www.europesays.com\/de\/wp-json\/wp\/v2\/types\/post"}],"author":[{"embeddable":true,"href":"https:\/\/www.europesays.com\/de\/wp-json\/wp\/v2\/users\/2"}],"replies":[{"embeddable":true,"href":"https:\/\/www.europesays.com\/de\/wp-json\/wp\/v2\/comments?post=517766"}],"version-history":[{"count":0,"href":"https:\/\/www.europesays.com\/de\/wp-json\/wp\/v2\/posts\/517766\/revisions"}],"wp:featuredmedia":[{"embeddable":true,"href":"https:\/\/www.europesays.com\/de\/wp-json\/wp\/v2\/media\/517767"}],"wp:attachment":[{"href":"https:\/\/www.europesays.com\/de\/wp-json\/wp\/v2\/media?parent=517766"}],"wp:term":[{"taxonomy":"category","embeddable":true,"href":"https:\/\/www.europesays.com\/de\/wp-json\/wp\/v2\/categories?post=517766"},{"taxonomy":"post_tag","embeddable":true,"href":"https:\/\/www.europesays.com\/de\/wp-json\/wp\/v2\/tags?post=517766"}],"curies":[{"name":"wp","href":"https:\/\/api.w.org\/{rel}","templated":true}]}}