{"id":517793,"date":"2025-10-22T08:03:15","date_gmt":"2025-10-22T08:03:15","guid":{"rendered":"https:\/\/www.europesays.com\/de\/517793\/"},"modified":"2025-10-22T08:03:15","modified_gmt":"2025-10-22T08:03:15","slug":"champions-league-bvb-schlaegt-kopenhagen-bayer-leverkusen-geht-gegen-psg-unter","status":"publish","type":"post","link":"https:\/\/www.europesays.com\/de\/517793\/","title":{"rendered":"Champions League: BVB schl\u00e4gt Kopenhagen \u2013 Bayer Leverkusen geht gegen PSG unter"},"content":{"rendered":"<p>Neun Tore in Leverkusen\u00a0<\/p>\n<p>                                    <img decoding=\"async\" src=\"https:\/\/www.europesays.com\/de\/wp-content\/uploads\/2025\/10\/felix-nmecha-jobe-bellingham-borussia-dortmund-2025-1761079084-180982.jpg\" title=\"Champions League: BVB schl\u00e4gt Kopenhagen \u2013 Bayer Leverkusen geht gegen PSG unter\" alt=\"Champions League: BVB schl\u00e4gt Kopenhagen \u2013 Bayer Leverkusen geht gegen PSG unter\"\/><\/p>\n<p>\n                                       \u00a9IMAGO\n                                    <\/p>\n<p><a title=\"Borussia Dortmund\" href=\"https:\/\/www.transfermarkt.de\/borussia-dortmund\/startseite\/verein\/16\" target=\"_blank\" rel=\"nofollow noopener\">Borussia Dortmund<\/a> hat die Niederlage im Bundesliga-Klassiker dank <a title=\"Felix Nmecha\" href=\"https:\/\/www.transfermarkt.de\/felix-nmecha\/profil\/spieler\/406640\" target=\"_blank\" rel=\"nofollow noopener\">Felix Nmecha<\/a> hinter sich gelassen und seine starke Bilanz in der <a title=\"UEFA Champions League\" href=\"https:\/\/www.transfermarkt.de\/uefa-champions-league\/startseite\/wettbewerb\/CL\" target=\"_blank\" rel=\"nofollow noopener\">Champions League<\/a> gewahrt. Das Team von Trainer Niko Kovac siegte am Abend dank eines starken Endspurts klar mit <a href=\"https:\/\/www.transfermarkt.de\/spielbericht\/index\/spielbericht\/4715109\" target=\"_blank\" rel=\"nofollow noopener\">4:2 (1:1)<\/a> beim <a title=\"FC Kopenhagen\" href=\"https:\/\/www.transfermarkt.de\/fc-kopenhagen\/startseite\/verein\/190\" target=\"_blank\" rel=\"nofollow noopener\">FC Kopenhagen<\/a> um Ex-BVB-Profi <a title=\"Youssoufa Moukoko\" href=\"https:\/\/www.transfermarkt.de\/youssoufa-moukoko\/profil\/spieler\/467720\" target=\"_blank\" rel=\"nofollow noopener\">Youssoufa Moukoko<\/a> und steht nach drei Spieltagen bei sieben Punkten. Andere Gef\u00fchlswelten erlebte <a title=\"Bayer 04 Leverkusen\" href=\"https:\/\/www.transfermarkt.de\/bayer-04-leverkusen\/startseite\/verein\/15\" target=\"_blank\" rel=\"nofollow noopener\">Bayer Leverkusen<\/a> beim Heimspiel gegen Titelverteidiger <a title=\"FC Paris Saint-Germain\" href=\"https:\/\/www.transfermarkt.de\/fc-paris-saint-germain\/startseite\/verein\/583\" target=\"_blank\" rel=\"nofollow noopener\">Paris Saint-Germain<\/a>. Die Werkself geriet mit <a href=\"https:\/\/www.transfermarkt.de\/spielbericht\/index\/spielbericht\/4715018\" target=\"_blank\" rel=\"nofollow noopener\">2:7 (1:4)<\/a> unter die R\u00e4der und hatte zu keinem Zeitpunkt des Spiels eine Chance.<\/p>\n<p><\/p>\n<p>Vor 35.058 Zuschauern erzielten Doppeltorsch\u00fctze Nmecha (20.\/76. Minute), <a title=\"Ramy Bensebaini\" href=\"https:\/\/www.transfermarkt.de\/ramy-bensebaini\/profil\/spieler\/284732\" target=\"_blank\" rel=\"nofollow noopener\">Ramy Bensebaini <\/a>(61.\/Foulelfmeter) sowie <a title=\"F\u00e1bio Silva\" href=\"https:\/\/www.transfermarkt.de\/f-bio-silva\/profil\/spieler\/505653\" target=\"_blank\" rel=\"nofollow noopener\">F\u00e1bio Silva<\/a> (87.) die Treffer f\u00fcr den BVB, der drei Tage nach dem 1:2 beim FC Bayern eine ordentliche Leistung zeigte. Ein Eigentor von <a title=\"Waldemar Anton\" href=\"https:\/\/www.transfermarkt.de\/waldemar-anton\/profil\/spieler\/193004\" target=\"_blank\" rel=\"nofollow noopener\">Waldemar Anton<\/a> (33.) brachte Borussia Dortmund nur kurzzeitig ins Wanken. <a title=\"Viktor Dadason\" href=\"https:\/\/www.transfermarkt.de\/viktor-dadason\/profil\/spieler\/1072751\" target=\"_blank\" rel=\"nofollow noopener\">Viktor Dadasons<\/a> Treffer (90.+1) f\u00fcr die D\u00e4nen fiel, als die Partie bereits entschieden war.<\/p>\n<p><\/p>\n<p>Nach einem 4:4 bei Juventus Turin sowie einem 4:1 gegen Athletic Bilbao nimmt Dortmund Kurs auf die so wichtige Top-8-Platzierung, mit der man sich im neuen Modus eine zus\u00e4tzliche K.o.-Runde im Fr\u00fchjahr sparen kann. Kovac reagierte drei Tage nach der 1:2-Niederlage beim FC Bayern mit f\u00fcnf Ver\u00e4nderungen. Die zuletzt h\u00e4ufig als Joker eingesetzten Julian Brandt und Jobe Bellingham erhielten von Anfang an eine Chance. Kovac lobte das Duo und berichtete bei \u201eDAZN\u201c von seinen Worten, die er an den 20 Jahre jungen Bellingham gerichtet hatte: \u201eDu spielst heute, weil du das kannst und weil ich das vollste Vertrauen in Dich habe.\u201c<\/p>\n<p><\/p>\n<p>Tats\u00e4chlich brachte sich Bellingham fr\u00fch gewinnbringend ins BVB-Spiel ein. Nach Zuspiel von Serhou Guirassy legte der Engl\u00e4nder fein auf Nmecha ab, der wuchtig per Traumtor zur fr\u00fchen Dortmunder F\u00fchrung vollendete. Sehr zur Freude der G\u00e4stefans, die trotz des Boykotts von mehreren Ultra-Gruppen zahlreich in D\u00e4nemarks Hauptstadt vertreten waren.<\/p>\n<p>Obwohl die D\u00e4nen dank Viktor Claesson fr\u00fch (6.) die erste Chance hatten, gab Dortmund in dem EM-Stadion, das 2021 der Schauplatz des dramatischen Herzstillstandes von Christian Eriksen gewesen war, zun\u00e4chst den Ton an. Die Achse um Bellingham und Nmecha kontrollierte das Zentrum, in welchem die Gastgeber den verletzungsbedingt fehlenden Ex-Dortmunder Thomas Delaney schmerzlich vermissten.<\/p>\n<p><\/p>\n<p>Doch da der BVB ein fr\u00fches zweites Tor verpasste, kippte das Spiel nach etwa einer halben Stunde. In zentraler Rolle f\u00fcr Kopenhagen: Moukoko, der von 2016 bis diesen Sommer f\u00fcr Dortmund spielte und einst als Wunderkind gehandelt wurde. Der 20 Jahre alte St\u00fcrmer erhielt von Jacob Neestrup das Vertrauen f\u00fcr die Partie gegen seinen Ex-Klub \u2013 und Moukoko entt\u00e4uschte nicht.<\/p>\n<p><\/p>\n<p>Beim Ausgleich, der als Anton-Eigentor gewertet wurde, hatte der Ex-Dortmunder zuvor geschossen. Auch abseits des Treffers war Moukoko aktiv und umtriebig, mit seinen Abschl\u00fcssen pr\u00fcfte er auch den souver\u00e4nen Dortmunder Keeper Gregor Kobel. Das Remis zur Halbzeit war leistungsgerecht, Moukoko der auff\u00e4lligste Akteur der ersten 45 Minuten.<\/p>\n<p><\/p>\n<p>Nach dem Wechsel h\u00e4tte der j\u00fcngste deutsche WM-Spieler dann sogar zum Torsch\u00fctzen werden k\u00f6nnen, doch Bensebaini kam mit seinem Tackling rechtzeitig. Wenige Minuten sp\u00e4ter \u00fcbernahm der Algerier dann auch vorne Verantwortung: Nachdem Guirassy im Strafraum am Trikot gezogen wurde, schnappte sich Bensebaini den Ball und verwandelte eiskalt zur erneuten F\u00fchrung.<\/p>\n<p>Danach wurde Kopenhagen offensiver \u2013 und das Spiel hektischer. Moukoko kam an der Strafraumgrenze zu Fall, doch einen Elfmeter gab es zum Unmut der Fans des d\u00e4nischen Meisters nicht. Als Nmecha wenig sp\u00e4ter zum zweiten Mal traf, war die Partie entschieden. Am Ende ging es Schlag auf Schlag: Neuzugang Silva traf f\u00fcr entfesselte Dortmunder zum 4:1, Dadason verk\u00fcrzte noch einmal. Dann war Schluss.<\/p>\n<p>\nBayer Leverkusen ger\u00e4t gegen PSG unter die R\u00e4der<\/p>\n<p>Neun Tore, zwei Platzverweise und zwei Elfmeter \u2013 in einem wilden und spektakul\u00e4ren Spiel hat Bayer Leverkusen unter Trainer Kasper Hjulmand die erste Niederlage kassiert und ist dabei deutlich unter die R\u00e4der gekommen. Am dritten Spieltag der Champions-League-Ligaphase unterlag die Werkself Titelverteidiger Paris Saint-Germain klar mit 2:7 (1:4).<\/p>\n<p>Vor 30.210 Zuschauern im ausverkauften Leverkusener Stadion trafen <a title=\"Willian Pacho\" href=\"https:\/\/www.transfermarkt.de\/willian-pacho\/profil\/spieler\/661171\" target=\"_blank\" rel=\"nofollow noopener\">Willian Pacho<\/a> (7.), <a title=\"D\u00e9sir\u00e9 Dou\u00e9\" href=\"https:\/\/www.transfermarkt.de\/d-sir--dou-\/profil\/spieler\/914562\" target=\"_blank\" rel=\"nofollow noopener\">D\u00e9sir\u00e9 Dou\u00e9<\/a> (41.\/45.+3), <a title=\"Khvicha Kvaratskhelia\" href=\"https:\/\/www.transfermarkt.de\/khvicha-kvaratskhelia\/profil\/spieler\/502670\" target=\"_blank\" rel=\"nofollow noopener\">Khvicha Kvaratskhelia<\/a> (44.), <a title=\"Nuno Mendes\" href=\"https:\/\/www.transfermarkt.de\/nuno-mendes\/profil\/spieler\/616341\" target=\"_blank\" rel=\"nofollow noopener\">Nuno Mendes<\/a> (50.), <a title=\"Ousmane Demb\u00e9l\u00e9\" href=\"https:\/\/www.transfermarkt.de\/ousmane-demb-l-\/profil\/spieler\/288230\" target=\"_blank\" rel=\"nofollow noopener\">Ousmane Demb\u00e9l\u00e9<\/a> (66.) und <a title=\"Vitinha\" href=\"https:\/\/www.transfermarkt.de\/vitinha\/profil\/spieler\/487469\" target=\"_blank\" rel=\"nofollow noopener\">Vitinha<\/a> (90.) f\u00fcr PSG. <a title=\"Aleix Garc\u00eda\" href=\"https:\/\/www.transfermarkt.de\/aleix-garc-a\/profil\/spieler\/261504\" target=\"_blank\" rel=\"nofollow noopener\">Aleix Garc\u00eda<\/a> (37.) hatte durch einen verwandelten Elfmeter zwischenzeitlich den Ausgleich f\u00fcr die Werkself erzielt und in der zweiten H\u00e4lfte (54.) mit einem weiteren Treffer verk\u00fcrzt.<\/p>\n<p><\/p>\n<p>Nach zwei Unentschieden aus den ersten beiden Partien steht Bayer 04 nach drei Spieltagen in der Champions League weiter bei nur zwei Punkten und ger\u00e4t zunehmend unter Druck, w\u00e4hrend PSG zumindest vor\u00fcbergehend die Tabellenf\u00fchrung in der K\u00f6nigsklasse \u00fcbernimmt. Vor der Partie hatte Hjulmand den Gegner als \u201evielleicht beste Mannschaft der Welt\u201c bezeichnet.<\/p>\n<p>Zun\u00e4chst brauchte es f\u00fcr das Team von Luis Enrique, das von seinen Anh\u00e4ngern mit einer blau-wei\u00df-roten Choreographie empfangen wurde, aber nur einen Standard f\u00fcr die fr\u00fche F\u00fchrung: Nach sieben Minuten verwertete Ex-Frankfurter Pancho eine Ecke m\u00fchelos per Kopf ins linke Eck. Trotz des ungl\u00fccklichen Starts zeigte sich die Werkself mutig, lief aber zun\u00e4chst vor allem hinterher und wartete auf Kontersituationen. Die Chance zum Ausgleich bot sich in der 24. Minute: Nach einem Handspiel von lIlya Zabarny im Zweikampf mit Claudio Echeverri im Strafraum gab es Elfmeter. Doch der zuletzt so torgef\u00e4hrliche Alejandro Grimaldo scheiterte am rechten Pfosten.<\/p>\n<p><\/p>\n<p>Die Werkself fand trotz dieses R\u00fcckschlags immer besser ins Spiel, wurde aber j\u00e4h gestoppt: Kapit\u00e4n Robert Andrich traf Dou\u00e9 ungl\u00fccklich am Kopf, sah zun\u00e4chst Gelb und flog nach VAR-\u00dcberpr\u00fcfung mit Rot vom Platz (31.). Doch die \u00dcberzahl der G\u00e4ste hielt nur kurz, denn bei PSG sah Zabaryani nur f\u00fcnf Minuten sp\u00e4ter f\u00fcr eine Notbremse Rot (37.).<\/p>\n<p>Den f\u00e4lligen Elfmeter verwandelte Garc\u00eda souver\u00e4n in die rechte untere Ecke \u2013 aus Unterzahl und R\u00fcckstand wurde der Ausgleich und ein Zehn-gegen-Zehn. Doch das Spiel blieb turbulent und Paris antworte eiskalt. Innerhalb von nur sieben Minuten legte der Titelverteidiger drei Treffer nach und zeigte dabei seine Extraklasse.<\/p>\n<p><a href=\"https:\/\/www.transfermarkt.de\/whoAmI\" target=\"_blank\" rel=\"nofollow noopener\"><br \/>\n    <img loading=\"lazy\" decoding=\"async\" class=\"innews\" src=\"https:\/\/www.europesays.com\/de\/wp-content\/uploads\/2025\/06\/who-am-i-innews-de-1739290259-160916.jpg\" alt=\"\" width=\"503\" height=\"137\"\/><\/p>\n<p><\/a><\/p>\n<p>Nach der Pause setzten die G\u00e4ste ihr starkes Spiel fort: Nach einem pr\u00e4zisen Steckpass von Vitinha traf der aufger\u00fcckte Mendes ins kurze Eck und bejubelte den f\u00fcnften PSG-Treffer. Leverkusen und allen voran Garc\u00eda zeigten sich jedoch ungebrochen: Aus rund 25 Metern h\u00e4mmerte der Spanier den Ball fast aus dem Stand perfekt ins rechte Kreuzeck und verk\u00fcrzte auf 2:5.<\/p>\n<p>Doch sp\u00e4testens der n\u00e4chste Treffer zog den k\u00e4mpferischen Leverkusenern dann endg\u00fcltig den Stecker: Nur drei Minuten nach seiner Einwechslung traf Weltfu\u00dfballer und Ex-Dortmunder Demb\u00e9l\u00e9 bei seinem Comeback nach rund sechs Wochen Verletzung zum achten Tor der Partie. Danach ebbte das Offensivfeuerwerk merklich ab, doch kurz vor Schluss setzte PSG noch den Schlusspunkt zum 2:7.<\/p>\n<p><\/p>\n","protected":false},"excerpt":{"rendered":"Neun Tore in Leverkusen\u00a0 \u00a9IMAGO Borussia Dortmund hat die Niederlage im Bundesliga-Klassiker dank Felix Nmecha hinter sich gelassen&hellip;\n","protected":false},"author":2,"featured_media":517794,"comment_status":"","ping_status":"","sticky":false,"template":"","format":"standard","meta":{"footnotes":""},"categories":[136],"tags":[128529,2367,888,54755,29,95170,51071,40508,45760,30,93786,128531,56017,31478,112250,100521,265,17077,48656,128530],"class_list":{"0":"post-517793","1":"post","2":"type-post","3":"status-publish","4":"format-standard","5":"has-post-thumbnail","7":"category-sport","8":"tag-aleix-garcia","9":"tag-bayer-04-leverkusen","10":"tag-borussia-dortmund","11":"tag-desire-doue","12":"tag-deutschland","13":"tag-fabio-silva","14":"tag-fc-kopenhagen","15":"tag-fc-paris-saint-germain","16":"tag-felix-nmecha","17":"tag-germany","18":"tag-ilya-zabarnyi","19":"tag-khvicha-kvaratskhelia","20":"tag-nuno-mendes","21":"tag-ousmane-dembele","22":"tag-ramy-bensebaini","23":"tag-robert-andrich","24":"tag-sport","25":"tag-uefa-champions-league","26":"tag-waldemar-anton","27":"tag-willian-pacho"},"share_on_mastodon":{"url":"https:\/\/pubeurope.com\/@de\/115416780731790413","error":""},"_links":{"self":[{"href":"https:\/\/www.europesays.com\/de\/wp-json\/wp\/v2\/posts\/517793","targetHints":{"allow":["GET"]}}],"collection":[{"href":"https:\/\/www.europesays.com\/de\/wp-json\/wp\/v2\/posts"}],"about":[{"href":"https:\/\/www.europesays.com\/de\/wp-json\/wp\/v2\/types\/post"}],"author":[{"embeddable":true,"href":"https:\/\/www.europesays.com\/de\/wp-json\/wp\/v2\/users\/2"}],"replies":[{"embeddable":true,"href":"https:\/\/www.europesays.com\/de\/wp-json\/wp\/v2\/comments?post=517793"}],"version-history":[{"count":0,"href":"https:\/\/www.europesays.com\/de\/wp-json\/wp\/v2\/posts\/517793\/revisions"}],"wp:featuredmedia":[{"embeddable":true,"href":"https:\/\/www.europesays.com\/de\/wp-json\/wp\/v2\/media\/517794"}],"wp:attachment":[{"href":"https:\/\/www.europesays.com\/de\/wp-json\/wp\/v2\/media?parent=517793"}],"wp:term":[{"taxonomy":"category","embeddable":true,"href":"https:\/\/www.europesays.com\/de\/wp-json\/wp\/v2\/categories?post=517793"},{"taxonomy":"post_tag","embeddable":true,"href":"https:\/\/www.europesays.com\/de\/wp-json\/wp\/v2\/tags?post=517793"}],"curies":[{"name":"wp","href":"https:\/\/api.w.org\/{rel}","templated":true}]}}