{"id":517903,"date":"2025-10-22T09:05:11","date_gmt":"2025-10-22T09:05:11","guid":{"rendered":"https:\/\/www.europesays.com\/de\/517903\/"},"modified":"2025-10-22T09:05:11","modified_gmt":"2025-10-22T09:05:11","slug":"netzwerk-fuer-kinder-von-inhaftierten","status":"publish","type":"post","link":"https:\/\/www.europesays.com\/de\/517903\/","title":{"rendered":"Netzwerk f\u00fcr Kinder von Inhaftierten"},"content":{"rendered":"<p class=\"text_ohne_einzug richtext text-em-55 !leading-serif mx-6 desktop:mx-0\">\u201eMein Papa ist im Gef\u00e4ngnis\u201c \u2013 schon diesen Satz vor anderen auszusprechen und damit umzugehen, dass ein Elternteil nicht mehr am Familienalltag teilnimmt, belaste Kinder und Jugendliche meist schwer. Deshalb, so hei\u00dft es in einer Mitteilung des Landschaftsverbands <a href=\"https:\/\/rp-online.de\/thema\/rheinland\/\" target=\"_blank\" rel=\"noopener\">Rheinland<\/a> (LVR), habe sich das neue \u201eNetzwerk Kinder von Inhaftierten K\u00f6ln\u201c zum Ziel gesetzt, die Bedingungen f\u00fcr junge Menschen zu verbessern, deren Mutter oder Vater im Gef\u00e4ngnis sitzt. Das Projekt laufe in Zusammenarbeit mit den Sozialdiensten katholischer M\u00e4nner (SKM) und Frauen (SkF) im Erzbistum sowie der Justizvollzugsanstalt K\u00f6ln.<\/p>\n<p class=\"richtext text-em-55 !leading-serif mx-6 desktop:mx-0\">\u201eEs ist kein Privileg des inhaftierten Elternteils, Besuch von den Kindern bekommen zu d\u00fcrfen\u201c, betont Hartmut G\u00e4hl von der rheinischen Fachstelle. \u201eDie Kinder haben ein Recht auf die <a href=\"https:\/\/rp-online.de\/thema\/erziehung\/\" target=\"_blank\" rel=\"noopener\">Erziehung<\/a> und die Kontakte zu beiden Elternteilen, wenn diese nicht im Widerspruch zum Kindeswohl stehen.\u201c Das gerate oft in Vergessenheit, daf\u00fcr wolle das Netzwerk sensibilisieren. \u201eBei den Besuchen der Kinder von Inhaftierten muss umgedacht werden.\u201c Das fange auch bei der Gestaltung der R\u00e4umlichkeiten an, die in Gef\u00e4ngnissen nicht immer kindgerecht seien.<\/p>\n<p class=\"richtext text-em-55 !leading-serif mx-6 desktop:mx-0\">Ideen f\u00fcr erste Aktivit\u00e4ten des Netzwerks gibt es auch schon: \u201eUns ist wichtig, alles aus der Perspektive der Kinder zu denken\u201c, sagt Hartmut G\u00e4hl. Angedacht sei eine Begehung der JVA K\u00f6ln aus Kindersicht f\u00fcr Mitarbeitende von Jugend\u00e4mtern. Die Teilnehmerinnen sollen gemeinsam die Wege der Kinder innerhalb der JVA erleben und erfahren, mit welchen Ma\u00dfnahmen vor Ort der Besuch bereits jetzt m\u00f6glichst kindgerecht gestaltet wird. \u201eVerbesserungsvorschl\u00e4ge aus Sicht der Jugendhilfe sind nat\u00fcrlich sehr willkommen und ein Ziel der Aktion\u201c, so G\u00e4hl weiter.<\/p>\n<p class=\"richtext text-em-55 !leading-serif mx-6 desktop:mx-0\">Die Landesfachstelle ist ein Kooperationsprojekt der Landesjugend\u00e4mter bei den Landschaftsverb\u00e4nden Westfalen-Lippe (LWL) und Rheinland (LVR) in Zusammenarbeit mit den NRW-Ministerien f\u00fcr Justiz sowie f\u00fcr Kinder, Jugend und Familie in NRW. Regional gibt es vergleichbare Angebote bereits. Der SKM bietet zudem eine V\u00e4tergruppe in der JVA K\u00f6ln sowie eine Fachstelle mit geschlechtsspezifischer Beratung an. Der SkF K\u00f6ln ber\u00e4t inhaftierte Schwangere und M\u00fctter. Dar\u00fcber hinaus soll demn\u00e4chst \u00fcber den LVR ein Buch von inhaftierten M\u00fcttern f\u00fcr ihre Kinder erscheinen.<\/p>\n","protected":false},"excerpt":{"rendered":"\u201eMein Papa ist im Gef\u00e4ngnis\u201c \u2013 schon diesen Satz vor anderen auszusprechen und damit umzugehen, dass ein Elternteil&hellip;\n","protected":false},"author":2,"featured_media":517904,"comment_status":"","ping_status":"","sticky":false,"template":"","format":"standard","meta":{"footnotes":""},"categories":[1828],"tags":[29,128552,3647,125322,30,128550,1015,5575,6209,86687,1420,128551,19146,1209,2202,2802],"class_list":{"0":"post-517903","1":"post","2":"type-post","3":"status-publish","4":"format-standard","5":"has-post-thumbnail","7":"category-koeln","8":"tag-deutschland","9":"tag-gaehl","10":"tag-gefaengnis","11":"tag-gefaengnissen","12":"tag-germany","13":"tag-inhaftierte","14":"tag-justiz","15":"tag-justizvollzugsanstalt","16":"tag-jva","17":"tag-katholischer","18":"tag-koeln","19":"tag-kooperationsprojekt","20":"tag-lvr","21":"tag-nordrhein-westfalen","22":"tag-projekt","23":"tag-rheinland"},"share_on_mastodon":{"url":"https:\/\/pubeurope.com\/@de\/115417024296499535","error":""},"_links":{"self":[{"href":"https:\/\/www.europesays.com\/de\/wp-json\/wp\/v2\/posts\/517903","targetHints":{"allow":["GET"]}}],"collection":[{"href":"https:\/\/www.europesays.com\/de\/wp-json\/wp\/v2\/posts"}],"about":[{"href":"https:\/\/www.europesays.com\/de\/wp-json\/wp\/v2\/types\/post"}],"author":[{"embeddable":true,"href":"https:\/\/www.europesays.com\/de\/wp-json\/wp\/v2\/users\/2"}],"replies":[{"embeddable":true,"href":"https:\/\/www.europesays.com\/de\/wp-json\/wp\/v2\/comments?post=517903"}],"version-history":[{"count":0,"href":"https:\/\/www.europesays.com\/de\/wp-json\/wp\/v2\/posts\/517903\/revisions"}],"wp:featuredmedia":[{"embeddable":true,"href":"https:\/\/www.europesays.com\/de\/wp-json\/wp\/v2\/media\/517904"}],"wp:attachment":[{"href":"https:\/\/www.europesays.com\/de\/wp-json\/wp\/v2\/media?parent=517903"}],"wp:term":[{"taxonomy":"category","embeddable":true,"href":"https:\/\/www.europesays.com\/de\/wp-json\/wp\/v2\/categories?post=517903"},{"taxonomy":"post_tag","embeddable":true,"href":"https:\/\/www.europesays.com\/de\/wp-json\/wp\/v2\/tags?post=517903"}],"curies":[{"name":"wp","href":"https:\/\/api.w.org\/{rel}","templated":true}]}}