{"id":517937,"date":"2025-10-22T09:22:17","date_gmt":"2025-10-22T09:22:17","guid":{"rendered":"https:\/\/www.europesays.com\/de\/517937\/"},"modified":"2025-10-22T09:22:17","modified_gmt":"2025-10-22T09:22:17","slug":"schizophrenen-ist-eigene-innere-stimme-fremd","status":"publish","type":"post","link":"https:\/\/www.europesays.com\/de\/517937\/","title":{"rendered":"Schizophrenen ist eigene innere Stimme fremd"},"content":{"rendered":"<p>pte20251022012 in Leben<\/p>\n<p>Psychologen der University of New South Wales kl\u00e4ren Ursache f\u00fcr auditive Halluzinationen<\/p>\n<tr>\n<td><img decoding=\"async\" itemprop=\"image\" src=\"https:\/\/www.europesays.com\/de\/wp-content\/uploads\/2025\/10\/1761124936_602_lowres.jpg\" alt=\"Ohr: Ursache f\u00fcr auditive Halluzinationen gekl\u00e4rt (Foto: pixabay.com, Anemone123)\" title=\"Ohr: Ursache f\u00fcr auditive Halluzinationen gekl\u00e4rt (Foto: pixabay.com, Anemone123)\"\/><\/td>\n<\/tr>\n<tr>\n<td>\n<p>Ohr: Ursache f\u00fcr auditive Halluzinationen gekl\u00e4rt (Foto: pixabay.com, Anemone123)<\/p>\n<\/td>\n<\/tr>\n<p><\/p>\n<p>Sydney (pte012\/22.10.2025\/10:30) <\/p>\n<p>Bei Schizophrenie ist das H\u00f6ren von Stimmen auf eine St\u00f6rung der F\u00e4higkeit des Gehirns zur\u00fcckzuf\u00fchren, die eigene innere Stimme zu erkennen. Die bisher eindeutigsten Beweise hat eine Studie von Psychologen der <a href=\"https:\/\/www.unsw.edu.au \">University of New South Wales<\/a> erbracht. Zudem k\u00f6nnten diese Erkenntnisse entscheidend dazu beitragen, das Vorhandensein einer Schizophrenie auch biologisch nachzuweisen. Derzeit gibt es keinen Test, der den Nachweis dieser Krankheit erm\u00f6glicht.<\/p>\n<p><strong>Uralte Theorie best\u00e4tigt<\/strong><\/p>\n<p>Laut Forschungsleiter Thomas Whitford f\u00fchrt das Sprechen, auch wenn es nur im eigenen Kopf geschieht, dazu, dass der Teil des Gehirns, der Ger\u00e4usche au\u00dfen verarbeitet, weniger aktiv wird. Daf\u00fcr verantwortlich ist, dass das Gehirn den Klang der eigenen Stimme voraussagt. Bei Personen, die Stimmen h\u00f6ren, scheint diese Vorhersage fehlzuschlagen. Also reagiert das Gehirn so, also ob diese Stimme von einer anderen Person stammen w\u00fcrde. Damit best\u00e4tigen sich Theorien, die bereits seit 50 Jahren kursieren.<\/p>\n<p>Die teilnehmenden Personen wurden in drei Gruppen aufgeteilt. Die erste Gruppe umfasste 55 Personen mit Schizophrenie-Spektrum-St\u00f6rungen, die in der vergangenen Woche Stimmen geh\u00f6rt hatten. Zur zweiten Gruppe geh\u00f6rten jene Patienten, die entweder keine Vorgeschichte von akustischen Halluzinationen hatten oder j\u00fcngst nicht davon betroffen waren. Zur dritten Gruppe geh\u00f6rten 43 gesunde Personen, die nie an Schizophrenie erkrankt waren.<\/p>\n<p><strong>Gehirnwellen gemessen<\/strong><\/p>\n<p>Die Forscher haben jede Person mit einem EEG-Ger\u00e4t verbunden, um die Gehirnwellen beim H\u00f6ren von T\u00f6nen \u00fcber Kopfh\u00f6rer zu messen. Sie sollten sich zudem vorstellen, &#8222;bah&#8220; oder &#8222;bih&#8220; in ihrem Geist zu sagen &#8211; und zwar genau dann, wenn sie eines dieser Ger\u00e4usche \u00fcber die Kopfh\u00f6rer h\u00f6rten. Die Teilnehmer konnten dabei nicht wissen, ob das geh\u00f6rte Ger\u00e4usch den vorgestellten T\u00f6nen entsprechen w\u00fcrde.<\/p>\n<p>Bei den gesunden Teilnehmern entsprach das vorgespielte Ger\u00e4usch jener Silbe, die sie sich vorgestellte hatten. Das EEG zeigte dabei eine verringerte Aktivit\u00e4t des auditiven Cortex, also jenes Bereichs des Gehirns, der Ger\u00e4usche und Sprache verarbeitet. Das legt nahe, dass das Gehirn diesen Klang vorhersah und daher seine Reaktion d\u00e4mpfte. Das passiert auch dann, wenn Menschen laut sprechen.<\/p>\n<p>Bei Personen, die erst k\u00fcrzlich Stimmen geh\u00f6rt hatten, entsprachen diese Ergebnisse dem genauen Gegenteil. Bei ihnen zeigte dass EEG eine gesteigerte Reaktion. Whitford betont, dass ihre Gehirne st\u00e4rker auf den inneren Monolog reagierten. Die Patienten der zweiten Gruppe lagen mit ihren Reaktionen zwischen den Ergebnissen der ersten und dritten Gruppe. Details sind in &#8222;Schizophrenia Bulletin&#8220; ver\u00f6ffentlicht.<\/p>\n<p> (Ende)<br \/>\n<a href=\"http:\/\/www.pressetext.com\" rel=\"external noopener\" target=\"_blank\"><img decoding=\"async\" src=\"https:\/\/www.europesays.com\/de\/wp-content\/uploads\/2025\/10\/1761124937_975_logo.jpg\" alt=\"pressetext.redaktion\" title=\"pressetext.redaktion\"\/><\/a><\/p>\n","protected":false},"excerpt":{"rendered":"pte20251022012 in Leben Psychologen der University of New South Wales kl\u00e4ren Ursache f\u00fcr auditive Halluzinationen Ohr: Ursache f\u00fcr&hellip;\n","protected":false},"author":2,"featured_media":517938,"comment_status":"","ping_status":"","sticky":false,"template":"","format":"standard","meta":{"footnotes":""},"categories":[137],"tags":[128555,128556,29,128557,30,141,232,49941,128558,128559],"class_list":{"0":"post-517937","1":"post","2":"type-post","3":"status-publish","4":"format-standard","5":"has-post-thumbnail","7":"category-gesundheit","8":"tag-akustische-halluzinationen","9":"tag-auditiver-cortex","10":"tag-deutschland","11":"tag-eigene-innere-stimme","12":"tag-germany","13":"tag-gesundheit","14":"tag-health","15":"tag-schizophrenie","16":"tag-schizophrenie-spektrum-stoerungen","17":"tag-stimmen-hoeren"},"share_on_mastodon":{"url":"https:\/\/pubeurope.com\/@de\/115417091364673226","error":""},"_links":{"self":[{"href":"https:\/\/www.europesays.com\/de\/wp-json\/wp\/v2\/posts\/517937","targetHints":{"allow":["GET"]}}],"collection":[{"href":"https:\/\/www.europesays.com\/de\/wp-json\/wp\/v2\/posts"}],"about":[{"href":"https:\/\/www.europesays.com\/de\/wp-json\/wp\/v2\/types\/post"}],"author":[{"embeddable":true,"href":"https:\/\/www.europesays.com\/de\/wp-json\/wp\/v2\/users\/2"}],"replies":[{"embeddable":true,"href":"https:\/\/www.europesays.com\/de\/wp-json\/wp\/v2\/comments?post=517937"}],"version-history":[{"count":0,"href":"https:\/\/www.europesays.com\/de\/wp-json\/wp\/v2\/posts\/517937\/revisions"}],"wp:featuredmedia":[{"embeddable":true,"href":"https:\/\/www.europesays.com\/de\/wp-json\/wp\/v2\/media\/517938"}],"wp:attachment":[{"href":"https:\/\/www.europesays.com\/de\/wp-json\/wp\/v2\/media?parent=517937"}],"wp:term":[{"taxonomy":"category","embeddable":true,"href":"https:\/\/www.europesays.com\/de\/wp-json\/wp\/v2\/categories?post=517937"},{"taxonomy":"post_tag","embeddable":true,"href":"https:\/\/www.europesays.com\/de\/wp-json\/wp\/v2\/tags?post=517937"}],"curies":[{"name":"wp","href":"https:\/\/api.w.org\/{rel}","templated":true}]}}