{"id":517949,"date":"2025-10-22T09:30:16","date_gmt":"2025-10-22T09:30:16","guid":{"rendered":"https:\/\/www.europesays.com\/de\/517949\/"},"modified":"2025-10-22T09:30:16","modified_gmt":"2025-10-22T09:30:16","slug":"thueringens-innenminister-im-handelsblatt-afd-spioniert-fuer-russland-politik","status":"publish","type":"post","link":"https:\/\/www.europesays.com\/de\/517949\/","title":{"rendered":"Th\u00fcringens Innenminister im \u201eHandelsblatt\u201c: AfD spioniert f\u00fcr Russland | Politik"},"content":{"rendered":"<p>Berlin\/Erfurt \u2013 <b>Diese Vorw\u00fcrfe des Th\u00fcringer Innenministers Georg Maier (58, SPD) haben es in sich: Er sieht Anhaltspunkte daf\u00fcr, dass die AfD f\u00fcr Russland spionieren k\u00f6nnte \u2013 und spricht von einem \u201elandesverr\u00e4terischen Aspekt\u201c als Grund f\u00fcr ein AfD-Verbot.<\/b><\/p>\n<p>Mehr zum Thema<\/p>\n<p>Maier zum \u201eHandelsblatt\u201c: \u201eSchon seit geraumer Zeit beobachten wir mit zunehmender Sorge, dass die <a href=\"https:\/\/www.bild.de\/politik\/inland\/alternative-fuer-deutschland\/afd-alle-infos-76662060.bild.html\" class=\"text-link\" target=\"_blank\" rel=\"noopener\">AfD<\/a> das parlamentarische Fragerecht dazu missbraucht, gezielt unsere kritische Infrastruktur auszuforschen.\u201c Auch auf Bundesebene gebe es zahlreiche parlamentarische Anfragen dieser Art. <\/p>\n<p><b>Maier, seit 2020 Landesvorsitzender der SPD Th\u00fcringen, klagt an: \u201eEs dr\u00e4ngt sich geradezu der Eindruck auf, dass die AfD mit ihren Anfragen eine Auftragsliste des Kremls abarbeitet.\u201c <\/b><\/p>\n<p>AfD sei neugierig bei Polizei und Drohnen<\/p>\n<p>Nach Angaben des Ministers wurden allein in Th\u00fcringen in den vergangenen zw\u00f6lf Monaten 47 entsprechende Anfragen gestellt \u2013 mit \u201esteigender Intensit\u00e4t und Detailtiefe\u201c. <\/p>\n<p>Gro\u00dfes Interesse zeige die AfD bei Verkehrsinfrastruktur, Wasserversorgung, digitaler Infrastruktur und Energieversorgung. Maier: \u201eBesonderes Interesse zeigt die AfD f\u00fcr polizeiliche IT und Ausr\u00fcstung, etwa im Bereich der Drohnendetektion und -abwehr.\u201c<\/p>\n<p><img decoding=\"async\" width=\"992\" height=\"558\" alt=\"Georg Maier beim Landesparteitag der SPD Th\u00fcringen im November 2024\" src=\"https:\/\/www.europesays.com\/de\/wp-content\/uploads\/2025\/10\/4135675b2e31481f240d1db49d354104,a8638a23\"   class=\"landscape\" loading=\"lazy\"\/><\/p>\n<p class=\"fig__caption__text\">Von 2021 bis 2024 war Maier stellvertretender Ministerpr\u00e4sident Th\u00fcringens<\/p>\n<p>Foto: Martin Schutt\/dpa<\/p>\n<p>Auch die Ausstattung im Bev\u00f6lkerungsschutz, im Gesundheitswesen und Aktivit\u00e4ten der Bundeswehr seien Gegenstand von zahlreichen Anfragen.<\/p>\n<p><b>Gegen\u00fcber BILD legt der Innenminister nach: \u201eDie AfD agiert als  Handlanger Putins und anderer autorit\u00e4re M\u00e4chte. Die Partei ist eine Gefahr f\u00fcr unsere Nationale Sicherheit und unsere freiheitliche Demokratie.\u201c<\/b><\/p>\n<p>Auch interessant<\/p>\n<p>Anzeige<\/p>\n<p>Auch interessant<\/p>\n<p>Anzeige<\/p>\n<p>Allein die schiere Anzahl der kleinen Anfragen mache deutlich, dass es der AfD gar nicht darum gehe, parlamentarische Initiativen daraus zu machen. \u201eEs geht der AfD ganz offensichtlich darum, strukturiert sensible Informationen abzufragen und zu sammeln\u201c, so Maier zu BILD. <\/p>\n<p>Das auff\u00e4llige Interesse der AfD betreffe auch Informationen \u00fcber den \u201e\u200b\u200b\u200bTransit milit\u00e4rischer G\u00fcter\u201c, Digitalfunk, Sirenen-Infrastruktur, Bunker sowie den Zustand von Br\u00fccken und Stra\u00dfen.<\/p>\n<p><b>Als Beispiel f\u00fcr die Versuche, sensible Daten abzugreifen, nennt Maier gegen\u00fcber BILD u.a. eine kleine Anfrage des Th\u00fcringer AfD-Abgeordneten Ringo M\u00fchlmann (50) vom 28. Juli 2025. Dieser hatte sich in einem 10-Fragen-Katalog u.a. nach technischen Details zu \u201eSensorik, Signalverarbeitung und Ortungstechnik\u201c interessiert, die f\u00fcr das Aufsp\u00fcren und Abwehren von Drohnen notwendig sind.<\/b><\/p>\n<p>Maier: AfD-Verbot wegen Landesverrats vorantreiben<\/p>\n<p>Die AfD reagierte emp\u00f6rt auf die Anschuldigungen: Bernd Baumann (67), erster parlamentarischer Gesch\u00e4ftsf\u00fchrer der AfD-Bundestagsfraktion, sprach gegen\u00fcber dem Handelsblatt von \u201eirrwitzigen Verd\u00e4chtigungen\u201c. <\/p>\n<p>Baumann weiter: \u201eDie <a href=\"https:\/\/www.bild.de\/politik\/inland\/spd\/spd-alle-infos-76661710.bild.html\" class=\"text-link\" target=\"_blank\" rel=\"noopener\">SPD<\/a> und die Union haben jahrzehntelang unsere Infrastruktur in Deutschland verkommen lassen.\u201c Mit ihren Anfragen decke die AfD Missst\u00e4nde im Interesse der B\u00fcrger auf. <\/p>\n<p><img decoding=\"async\" width=\"992\" height=\"558\" alt=\"AfD-Politiker Bernd Baumann weist die Vorw\u00fcrfe Maiers entschieden zur\u00fcck\" src=\"https:\/\/www.europesays.com\/de\/wp-content\/uploads\/2025\/10\/a52b3f492ecb8af0fd2ccadb653bec19,44896c30\"   class=\"landscape\" loading=\"lazy\"\/><\/p>\n<p class=\"fig__caption__text\">AfD-Politiker Bernd Baumann weist die Vorw\u00fcrfe Maiers entschieden zur\u00fcck <\/p>\n<p>Foto: TOBIAS SCHWARZ\/AFP<\/p>\n<p>Th\u00fcringens Innenminister Maier aber geht noch weiter, wirft \u201ezahlreichen\u201c AfD-Politikern \u201eenge Kontakte zu autorit\u00e4ren Staaten\u201c vor: \u201eEs ist zu vermuten, dass in diesem Zusammenhang auch sicherheitsrelevante Informationen abflie\u00dfen.\u201c <\/p>\n<p><b>Der SPD-Politiker fordert deshalb, den \u201elandesverr\u00e4terischen Aspekt\u201c bei einem m\u00f6glichen AfD\u2011Verbotsverfahren st\u00e4rker zu ber\u00fccksichtigen.<\/b><\/p>\n","protected":false},"excerpt":{"rendered":"Berlin\/Erfurt \u2013 Diese Vorw\u00fcrfe des Th\u00fcringer Innenministers Georg Maier (58, SPD) haben es in sich: Er sieht Anhaltspunkte&hellip;\n","protected":false},"author":2,"featured_media":517950,"comment_status":"","ping_status":"","sticky":false,"template":"","format":"standard","meta":{"footnotes":""},"categories":[2],"tags":[150,43,29,30,13,15930,14,15,3082,307,12,184,3555,45,861,10,8,9,11],"class_list":{"0":"post-517949","1":"post","2":"type-post","3":"status-publish","4":"format-standard","5":"has-post-thumbnail","7":"category-deutschland","8":"tag-alternative-fuer-deutschland","9":"tag-deutscher-bundestag","10":"tag-deutschland","11":"tag-germany","12":"tag-headlines","13":"tag-kreml-und-roter-platz-moskau","14":"tag-nachrichten","15":"tag-news","16":"tag-putin-wladimir","17":"tag-russland","18":"tag-schlagzeilen","19":"tag-spd","20":"tag-spionage","21":"tag-texttospeech","22":"tag-thueringen","23":"tag-top-news","24":"tag-top-meldungen","25":"tag-topmeldungen","26":"tag-topnews"},"share_on_mastodon":{"url":"https:\/\/pubeurope.com\/@de\/115417123158165523","error":""},"_links":{"self":[{"href":"https:\/\/www.europesays.com\/de\/wp-json\/wp\/v2\/posts\/517949","targetHints":{"allow":["GET"]}}],"collection":[{"href":"https:\/\/www.europesays.com\/de\/wp-json\/wp\/v2\/posts"}],"about":[{"href":"https:\/\/www.europesays.com\/de\/wp-json\/wp\/v2\/types\/post"}],"author":[{"embeddable":true,"href":"https:\/\/www.europesays.com\/de\/wp-json\/wp\/v2\/users\/2"}],"replies":[{"embeddable":true,"href":"https:\/\/www.europesays.com\/de\/wp-json\/wp\/v2\/comments?post=517949"}],"version-history":[{"count":0,"href":"https:\/\/www.europesays.com\/de\/wp-json\/wp\/v2\/posts\/517949\/revisions"}],"wp:featuredmedia":[{"embeddable":true,"href":"https:\/\/www.europesays.com\/de\/wp-json\/wp\/v2\/media\/517950"}],"wp:attachment":[{"href":"https:\/\/www.europesays.com\/de\/wp-json\/wp\/v2\/media?parent=517949"}],"wp:term":[{"taxonomy":"category","embeddable":true,"href":"https:\/\/www.europesays.com\/de\/wp-json\/wp\/v2\/categories?post=517949"},{"taxonomy":"post_tag","embeddable":true,"href":"https:\/\/www.europesays.com\/de\/wp-json\/wp\/v2\/tags?post=517949"}],"curies":[{"name":"wp","href":"https:\/\/api.w.org\/{rel}","templated":true}]}}