{"id":517961,"date":"2025-10-22T09:36:18","date_gmt":"2025-10-22T09:36:18","guid":{"rendered":"https:\/\/www.europesays.com\/de\/517961\/"},"modified":"2025-10-22T09:36:18","modified_gmt":"2025-10-22T09:36:18","slug":"service-de-c-1995-2025-ruhr-concept-kg-das-presseportal-fuer-die-erfolgreiche-pressearbeit-von-staedten-kreisen-verbaenden-verlagen-parteien-unternehmen-medienbueros-hotelketten-etc-62","status":"publish","type":"post","link":"https:\/\/www.europesays.com\/de\/517961\/","title":{"rendered":"service.de &#8211; (c) 1995-2025 ruhr-concept KG, das Presseportal f\u00fcr die erfolgreiche Pressearbeit von St\u00e4dten, Kreisen, Verb\u00e4nden, Verlagen, Parteien, Unternehmen, Medienb\u00fcros, Hotelketten etc."},"content":{"rendered":"<p>            &#13;<br \/>\n                Alle Meldungen:<\/p>\n<p>  &#13;<br \/>\n22.10.2025 &#8211; <a href=\"https:\/\/www.presse-service.de\/public\/Default.aspx?p=925\" rel=\"nofollow noopener\" target=\"_blank\">Stadt Braunschweig<\/a>&#13;<\/p>\n<p>  &#13;<br \/>\nCookies for Life \u2013 Film \u00fcber eine Hamas-Geisel&#13;<\/p>\n<p class=\"ins_r\">&#13;<br \/>\n      <img decoding=\"async\" class=\"news_list_single_image\" src=\"https:\/\/www.presse-service.de\/data.aspx\/medien\/307911V.png?cache=1\" alt=\"\u00a9 Veranstalter\"\/>&#13;<br \/>\nAm 7. Oktober 2023 &#8211; dem Tag des Hamas-Massakers &#8211; wurde die Israelin Rachel Edri 20 Stunden lang von f\u00fcnf Hamas-Terroristen in ihrem Haus in Ofakim als Geisel gehalten. Durch Scharfsinn, Humor und ihr Talent zur Improvisation \u00fcberlebte sie. Aus nachgestellten Szenen und Originalaufnahmen entstand ein dichter und fesselnder Hybrid-Film, der am Mittwoch, 29. Oktober, um 18.30 Uhr, im St\u00e4dtischen Museum Braunschweig, Haus am L\u00f6wenwall, Steintorwall 14, im Original mit Untertiteln gezeigt wird. Der Eintritt ist frei.&#13;<br \/>\n\u00a0&#13;<br \/>\nDer Film &#8222;Cookies for&#8230;&#13;\n  <\/p>\n<p> &#13;<br \/>\n      <a href=\"https:\/\/www.presse-service.de\/public\/Single.aspx?iid=1199746\" rel=\"nofollow noopener\" target=\"_blank\">mehr lesen&#8230;<\/a>  <\/p>\n<p>  &#13;<br \/>\n22.10.2025 &#8211; <a href=\"https:\/\/www.presse-service.de\/public\/Default.aspx?p=1573\" rel=\"nofollow noopener\" target=\"_blank\">Emschergenossenschaft \/ Lippeverband<\/a>&#13;<\/p>\n<p>  &#13;<br \/>\nStarkregen und Hitze trotzen: Gewerbegebiete sollen gr\u00fcner und blauer werden&#13;<br \/>\nKommunen in der Zukunftsinitiative Klima.Werk unterzeichnen Positionspapier. Auf Standards f\u00fcr klimaresiliente Gewerbefl\u00e4chen verst\u00e4ndigt&#13;<\/p>\n<p class=\"ins_r\">&#13;<br \/>\n      <img decoding=\"async\" class=\"news_list_single_image\" src=\"https:\/\/www.presse-service.de\/data.aspx\/medien\/308272V.jpg?cache=1\" alt=\"\u00a9 Jannis Reichard\/EGLV\"\/>&#13;<br \/>\nGewerbegebiete nehmen in der Industrieregion zwischen Emscher, Lippe und Ruhr einen gro\u00dfen Raum ein. Diese Fl\u00e4chen sind deshalb Teil der L\u00f6sung beim notwendigen klimarobusten Umbau von St\u00e4dten. Kommunen in der Zukunftsinitiative Klima.Werk wollen sich daf\u00fcr einsetzen, bestehende und neue Gewerbefl\u00e4chen nach Standards f\u00fcr Klimaanpassung zu entwickeln. Stellschrauben sind dabei B-Pl\u00e4ne, Kaufvertr\u00e4ge oder Gestaltungssatzungen. Unterst\u00fctzt wird der Vorsto\u00df von Emschergenossenschaft\/Lippeverband.&#13;\n  <\/p>\n<p> &#13;<br \/>\n      <a href=\"https:\/\/www.presse-service.de\/public\/Single.aspx?iid=1200322\" rel=\"nofollow noopener\" target=\"_blank\">mehr lesen&#8230;<\/a>  <\/p>\n<p>  &#13;<br \/>\n22.10.2025 &#8211; <a href=\"https:\/\/www.presse-service.de\/public\/Default.aspx?p=1573\" rel=\"nofollow noopener\" target=\"_blank\">Emschergenossenschaft \/ Lippeverband<\/a>&#13;<\/p>\n<p>  &#13;<br \/>\nStarkregen und Hitze trotzen: Gewerbegebiete sollen gr\u00fcner und blauer werden&#13;<br \/>\nKommunen in der Zukunftsinitiative Klima.Werk unterzeichnen Positionspapier. Auf Standards f\u00fcr klimaresiliente Gewerbefl\u00e4chen verst\u00e4ndigt&#13;<\/p>\n<p class=\"ins_r\">&#13;<br \/>\n      <img decoding=\"async\" class=\"news_list_single_image\" src=\"https:\/\/www.presse-service.de\/data.aspx\/medien\/308272V.jpg?cache=1\" alt=\"\u00a9 Jannis Reichard\/EGLV\"\/>&#13;<br \/>\nGewerbegebiete nehmen in der Industrieregion zwischen Emscher, Lippe und Ruhr einen gro\u00dfen Raum ein. Diese Fl\u00e4chen sind deshalb Teil der L\u00f6sung beim klimarobusten Umbau von St\u00e4dten. Kommunen in der Zukunftsinitiative Klima.Werk wie Dinslaken wollen sich daf\u00fcr einsetzen, bestehende und neue Gewerbefl\u00e4chen nach Standards f\u00fcr Klimaanpassung zu entwickeln. Stellschrauben sind dabei B-Pl\u00e4ne, Kaufvertr\u00e4ge oder Gestaltungssatzungen. Unterst\u00fctzt wird der Vorsto\u00df von Emschergenossenschaft\/Lippeverband. &#13;\n  <\/p>\n<p> &#13;<br \/>\n      <a href=\"https:\/\/www.presse-service.de\/public\/Single.aspx?iid=1200324\" rel=\"nofollow noopener\" target=\"_blank\">mehr lesen&#8230;<\/a>  <\/p>\n<p>  &#13;<br \/>\n22.10.2025 &#8211; <a href=\"https:\/\/www.presse-service.de\/public\/Default.aspx?p=1573\" rel=\"nofollow noopener\" target=\"_blank\">Emschergenossenschaft \/ Lippeverband<\/a>&#13;<\/p>\n<p>  &#13;<br \/>\nStarkregen und Hitze trotzen: Gewerbegebiete sollen gr\u00fcner und blauer werden&#13;<br \/>\nKommunen in der Zukunftsinitiative Klima.Werk unterzeichnen Positionspapier. Auf Standards f\u00fcr klimaresiliente Gewerbefl\u00e4chen verst\u00e4ndigt&#13;<\/p>\n<p class=\"ins_r\">&#13;<br \/>\n      <img decoding=\"async\" class=\"news_list_single_image\" src=\"https:\/\/www.presse-service.de\/data.aspx\/medien\/308272V.jpg?cache=1\" alt=\"\u00a9 Jannis Reichard\/EGLV\"\/>&#13;<br \/>\nGewerbegebiete nehmen in der Industrieregion zwischen Emscher, Lippe und Ruhr einen gro\u00dfen Raum ein. Diese Fl\u00e4chen sind deshalb Teil der L\u00f6sung beim klimarobusten Umbau von St\u00e4dten. Kommunen in der Zukunftsinitiative Klima.Werk wie Dortmund wollen sich daf\u00fcr einsetzen, bestehende und neue Gewerbefl\u00e4chen nach Standards f\u00fcr Klimaanpassung zu entwickeln. Stellschrauben sind dabei B-Pl\u00e4ne, Kaufvertr\u00e4ge oder Gestaltungssatzungen. Unterst\u00fctzt wird der Vorsto\u00df von Emschergenossenschaft\/Lippeverband. &#13;\n  <\/p>\n<p> &#13;<br \/>\n      <a href=\"https:\/\/www.presse-service.de\/public\/Single.aspx?iid=1200325\" rel=\"nofollow noopener\" target=\"_blank\">mehr lesen&#8230;<\/a>  <\/p>\n<p>  &#13;<br \/>\n22.10.2025 &#8211; <a href=\"https:\/\/www.presse-service.de\/public\/Default.aspx?p=1573\" rel=\"nofollow noopener\" target=\"_blank\">Emschergenossenschaft \/ Lippeverband<\/a>&#13;<\/p>\n<p>  &#13;<br \/>\nStarkregen und Hitze trotzen: Gewerbegebiete sollen gr\u00fcner und blauer werden&#13;<br \/>\nKommunen in der Zukunftsinitiative Klima.Werk unterzeichnen Positionspapier. Auf Standards f\u00fcr klimaresiliente Gewerbefl\u00e4chen verst\u00e4ndigt&#13;<\/p>\n<p class=\"ins_r\">&#13;<br \/>\n      <img decoding=\"async\" class=\"news_list_single_image\" src=\"https:\/\/www.presse-service.de\/data.aspx\/medien\/308272V.jpg?cache=1\" alt=\"\u00a9 Jannis Reichard\/EGLV\"\/>&#13;<br \/>\nGewerbegebiete nehmen in der Industrieregion zwischen Emscher, Lippe und Ruhr einen gro\u00dfen Raum ein. Diese Fl\u00e4chen sind deshalb Teil der L\u00f6sung beim klimarobusten Umbau von St\u00e4dten. Kommunen in der Zukunftsinitiative Klima.Werk wie M\u00fclheim wollen sich daf\u00fcr einsetzen, bestehende und neue Gewerbefl\u00e4chen nach Standards f\u00fcr Klimaanpassung zu entwickeln. Stellschrauben sind dabei B-Pl\u00e4ne, Kaufvertr\u00e4ge oder Gestaltungssatzungen. Unterst\u00fctzt wird der Vorsto\u00df von Emschergenossenschaft\/Lippeverband. &#13;\n  <\/p>\n<p> &#13;<br \/>\n      <a href=\"https:\/\/www.presse-service.de\/public\/Single.aspx?iid=1200326\" rel=\"nofollow noopener\" target=\"_blank\">mehr lesen&#8230;<\/a>  <\/p>\n<p>  &#13;<br \/>\n22.10.2025 &#8211; <a href=\"https:\/\/www.presse-service.de\/public\/Default.aspx?p=1573\" rel=\"nofollow noopener\" target=\"_blank\">Emschergenossenschaft \/ Lippeverband<\/a>&#13;<\/p>\n<p>  &#13;<br \/>\nStarkregen und Hitze trotzen: Gewerbegebiete sollen gr\u00fcner und blauer werden&#13;<br \/>\nKommunen in der Zukunftsinitiative Klima.Werk unterzeichnen Positionspapier. Auf Standards f\u00fcr klimaresiliente Gewerbefl\u00e4chen verst\u00e4ndigt&#13;<\/p>\n<p class=\"ins_r\">&#13;<br \/>\n      <img decoding=\"async\" class=\"news_list_single_image\" src=\"https:\/\/www.presse-service.de\/data.aspx\/medien\/308272V.jpg?cache=1\" alt=\"\u00a9 Jannis Reichard\/EGLV\"\/>&#13;<br \/>\nGewerbegebiete nehmen in der Industrieregion zwischen Emscher, Lippe und Ruhr einen gro\u00dfen Raum ein. Diese Fl\u00e4chen sind deshalb Teil der L\u00f6sung beim klimarobusten Umbau von St\u00e4dten. Kommunen in der Zukunftsinitiative Klima.Werk wie Castrop-Rauxel wollen sich daf\u00fcr einsetzen, bestehende und neue Gewerbefl\u00e4chen nach Standards f\u00fcr Klimaanpassung zu entwickeln. Stellschrauben sind B-Pl\u00e4ne, Kaufvertr\u00e4ge oder Gestaltungssatzungen. Unterst\u00fctzt wird der Vorsto\u00df von Emschergenossenschaft\/Lippeverband. &#13;\n  <\/p>\n<p> &#13;<br \/>\n      <a href=\"https:\/\/www.presse-service.de\/public\/Single.aspx?iid=1200327\" rel=\"nofollow noopener\" target=\"_blank\">mehr lesen&#8230;<\/a>  <\/p>\n<p>  &#13;<br \/>\n22.10.2025 &#8211; <a href=\"https:\/\/www.presse-service.de\/public\/Default.aspx?p=1573\" rel=\"nofollow noopener\" target=\"_blank\">Emschergenossenschaft \/ Lippeverband<\/a>&#13;<\/p>\n<p>  &#13;<br \/>\nStarkregen und Hitze trotzen: Gewerbegebiete sollen gr\u00fcner und blauer werden&#13;<br \/>\nKommunen in der Zukunftsinitiative Klima.Werk unterzeichnen Positionspapier. Auf Standards f\u00fcr klimaresiliente Gewerbefl\u00e4chen verst\u00e4ndigt&#13;<\/p>\n<p class=\"ins_r\">&#13;<br \/>\n      <img decoding=\"async\" class=\"news_list_single_image\" src=\"https:\/\/www.presse-service.de\/data.aspx\/medien\/308272V.jpg?cache=1\" alt=\"\u00a9 Jannis Reichard\/EGLV\"\/>&#13;<br \/>\nGewerbegebiete nehmen in der Industrieregion zwischen Emscher, Lippe und Ruhr einen gro\u00dfen Raum ein. Diese Fl\u00e4chen sind deshalb Teil der L\u00f6sung beim klimarobusten Umbau von St\u00e4dten. Kommunen in der Zukunftsinitiative Klima.Werk Bochum wollen sich daf\u00fcr einsetzen, bestehende und neue Gewerbefl\u00e4chen nach Standards f\u00fcr Klimaanpassung zu entwickeln. Stellschrauben sind dabei B-Pl\u00e4ne, Kaufvertr\u00e4ge oder Gestaltungssatzungen. Unterst\u00fctzt wird der Vorsto\u00df von Emschergenossenschaft\/Lippeverband. &#13;\n  <\/p>\n<p> &#13;<br \/>\n      <a href=\"https:\/\/www.presse-service.de\/public\/Single.aspx?iid=1200328\" rel=\"nofollow noopener\" target=\"_blank\">mehr lesen&#8230;<\/a>  <\/p>\n<p>  &#13;<br \/>\n22.10.2025 &#8211; <a href=\"https:\/\/www.presse-service.de\/public\/Default.aspx?p=1573\" rel=\"nofollow noopener\" target=\"_blank\">Emschergenossenschaft \/ Lippeverband<\/a>&#13;<\/p>\n<p>  &#13;<br \/>\nStarkregen und Hitze trotzen: Gewerbegebiete sollen gr\u00fcner und blauer werden&#13;<br \/>\nKommunen in der Zukunftsinitiative Klima.Werk unterzeichnen Positionspapier. Auf Standards f\u00fcr klimaresiliente Gewerbefl\u00e4chen verst\u00e4ndigt&#13;<\/p>\n<p class=\"ins_r\">&#13;<br \/>\n      <img decoding=\"async\" class=\"news_list_single_image\" src=\"https:\/\/www.presse-service.de\/data.aspx\/medien\/308272V.jpg?cache=1\" alt=\"\u00a9 Jannis Reichard\/EGLV\"\/>&#13;<br \/>\nGewerbegebiete nehmen in der Industrieregion zwischen Emscher, Lippe und Ruhr einen gro\u00dfen Raum ein. Diese Fl\u00e4chen sind deshalb Teil der L\u00f6sung beim klimarobusten Umbau von St\u00e4dten. Kommunen in der Zukunftsinitiative Klima.Werk wie Oberhausen wollen sich daf\u00fcr einsetzen, bestehende und neue Gewerbefl\u00e4chen nach Standards f\u00fcr Klimaanpassung zu entwickeln. Stellschrauben sind dabei B-Pl\u00e4ne, Kaufvertr\u00e4ge oder Gestaltungssatzungen. Unterst\u00fctzt wird der Vorsto\u00df von Emschergenossenschaft\/Lippeverband. &#13;\n  <\/p>\n<p> &#13;<br \/>\n      <a href=\"https:\/\/www.presse-service.de\/public\/Single.aspx?iid=1200329\" rel=\"nofollow noopener\" target=\"_blank\">mehr lesen&#8230;<\/a>  <\/p>\n<p>  &#13;<br \/>\n22.10.2025 &#8211; <a href=\"https:\/\/www.presse-service.de\/public\/Default.aspx?p=1573\" rel=\"nofollow noopener\" target=\"_blank\">Emschergenossenschaft \/ Lippeverband<\/a>&#13;<\/p>\n<p>  &#13;<br \/>\nStarkregen und Hitze trotzen: Gewerbegebiete sollen gr\u00fcner und blauer werden&#13;<br \/>\nKommunen in der Zukunftsinitiative Klima.Werk unterzeichnen Positionspapier. Auf Standards f\u00fcr klimaresiliente Gewerbefl\u00e4chen verst\u00e4ndigt&#13;<\/p>\n<p class=\"ins_r\">&#13;<br \/>\n      <img decoding=\"async\" class=\"news_list_single_image\" src=\"https:\/\/www.presse-service.de\/data.aspx\/medien\/308272V.jpg?cache=1\" alt=\"\u00a9 Jannis Reichard\/EGLV\"\/>&#13;<br \/>\nGewerbegebiete nehmen in der Industrieregion zwischen Emscher, Lippe und Ruhr einen gro\u00dfen Raum ein. Diese Fl\u00e4chen sind deshalb Teil der L\u00f6sung beim klimarobusten Umbau von St\u00e4dten. Kommunen in der Zukunftsinitiative Klima.Werk wie Recklinghausen wollen sich daf\u00fcr einsetzen, bestehende und neue Gewerbefl\u00e4chen nach Standards f\u00fcr Klimaanpassung zu entwickeln. Stellschrauben sind B-Pl\u00e4ne, Kaufvertr\u00e4ge oder Gestaltungssatzungen. Unterst\u00fctzt wird der Vorsto\u00df von Emschergenossenschaft\/Lippeverband. &#13;\n  <\/p>\n<p> &#13;<br \/>\n      <a href=\"https:\/\/www.presse-service.de\/public\/Single.aspx?iid=1200330\" rel=\"nofollow noopener\" target=\"_blank\">mehr lesen&#8230;<\/a>  <\/p>\n<p>  &#13;<br \/>\n22.10.2025 &#8211; <a href=\"https:\/\/www.presse-service.de\/public\/Default.aspx?p=1573\" rel=\"nofollow noopener\" target=\"_blank\">Emschergenossenschaft \/ Lippeverband<\/a>&#13;<\/p>\n<p>  &#13;<br \/>\nStarkregen und Hitze trotzen: Gewerbegebiete sollen gr\u00fcner und blauer werden&#13;<br \/>\nKommunen in der Zukunftsinitiative Klima.Werk unterzeichnen Positionspapier. Auf Standards f\u00fcr klimaresiliente Gewerbefl\u00e4chen verst\u00e4ndigt&#13;<\/p>\n<p class=\"ins_r\">&#13;<br \/>\n      <img decoding=\"async\" class=\"news_list_single_image\" src=\"https:\/\/www.presse-service.de\/data.aspx\/medien\/308272V.jpg?cache=1\" alt=\"\u00a9 Jannis Reichard\/EGLV\"\/>&#13;<br \/>\nGewerbegebiete nehmen in der Industrieregion zwischen Emscher, Lippe und Ruhr einen gro\u00dfen Raum ein. Diese Fl\u00e4chen sind deshalb Teil der L\u00f6sung beim klimarobusten Umbau von St\u00e4dten. Kommunen in der Zukunftsinitiative Klima.Werk wie Herten wollen sich daf\u00fcr einsetzen, bestehende und neue Gewerbefl\u00e4chen nach Standards f\u00fcr Klimaanpassung zu entwickeln. Stellschrauben sind dabei B-Pl\u00e4ne, Kaufvertr\u00e4ge oder Gestaltungssatzungen. Unterst\u00fctzt wird der Vorsto\u00df von Emschergenossenschaft\/Lippeverband. &#13;\n  <\/p>\n<p> &#13;<br \/>\n      <a href=\"https:\/\/www.presse-service.de\/public\/Single.aspx?iid=1200331\" rel=\"nofollow noopener\" target=\"_blank\">mehr lesen&#8230;<\/a>  <\/p>\n<p>  &#13;<br \/>\n22.10.2025 &#8211; <a href=\"https:\/\/www.presse-service.de\/public\/Default.aspx?p=1573\" rel=\"nofollow noopener\" target=\"_blank\">Emschergenossenschaft \/ Lippeverband<\/a>&#13;<\/p>\n<p>  &#13;<br \/>\nStarkregen und Hitze trotzen: Gewerbegebiete sollen gr\u00fcner und blauer werden&#13;<br \/>\nKommunen in der Zukunftsinitiative Klima.Werk unterzeichnen Positionspapier. Auf Standards f\u00fcr klimaresiliente Gewerbefl\u00e4chen verst\u00e4ndigt&#13;<\/p>\n<p class=\"ins_r\">&#13;<br \/>\n      <img decoding=\"async\" class=\"news_list_single_image\" src=\"https:\/\/www.presse-service.de\/data.aspx\/medien\/308272V.jpg?cache=1\" alt=\"\u00a9 Jannis Reichard\/EGLV\"\/>&#13;<br \/>\nGewerbegebiete nehmen in der Industrieregion zwischen Emscher, Lippe und Ruhr einen gro\u00dfen Raum ein. Diese Fl\u00e4chen sind deshalb Teil der L\u00f6sung beim klimarobusten Umbau von St\u00e4dten. Kommunen in der Zukunftsinitiative Klima.Werk wie Herne wollen sich daf\u00fcr einsetzen, bestehende und neue Gewerbefl\u00e4chen nach Standards f\u00fcr Klimaanpassung zu entwickeln. Stellschrauben sind dabei B-Pl\u00e4ne, Kaufvertr\u00e4ge oder Gestaltungssatzungen. Unterst\u00fctzt wird der Vorsto\u00df von Emschergenossenschaft\/Lippeverband. &#13;\n  <\/p>\n<p> &#13;<br \/>\n      <a href=\"https:\/\/www.presse-service.de\/public\/Single.aspx?iid=1200332\" rel=\"nofollow noopener\" target=\"_blank\">mehr lesen&#8230;<\/a>  <\/p>\n<p>  &#13;<br \/>\n22.10.2025 &#8211; <a href=\"https:\/\/www.presse-service.de\/public\/Default.aspx?p=1573\" rel=\"nofollow noopener\" target=\"_blank\">Emschergenossenschaft \/ Lippeverband<\/a>&#13;<\/p>\n<p>  &#13;<br \/>\nStarkregen und Hitze trotzen: Gewerbegebiete sollen gr\u00fcner und blauer werden&#13;<br \/>\nKommunen in der Zukunftsinitiative Klima.Werk unterzeichnen Positionspapier. Auf Standards f\u00fcr klimaresiliente Gewerbefl\u00e4chen verst\u00e4ndigt&#13;<\/p>\n<p class=\"ins_r\">&#13;<br \/>\n      <img decoding=\"async\" class=\"news_list_single_image\" src=\"https:\/\/www.presse-service.de\/data.aspx\/medien\/308272V.jpg?cache=1\" alt=\"\u00a9 Jannis Reichard\/EGLV\"\/>&#13;<br \/>\nGewerbegebiete nehmen in der Industrieregion zwischen Emscher, Lippe und Ruhr einen gro\u00dfen Raum ein. Diese Fl\u00e4chen sind deshalb Teil der L\u00f6sung beim klimarobusten Umbau von St\u00e4dten. Kommunen in der Zukunftsinitiative Klima.Werk wie Bottrop wollen sich daf\u00fcr einsetzen, bestehende und neue Gewerbefl\u00e4chen nach Standards f\u00fcr Klimaanpassung zu entwickeln. Stellschrauben sind dabei B-Pl\u00e4ne, Kaufvertr\u00e4ge oder Gestaltungssatzungen. Unterst\u00fctzt wird der Vorsto\u00df von Emschergenossenschaft\/Lippeverband. &#13;\n  <\/p>\n<p> &#13;<br \/>\n      <a href=\"https:\/\/www.presse-service.de\/public\/Single.aspx?iid=1200333\" rel=\"nofollow noopener\" target=\"_blank\">mehr lesen&#8230;<\/a>  <\/p>\n<p>  &#13;<br \/>\n22.10.2025 &#8211; <a href=\"https:\/\/www.presse-service.de\/public\/Default.aspx?p=1573\" rel=\"nofollow noopener\" target=\"_blank\">Emschergenossenschaft \/ Lippeverband<\/a>&#13;<\/p>\n<p>  &#13;<br \/>\nStarkregen und Hitze trotzen: Gewerbegebiete sollen gr\u00fcner und blauer werden&#13;<br \/>\nKommunen in der Zukunftsinitiative Klima.Werk unterzeichnen Positionspapier. Auf Standards f\u00fcr klimaresiliente Gewerbefl\u00e4chen verst\u00e4ndigt&#13;<\/p>\n<p class=\"ins_r\">&#13;<br \/>\n      <img decoding=\"async\" class=\"news_list_single_image\" src=\"https:\/\/www.presse-service.de\/data.aspx\/medien\/308272V.jpg?cache=1\" alt=\"\u00a9 Jannis Reichard\/EGLV\"\/>&#13;<br \/>\nGewerbegebiete nehmen in der Industrieregion zwischen Emscher, Lippe und Ruhr einen gro\u00dfen Raum ein. Diese Fl\u00e4chen sind deshalb Teil der L\u00f6sung beim klimarobusten Umbau von St\u00e4dten. Kommunen in der Zukunftsinitiative Klima.Werk wie Witten wollen sich daf\u00fcr einsetzen, bestehende und neue Gewerbefl\u00e4chen nach Standards f\u00fcr Klimaanpassung zu entwickeln. Stellschrauben sind dabei B-Pl\u00e4ne, Kaufvertr\u00e4ge oder Gestaltungssatzungen. Unterst\u00fctzt wird der Vorsto\u00df von Emschergenossenschaft\/Lippeverband. &#13;\n  <\/p>\n<p> &#13;<br \/>\n      <a href=\"https:\/\/www.presse-service.de\/public\/Single.aspx?iid=1200334\" rel=\"nofollow noopener\" target=\"_blank\">mehr lesen&#8230;<\/a>  <\/p>\n<p>  &#13;<br \/>\n22.10.2025 &#8211; <a href=\"https:\/\/www.presse-service.de\/public\/Default.aspx?p=1573\" rel=\"nofollow noopener\" target=\"_blank\">Emschergenossenschaft \/ Lippeverband<\/a>&#13;<\/p>\n<p>  &#13;<br \/>\nStarkregen und Hitze trotzen: Gewerbegebiete sollen gr\u00fcner und blauer werden&#13;<br \/>\nKommunen in der Zukunftsinitiative Klima.Werk unterzeichnen Positionspapier. Auf Standards f\u00fcr klimaresiliente Gewerbefl\u00e4chen verst\u00e4ndigt&#13;<\/p>\n<p class=\"ins_r\">&#13;<br \/>\n      <img decoding=\"async\" class=\"news_list_single_image\" src=\"https:\/\/www.presse-service.de\/data.aspx\/medien\/308272V.jpg?cache=1\" alt=\"\u00a9 Jannis Reichard\/EGLV\"\/>&#13;<br \/>\nGewerbegebiete nehmen in der Industrieregion zwischen Emscher, Lippe und Ruhr einen gro\u00dfen Raum ein. Diese Fl\u00e4chen sind deshalb Teil der L\u00f6sung beim klimarobusten Umbau von St\u00e4dten. Kommunen in der Zukunftsinitiative Klima.Werk wie Essen wollen sich daf\u00fcr einsetzen, bestehende und neue Gewerbefl\u00e4chen nach Standards f\u00fcr Klimaanpassung zu entwickeln. Stellschrauben sind dabei B-Pl\u00e4ne, Kaufvertr\u00e4ge oder Gestaltungssatzungen. Unterst\u00fctzt wird der Vorsto\u00df von Emschergenossenschaft\/Lippeverband. &#13;\n  <\/p>\n<p> &#13;<br \/>\n      <a href=\"https:\/\/www.presse-service.de\/public\/Single.aspx?iid=1200335\" rel=\"nofollow noopener\" target=\"_blank\">mehr lesen&#8230;<\/a>  <\/p>\n<p>  &#13;<br \/>\n22.10.2025 &#8211; <a href=\"https:\/\/www.presse-service.de\/public\/Default.aspx?p=1573\" rel=\"nofollow noopener\" target=\"_blank\">Emschergenossenschaft \/ Lippeverband<\/a>&#13;<\/p>\n<p>  &#13;<br \/>\nStarkregen und Hitze trotzen: Gewerbegebiete sollen gr\u00fcner und blauer werden&#13;<br \/>\nKommunen in der Zukunftsinitiative Klima.Werk unterzeichnen Positionspapier. Auf Standards f\u00fcr klimaresiliente Gewerbefl\u00e4chen verst\u00e4ndigt&#13;<\/p>\n<p class=\"ins_r\">&#13;<br \/>\n      <img decoding=\"async\" class=\"news_list_single_image\" src=\"https:\/\/www.presse-service.de\/data.aspx\/medien\/308272V.jpg?cache=1\" alt=\"\u00a9 Jannis Reichard\/EGLV\"\/>&#13;<br \/>\nGewerbegebiete nehmen in der Industrieregion zwischen Emscher, Lippe und Ruhr einen gro\u00dfen Raum ein. Diese Fl\u00e4chen sind deshalb Teil der L\u00f6sung beim klimarobusten Umbau von St\u00e4dten. Kommunen in der Zukunftsinitiative Klima.Werk wie Gelsenkirchen wollen sich daf\u00fcr einsetzen, bestehende und neue Gewerbefl\u00e4chen nach Standards f\u00fcr Klimaanpassung zu entwickeln. Stellschrauben sind B-Pl\u00e4ne, Kaufvertr\u00e4ge oder Gestaltungssatzungen. Unterst\u00fctzt wird der Vorsto\u00df von Emschergenossenschaft\/Lippeverband. &#13;\n  <\/p>\n<p> &#13;<br \/>\n      <a href=\"https:\/\/www.presse-service.de\/public\/Single.aspx?iid=1200390\" rel=\"nofollow noopener\" target=\"_blank\">mehr lesen&#8230;<\/a>  <\/p>\n<p>  &#13;<br \/>\n22.10.2025 &#8211; <a href=\"https:\/\/www.presse-service.de\/public\/Default.aspx?p=1573\" rel=\"nofollow noopener\" target=\"_blank\">Emschergenossenschaft \/ Lippeverband<\/a>&#13;<\/p>\n<p>  &#13;<br \/>\nStarkregen und Hitze trotzen: Gewerbegebiete sollen gr\u00fcner und blauer werden&#13;<br \/>\nKommunen in der Zukunftsinitiative Klima.Werk unterzeichnen Positionspapier. Auf Standards f\u00fcr klimaresiliente Gewerbefl\u00e4chen verst\u00e4ndigt&#13;<\/p>\n<p class=\"ins_r\">&#13;<br \/>\n      <img decoding=\"async\" class=\"news_list_single_image\" src=\"https:\/\/www.presse-service.de\/data.aspx\/medien\/308272V.jpg?cache=1\" alt=\"\u00a9 Jannis Reichard\/EGLV\"\/>&#13;<br \/>\nGewerbegebiete nehmen in der Industrieregion zwischen Emscher, Lippe und Ruhr einen gro\u00dfen Raum ein. Diese Fl\u00e4chen sind deshalb Teil der L\u00f6sung beim klimarobusten Umbau von St\u00e4dten. Kommunen in der Zukunftsinitiative Klima.Werk wie Dorsten wollen sich daf\u00fcr einsetzen, bestehende und neue Gewerbefl\u00e4chen nach Standards f\u00fcr Klimaanpassung zu entwickeln. Stellschrauben sind dabei B-Pl\u00e4ne, Kaufvertr\u00e4ge oder Gestaltungssatzungen. Unterst\u00fctzt wird der Vorsto\u00df von Emschergenossenschaft\/Lippeverband. &#13;\n  <\/p>\n<p> &#13;<br \/>\n      <a href=\"https:\/\/www.presse-service.de\/public\/Single.aspx?iid=1200395\" rel=\"nofollow noopener\" target=\"_blank\">mehr lesen&#8230;<\/a>  <\/p>\n<p>  &#13;<br \/>\n22.10.2025 &#8211; <a href=\"https:\/\/www.presse-service.de\/public\/Default.aspx?p=1573\" rel=\"nofollow noopener\" target=\"_blank\">Emschergenossenschaft \/ Lippeverband<\/a>&#13;<\/p>\n<p>  &#13;<br \/>\nStarkregen und Hitze trotzen: Gewerbegebiete sollen gr\u00fcner und blauer werden&#13;<br \/>\nKommunen in der Zukunftsinitiative Klima.Werk unterzeichnen Positionspapier. Auf Standards f\u00fcr klimaresiliente Gewerbefl\u00e4chen verst\u00e4ndigt&#13;<\/p>\n<p class=\"ins_r\">&#13;<br \/>\n      <img decoding=\"async\" class=\"news_list_single_image\" src=\"https:\/\/www.presse-service.de\/data.aspx\/medien\/308272V.jpg?cache=1\" alt=\"\u00a9 Jannis Reichard\/EGLV\"\/>&#13;<br \/>\nGewerbegebiete nehmen in der Industrieregion zwischen Emscher, Lippe und Ruhr einen gro\u00dfen Raum ein. Diese Fl\u00e4chen sind deshalb Teil der L\u00f6sung beim klimarobusten Umbau von St\u00e4dten. Kommunen in der Zukunftsinitiative Klima.Werk wie Holzwickede wollen sich daf\u00fcr einsetzen, bestehende und neue Gewerbefl\u00e4chen nach Standards f\u00fcr Klimaanpassung zu entwickeln. Stellschrauben sind B-Pl\u00e4ne, Kaufvertr\u00e4ge oder Gestaltungssatzungen. Unterst\u00fctzt wird der Vorsto\u00df von Emschergenossenschaft\/Lippeverband. &#13;\n  <\/p>\n<p> &#13;<br \/>\n      <a href=\"https:\/\/www.presse-service.de\/public\/Single.aspx?iid=1200455\" rel=\"nofollow noopener\" target=\"_blank\">mehr lesen&#8230;<\/a>  <\/p>\n<p>  &#13;<br \/>\n22.10.2025 &#8211; <a href=\"https:\/\/www.presse-service.de\/public\/Default.aspx?p=1227\" rel=\"nofollow noopener\" target=\"_blank\">Stadt Iserlohn<\/a>&#13;<\/p>\n<p>  &#13;<br \/>\nVortrag zu den Kriegstoten Iserlohns von 1914 bis 1918&#13;<br \/>\nDr. Walter Wehner referiert \u00fcber die Erinnerungskultur f\u00fcr Gefallene des Ersten Weltkriegs in Iserlohn&#13;<\/p>\n<p class=\"ins_r\">&#13;<br \/>\n      <img decoding=\"async\" class=\"news_list_single_image\" src=\"https:\/\/www.presse-service.de\/data.aspx\/medien\/308382V.jpg?cache=1\" alt=\"\u00a9 Stadt Iserlohn \/ Stadtarchiv\"\/>&#13;<br \/>\nAm Dienstag, 28. Oktober, wird die stadtgeschichtliche Vortragsreihe des Stadtarchivs Iserlohn fortgesetzt. Der Literaturwissenschaftler und Lokalgeschichtsforscher Dr. Walter Wehner aus Iserlohn referiert \u00fcber die Erinnerungskultur f\u00fcr die Kriegstoten des Ersten Weltkriegs in Iserlohn.&#13;<br \/>\nDer Vortrag beginnt um 18.30 Uhr im Fanny-van-Hees-Saal der Volkshochschule (VHS) Iserlohn im Stadtbahnhof, Bahnhofsplatz 2. Der Eintritt kostet sechs Euro, Erm\u00e4\u00dfigungsberechtigte zahlen drei Euro. Eine Anmeldung ist nicht erforderlich. Kooperationspartner der&#8230;&#13;\n  <\/p>\n<p> &#13;<br \/>\n      <a href=\"https:\/\/www.presse-service.de\/public\/Single.aspx?iid=1200498\" rel=\"nofollow noopener\" target=\"_blank\">mehr lesen&#8230;<\/a>  <\/p>\n<p>  &#13;<br \/>\n22.10.2025 &#8211; <a href=\"https:\/\/www.presse-service.de\/public\/Default.aspx?p=116\" rel=\"nofollow noopener\" target=\"_blank\">Stadt Hanau<\/a>&#13;<\/p>\n<p>  &#13;<br \/>\n\u201eHanau ist und bleibt ein wichtiger Wirtschaftsstandort\u201c&#13;<br \/>\nWirtschaftsf\u00f6rderungen s\u00fcddeutscher Gro\u00dfst\u00e4dte tagen in Hanau&#13;<\/p>\n<p class=\"ins_r\">&#13;<br \/>\n      <img decoding=\"async\" class=\"news_list_single_image\" src=\"https:\/\/www.presse-service.de\/data.aspx\/medien\/308389V.jpg?cache=1\" alt=\"\u00a9 Stadt Hanau \/ Moritz G\u00f6bel\"\/>&#13;<br \/>\n\u201eIm Herzen des Rhein-Main-Gebiets gelegen, ist Hanau ein wichtiger Wirtschaftsstandort und wird das auch in Zukunft bleiben\u201c, sagte Stadtr\u00e4tin Isabelle Hemsley bei der Begr\u00fc\u00dfung der Vereinigung der Wirtschaftsf\u00f6rderungen s\u00fcddeutscher Gro\u00dfst\u00e4dte, die am 16. und 17. Oktober ihre turnusm\u00e4\u00dfige Tagung in der Br\u00fcder-Grimm-Stadt absolvierte. &#13;\n  <\/p>\n<p> &#13;<br \/>\n      <a href=\"https:\/\/www.presse-service.de\/public\/Single.aspx?iid=1200517\" rel=\"nofollow noopener\" target=\"_blank\">mehr lesen&#8230;<\/a>  <\/p>\n<p>  &#13;<br \/>\n22.10.2025 &#8211; <a href=\"https:\/\/www.presse-service.de\/public\/Default.aspx?p=272\" rel=\"nofollow noopener\" target=\"_blank\">Stadt Borken<\/a>&#13;<\/p>\n<p>  &#13;<br \/>\n\u00d6ffentliche F\u00fchrung durch die Sonderausstellung \u201eprINT\u201c im FARB&#13;<br \/>\nAm 30. Oktober 2025 um 16 Uhr&#13;<\/p>\n<p class=\"ins_r\">&#13;<br \/>\n      <img decoding=\"async\" class=\"news_list_single_image\" src=\"https:\/\/www.presse-service.de\/data.aspx\/medien\/308409V.jpg?cache=1\" alt=\"\u00a9 Francisco Javier Barraj\u00f3n\"\/>&#13;<br \/>\nAm Donnerstag, 30. Oktober 2025, findet um 16 Uhr eine \u00f6ffentliche F\u00fchrung durch die Sonderausstellung &#8222;prINT&#8220; im FARB Forum Altes Rathaus Borken statt.&#13;<br \/>\nKlassische Techniken wie Radierung und Lithografie treffen auf zeitgen\u00f6ssische Ans\u00e4tze und er\u00f6ffnen dem Publikum einen Blick auf die k\u00fcnstlerische Vielfalt Spaniens. Das Grafikprojekt kn\u00fcpft an eine lange Tradition an: Namen wie Pablo Picasso, Joan Mir\u00f3 oder Francisco Goya haben die Druckgrafik in Spanien gepr\u00e4gt. Heute setzen sowohl junge als auch etablierte K\u00fcnstlerinnen und K\u00fcnstler diese&#8230;&#13;\n  <\/p>\n<p> &#13;<br \/>\n      <a href=\"https:\/\/www.presse-service.de\/public\/Single.aspx?iid=1200550\" rel=\"nofollow noopener\" target=\"_blank\">mehr lesen&#8230;<\/a>  <\/p>\n<p>&#13;<br \/>\n  &#13;<\/p>\n","protected":false},"excerpt":{"rendered":"&#13; Alle Meldungen: &#13; 22.10.2025 &#8211; Stadt Braunschweig&#13; &#13; Cookies for Life \u2013 Film \u00fcber eine Hamas-Geisel&#13; &#13;&hellip;\n","protected":false},"author":2,"featured_media":517962,"comment_status":"","ping_status":"","sticky":false,"template":"","format":"standard","meta":{"footnotes":""},"categories":[1850],"tags":[6429,3364,29,548,663,3934,30,13,19579,19580,62,14,15,1411,178,19577,19578,19576,181,19575,12],"class_list":{"0":"post-517961","1":"post","2":"type-post","3":"status-publish","4":"format-standard","5":"has-post-thumbnail","7":"category-braunschweig","8":"tag-braunschweig","9":"tag-de","10":"tag-deutschland","11":"tag-eu","12":"tag-europa","13":"tag-europe","14":"tag-germany","15":"tag-headlines","16":"tag-kommunal","17":"tag-kommunaler-dienst","18":"tag-medien","19":"tag-nachrichten","20":"tag-news","21":"tag-niedersachsen","22":"tag-presse","23":"tag-pressearchiv","24":"tag-pressedienst","25":"tag-pressemeldungen","26":"tag-pressemitteilungen","27":"tag-presseservice","28":"tag-schlagzeilen"},"share_on_mastodon":{"url":"https:\/\/pubeurope.com\/@de\/115417147124113646","error":""},"_links":{"self":[{"href":"https:\/\/www.europesays.com\/de\/wp-json\/wp\/v2\/posts\/517961","targetHints":{"allow":["GET"]}}],"collection":[{"href":"https:\/\/www.europesays.com\/de\/wp-json\/wp\/v2\/posts"}],"about":[{"href":"https:\/\/www.europesays.com\/de\/wp-json\/wp\/v2\/types\/post"}],"author":[{"embeddable":true,"href":"https:\/\/www.europesays.com\/de\/wp-json\/wp\/v2\/users\/2"}],"replies":[{"embeddable":true,"href":"https:\/\/www.europesays.com\/de\/wp-json\/wp\/v2\/comments?post=517961"}],"version-history":[{"count":0,"href":"https:\/\/www.europesays.com\/de\/wp-json\/wp\/v2\/posts\/517961\/revisions"}],"wp:featuredmedia":[{"embeddable":true,"href":"https:\/\/www.europesays.com\/de\/wp-json\/wp\/v2\/media\/517962"}],"wp:attachment":[{"href":"https:\/\/www.europesays.com\/de\/wp-json\/wp\/v2\/media?parent=517961"}],"wp:term":[{"taxonomy":"category","embeddable":true,"href":"https:\/\/www.europesays.com\/de\/wp-json\/wp\/v2\/categories?post=517961"},{"taxonomy":"post_tag","embeddable":true,"href":"https:\/\/www.europesays.com\/de\/wp-json\/wp\/v2\/tags?post=517961"}],"curies":[{"name":"wp","href":"https:\/\/api.w.org\/{rel}","templated":true}]}}