{"id":517999,"date":"2025-10-22T09:59:16","date_gmt":"2025-10-22T09:59:16","guid":{"rendered":"https:\/\/www.europesays.com\/de\/517999\/"},"modified":"2025-10-22T09:59:16","modified_gmt":"2025-10-22T09:59:16","slug":"von-der-leyen-will-europas-wirts","status":"publish","type":"post","link":"https:\/\/www.europesays.com\/de\/517999\/","title":{"rendered":"Von der Leyen will Europas Wirts"},"content":{"rendered":"<p>EU-Kommissionspr\u00e4sidentin Ursula von der Leyen warnt vor einer m\u00f6glichen Rohstoffkrise in der EU. Angesichts Europas Abh\u00e4ngigkeit von Energie- und anderen Rohstoffimporten will sie mehr f\u00fcr Europas wirtschaftliche Sicherheit unternehmen.<\/p>\n<p>Von der Leyen: Versorgungskrise steht vor der T\u00fcr<\/p>\n<p>\u00abEine Krise bei der Versorgung mit kritischen Rohstoffen ist kein fernes Risiko mehr. Sie steht vor der T\u00fcr\u00bb, sagte die Kommissionspr\u00e4sidentin in einer Rede im Europaparlament in Stra\u00dfburg. Kein Land solle die F\u00e4higkeit haben, die wirtschaftliche Sicherheit Europas zu untergraben. Man habe gesehen, was passiert, wenn man sich zu sehr in die Abh\u00e4ngigkeit eines Landes begebe, sagte von der Leyen, ohne ein konkretes Land zu nennen. Nach Beginn des russischen Angriffs gegen die Ukraine wurden etwa Abh\u00e4ngigkeiten von Energie aus Russland sp\u00fcrbar.\u00a0<\/p>\n<p>Kommission will neue Ma\u00dfnahmen vorschlagen\u00a0<\/p>\n<p>\u00abIch werde bereit sein, weitere Ma\u00dfnahmen vorzuschlagen, um Europas wirtschaftliche Sicherheit zu gew\u00e4hrleisten\u00bb, sagte von der Leyen. Hintergrund sind vor allem Sorgen \u00fcber Abh\u00e4ngigkeiten bei kritischen Rohstoffen und Schl\u00fcsseltechnologien.\u00a0<\/p>\n<p>Dabei geht es etwa um Materialien f\u00fcr die Herstellung von Mikrochips, Windkraftanlagen oder Batterien. H\u00e4ufig deckt die EU ihren Bedarf zu einem Gro\u00dfteil durch ein einziges Drittland.<\/p>\n<p>Mehr \u00abMade in Europe\u00bb<\/p>\n<p>Zudem bekr\u00e4ftigte von der Leyen, dass sie ein \u00abMade-in-Europe\u00bb-Kriterium einf\u00fchren will. Die Idee hatte sie bereits im September vorgestellt. \u00d6ffentliche Auftr\u00e4ge machten 14 Prozent der Wirtschaftsleistung aus, sagte die Kommissionspr\u00e4sidentin.\u00a0<\/p>\n<p>\u00abDas ist eine enorme finanzielle Schlagkraft, die von den europ\u00e4ischen Regierungen kontrolliert wird\u00bb, sagte sie. Diese sollte besser genutzt werden, um eine stabile Nachfrage nach sauberen Produkten aus europ\u00e4ischer Herstellung zu schaffen.<\/p>\n","protected":false},"excerpt":{"rendered":"EU-Kommissionspr\u00e4sidentin Ursula von der Leyen warnt vor einer m\u00f6glichen Rohstoffkrise in der EU. Angesichts Europas Abh\u00e4ngigkeit von Energie-&hellip;\n","protected":false},"author":2,"featured_media":518000,"comment_status":"","ping_status":"","sticky":false,"template":"","format":"standard","meta":{"footnotes":""},"categories":[3933],"tags":[331,332,548,663,158,3934,3935,13,14,15,109,12],"class_list":{"0":"post-517999","1":"post","2":"type-post","3":"status-publish","4":"format-standard","5":"has-post-thumbnail","7":"category-eu","8":"tag-aktuelle-nachrichten","9":"tag-aktuelle-news","10":"tag-eu","11":"tag-europa","12":"tag-europaeische-union","13":"tag-europe","14":"tag-european-union","15":"tag-headlines","16":"tag-nachrichten","17":"tag-news","18":"tag-rohstoff","19":"tag-schlagzeilen"},"share_on_mastodon":{"url":"https:\/\/pubeurope.com\/@de\/115417236382398295","error":""},"_links":{"self":[{"href":"https:\/\/www.europesays.com\/de\/wp-json\/wp\/v2\/posts\/517999","targetHints":{"allow":["GET"]}}],"collection":[{"href":"https:\/\/www.europesays.com\/de\/wp-json\/wp\/v2\/posts"}],"about":[{"href":"https:\/\/www.europesays.com\/de\/wp-json\/wp\/v2\/types\/post"}],"author":[{"embeddable":true,"href":"https:\/\/www.europesays.com\/de\/wp-json\/wp\/v2\/users\/2"}],"replies":[{"embeddable":true,"href":"https:\/\/www.europesays.com\/de\/wp-json\/wp\/v2\/comments?post=517999"}],"version-history":[{"count":0,"href":"https:\/\/www.europesays.com\/de\/wp-json\/wp\/v2\/posts\/517999\/revisions"}],"wp:featuredmedia":[{"embeddable":true,"href":"https:\/\/www.europesays.com\/de\/wp-json\/wp\/v2\/media\/518000"}],"wp:attachment":[{"href":"https:\/\/www.europesays.com\/de\/wp-json\/wp\/v2\/media?parent=517999"}],"wp:term":[{"taxonomy":"category","embeddable":true,"href":"https:\/\/www.europesays.com\/de\/wp-json\/wp\/v2\/categories?post=517999"},{"taxonomy":"post_tag","embeddable":true,"href":"https:\/\/www.europesays.com\/de\/wp-json\/wp\/v2\/tags?post=517999"}],"curies":[{"name":"wp","href":"https:\/\/api.w.org\/{rel}","templated":true}]}}