{"id":518061,"date":"2025-10-22T10:35:15","date_gmt":"2025-10-22T10:35:15","guid":{"rendered":"https:\/\/www.europesays.com\/de\/518061\/"},"modified":"2025-10-22T10:35:15","modified_gmt":"2025-10-22T10:35:15","slug":"polizeischutz-fuer-wohnung-von-olaf-scholz-kostet-millionen","status":"publish","type":"post","link":"https:\/\/www.europesays.com\/de\/518061\/","title":{"rendered":"Polizeischutz f\u00fcr Wohnung von Olaf Scholz kostet Millionen"},"content":{"rendered":"<p>Bewachung in Altona <\/p>\n<p>Scholz-Wohnung kostet Hamburg Millionen \u2013 wegen Polizeischutz<\/p>\n<p>22.10.2025 &#8211; 11:46 UhrLesedauer: 2 Min.<\/p>\n<p><a href=\"#focus-0\" class=\"transition-colors duration-200 block text-current relative\" data-sctrack=\"FocusGalleryImage.Reference\"><img fetchpriority=\"high\" data-testid=\"Opener.Image\" style=\"--lqipURL:url('https:\/\/images.t-online.de\/2025\/10\/qu1sHQ5BGr2c\/0x72:4000x2250\/fit-in\/150x0\/filters:blur(25)\/olaf-scholz-wegen-der-hohen-sicherheitskosten-fuer-seine-wohnung-in-hamburg-altona-gibt-es-kritik.jpg')\"   loading=\"eager\" src=\"https:\/\/www.europesays.com\/de\/wp-content\/uploads\/2025\/10\/olaf-scholz-wegen-der-hohen-sicherheitskosten-fuer-seine-wohnung-in-hamburg-altona-gibt-es-kritik.jp.jpeg\" alt=\"Olaf Scholz: Wegen der hohen Sicherheitskosten f\u00fcr seine Wohnung in Hamburg-Altona gibt es Kritik.\" title=\"Olaf Scholz: Wegen der hohen Sicherheitskosten f\u00fcr seine Wohnung in Hamburg-Altona gibt es Kritik.\" width=\"4000\" height=\"2250\" class=\"bg-[url:var(--lqipURL)] bg-cover bg-center flex h-full w-full max-w-full\" decoding=\"async\"\/><img style=\"--width:32;--height:32\" loading=\"lazy\" src=\"https:\/\/hamburg.t-online.de\/s\/paper\/_next\/static\/media\/zoom-in.f7dae02f.svg\" alt=\"Vergr\u00f6\u00dfern des Bildes\" title=\"Vergr\u00f6\u00dfern des Bildes\" class=\"block h-[calc(var(--height)_\/_16_*_1rem)] w-[calc(var(--width)_\/_16_*_1rem)] max-w-none absolute bottom-8 right-8 rounded-4 bg-snow p-8\" decoding=\"async\"\/><\/a><\/p>\n<p>Olaf Scholz: Wegen der hohen Sicherheitskosten f\u00fcr seine Wohnung in Hamburg-Altona gibt es Kritik. (Quelle: dts Nachrichtenagentur\/imago-images-bilder)<\/p>\n<p class=\"font-bold text-18 leading-17\">Die Hamburger Polizei sichert eine Wohnung von Olaf Scholz \u2013 obwohl der Altkanzler dort kaum noch wohnt. Die Steuerzahler zahlen jedes Jahr Millionen. Daran regt sich Kritik.<\/p>\n<p class=\"text-18 leading-17\">F\u00fcr die Bewachung der Hamburger Wohnung von Bundeskanzler Olaf Scholz fielen im Jahr 2024 insgesamt 28.256 Einsatzstunden der Polizei an. Im Vorjahr waren es sogar 29.064 Stunden. Allein im ersten Halbjahr 2025 summierten sich bereits 14.008 Stunden. Das geht aus einer Antwort des Hamburger Senats auf eine Kleine Anfrage der AfD-Fraktion hervor.<\/p>\n<p class=\"text-18 leading-17\">Die Kosten tr\u00e4gt die Stadt Hamburg \u2013 also der Steuerzahler. Seit 2022 beteiligt sich der Bund nicht mehr an den Ausgaben. Nach Informationen des NDR belaufen sich die j\u00e4hrlichen Gesamtkosten f\u00fcr die Sicherheitsma\u00dfnahmen auf bis zu zwei Millionen Euro.<\/p>\n<p class=\"text-18 leading-17\">Grundlage f\u00fcr den Objektschutz ist das Hamburger Sicherheits- und Ordnungsgesetz (\u00a7 3 SOG). Eine konkrete Gef\u00e4hrdungslage wollte die Innenbeh\u00f6rde nicht offenlegen. Auch zur Dauer des Schutzes machte sie keine Angaben. Gespr\u00e4che mit dem Bund \u00fcber eine m\u00f6gliche Kostenbeteiligung habe es laut Senat nicht gegeben \u2013 die rechtliche Grundlage daf\u00fcr fehle.<\/p>\n<p class=\"text-18 leading-17\">Die bewachte Wohnung liegt im Stadtteil Altona und geh\u00f6rt Scholz und seiner Frau Britta Ernst seit \u00fcber 30 Jahren. Hauptwohnsitz des Kanzlers ist allerdings Potsdam. Laut einem Bericht der &#8222;Hamburger Morgenpost&#8220; wurde der alte Sicherheitscontainer vor dem Geb\u00e4ude k\u00fcrzlich durch ein neues Modell ersetzt \u2013 Kostenpunkt: mindestens 112.000 Euro, so die Polizei.<\/p>\n<p class=\"text-18 leading-17\">W\u00e4hrend der Amtszeiten von Scholz als Hamburger B\u00fcrgermeister und sp\u00e4ter als Kanzler gab es mehrere Anschl\u00e4ge auf Fahrzeuge und den damaligen Wachcontainer.<\/p>\n<p class=\"text-18 leading-17\">Trotz dieser Vorf\u00e4lle st\u00f6\u00dft der Umfang des Schutzes inzwischen auf Kritik: Deutliche Einw\u00e4nde kommen von der Deutschen Polizeigewerkschaft. Ein so hoher Aufwand f\u00fcr eine meist leerstehende Wohnung sei nicht hinnehmbar, hei\u00dft es. Landeschef Thomas Jungfer fordert, der Bund m\u00fcsse die Kosten tragen \u2013 schlie\u00dflich gehe die Anordnung zum Objektschutz vom Bundeskriminalamt aus.<\/p>\n<p class=\"text-18 leading-17\">Auch der Bund der Steuerzahler Hamburg sieht Kl\u00e4rungsbedarf. Er kritisiert vor allem, dass nicht offen dargelegt wird, warum die Ma\u00dfnahmen so kostenintensiv sind. Landeschef Sascha Mummenhoff betont, es gehe nicht darum, die Sicherheitsma\u00dfnahmen an sich infrage zu stellen. Vielmehr m\u00fcsse nachvollziehbar sein, wof\u00fcr \u00f6ffentliche Mittel eingesetzt werden.<\/p>\n<p class=\"text-18 leading-17\">Andernfalls sei schwer zu vermitteln, warum eine kaum genutzte Wohnung rund um die Uhr bewacht werde \u2013 gerade in einer Stadt, in der viele Menschen vergeblich nach bezahlbarem Wohnraum suchen.<\/p>\n","protected":false},"excerpt":{"rendered":"Bewachung in Altona Scholz-Wohnung kostet Hamburg Millionen \u2013 wegen Polizeischutz 22.10.2025 &#8211; 11:46 UhrLesedauer: 2 Min. Olaf Scholz:&hellip;\n","protected":false},"author":2,"featured_media":518062,"comment_status":"","ping_status":"","sticky":false,"template":"","format":"standard","meta":{"footnotes":""},"categories":[1826],"tags":[522,186,2724,128594,29,30,692,5116,438,1175,121,24764,128595],"class_list":{"0":"post-518061","1":"post","2":"type-post","3":"status-publish","4":"format-standard","5":"has-post-thumbnail","7":"category-hamburg","8":"tag-522","9":"tag-afd","10":"tag-altona","11":"tag-bewachung","12":"tag-deutschland","13":"tag-germany","14":"tag-hamburg","15":"tag-hamburg-altona","16":"tag-ndr","17":"tag-olaf-scholz","18":"tag-polizei","19":"tag-polizeischutz","20":"tag-sicherheitskosten"},"share_on_mastodon":{"url":"https:\/\/pubeurope.com\/@de\/115417378153162283","error":""},"_links":{"self":[{"href":"https:\/\/www.europesays.com\/de\/wp-json\/wp\/v2\/posts\/518061","targetHints":{"allow":["GET"]}}],"collection":[{"href":"https:\/\/www.europesays.com\/de\/wp-json\/wp\/v2\/posts"}],"about":[{"href":"https:\/\/www.europesays.com\/de\/wp-json\/wp\/v2\/types\/post"}],"author":[{"embeddable":true,"href":"https:\/\/www.europesays.com\/de\/wp-json\/wp\/v2\/users\/2"}],"replies":[{"embeddable":true,"href":"https:\/\/www.europesays.com\/de\/wp-json\/wp\/v2\/comments?post=518061"}],"version-history":[{"count":0,"href":"https:\/\/www.europesays.com\/de\/wp-json\/wp\/v2\/posts\/518061\/revisions"}],"wp:featuredmedia":[{"embeddable":true,"href":"https:\/\/www.europesays.com\/de\/wp-json\/wp\/v2\/media\/518062"}],"wp:attachment":[{"href":"https:\/\/www.europesays.com\/de\/wp-json\/wp\/v2\/media?parent=518061"}],"wp:term":[{"taxonomy":"category","embeddable":true,"href":"https:\/\/www.europesays.com\/de\/wp-json\/wp\/v2\/categories?post=518061"},{"taxonomy":"post_tag","embeddable":true,"href":"https:\/\/www.europesays.com\/de\/wp-json\/wp\/v2\/tags?post=518061"}],"curies":[{"name":"wp","href":"https:\/\/api.w.org\/{rel}","templated":true}]}}