{"id":518069,"date":"2025-10-22T10:39:11","date_gmt":"2025-10-22T10:39:11","guid":{"rendered":"https:\/\/www.europesays.com\/de\/518069\/"},"modified":"2025-10-22T10:39:11","modified_gmt":"2025-10-22T10:39:11","slug":"berlin-mann-belaestigt-minderjaehrige-in-u-bahn-regional","status":"publish","type":"post","link":"https:\/\/www.europesays.com\/de\/518069\/","title":{"rendered":"Berlin: Mann bel\u00e4stigt Minderj\u00e4hrige in U-Bahn | Regional"},"content":{"rendered":"<p>Berlin \u2013 <b>Ein Mann, der im Juni in einer U-Bahn Minderj\u00e4hrige sexuell bel\u00e4stigt haben soll, wurde durch Zeugenaussagen identifiziert.<\/b><\/p>\n<p>Die Ermittlungen laufen weiter. Das Landeskriminalamt Berlin hat \u00dcberwachungsbilder ver\u00f6ffentlicht und bittet um Hilfe, um einen noch unbekannten Mann zu identifizieren. Er soll am 02.06.2025 kurz nach 16.00 Uhr an der T\u00fcr eines U-Bahn-Zuges der Linie U2 Richtung Pankow gestanden und an seinem entbl\u00f6\u00dften Genital gespielt haben. Dabei beobachtete er durch die Spiegelung der Scheibe in der N\u00e4he sitzende Minderj\u00e4hrige.<\/p>\n<p>Dieser Text basiert auf einer offiziellen Beh\u00f6rden-Information und wurde mit Hilfe von KI erstellt.<\/p>\n","protected":false},"excerpt":{"rendered":"Berlin \u2013 Ein Mann, der im Juni in einer U-Bahn Minderj\u00e4hrige sexuell bel\u00e4stigt haben soll, wurde durch Zeugenaussagen&hellip;\n","protected":false},"author":2,"featured_media":472341,"comment_status":"","ping_status":"","sticky":false,"template":"","format":"standard","meta":{"footnotes":""},"categories":[1825],"tags":[296,29,30,2509,4707,45,1995],"class_list":{"0":"post-518069","1":"post","2":"type-post","3":"status-publish","4":"format-standard","5":"has-post-thumbnail","7":"category-berlin","8":"tag-berlin","9":"tag-deutschland","10":"tag-germany","11":"tag-ki-ots","12":"tag-sexualstraftat","13":"tag-texttospeech","14":"tag-verbrechen"},"share_on_mastodon":{"url":"https:\/\/pubeurope.com\/@de\/115417393735080187","error":""},"_links":{"self":[{"href":"https:\/\/www.europesays.com\/de\/wp-json\/wp\/v2\/posts\/518069","targetHints":{"allow":["GET"]}}],"collection":[{"href":"https:\/\/www.europesays.com\/de\/wp-json\/wp\/v2\/posts"}],"about":[{"href":"https:\/\/www.europesays.com\/de\/wp-json\/wp\/v2\/types\/post"}],"author":[{"embeddable":true,"href":"https:\/\/www.europesays.com\/de\/wp-json\/wp\/v2\/users\/2"}],"replies":[{"embeddable":true,"href":"https:\/\/www.europesays.com\/de\/wp-json\/wp\/v2\/comments?post=518069"}],"version-history":[{"count":0,"href":"https:\/\/www.europesays.com\/de\/wp-json\/wp\/v2\/posts\/518069\/revisions"}],"wp:featuredmedia":[{"embeddable":true,"href":"https:\/\/www.europesays.com\/de\/wp-json\/wp\/v2\/media\/472341"}],"wp:attachment":[{"href":"https:\/\/www.europesays.com\/de\/wp-json\/wp\/v2\/media?parent=518069"}],"wp:term":[{"taxonomy":"category","embeddable":true,"href":"https:\/\/www.europesays.com\/de\/wp-json\/wp\/v2\/categories?post=518069"},{"taxonomy":"post_tag","embeddable":true,"href":"https:\/\/www.europesays.com\/de\/wp-json\/wp\/v2\/tags?post=518069"}],"curies":[{"name":"wp","href":"https:\/\/api.w.org\/{rel}","templated":true}]}}