{"id":518126,"date":"2025-10-22T11:14:16","date_gmt":"2025-10-22T11:14:16","guid":{"rendered":"https:\/\/www.europesays.com\/de\/518126\/"},"modified":"2025-10-22T11:14:16","modified_gmt":"2025-10-22T11:14:16","slug":"17-jaehriger-motorradfahrer-prallt-mit-dem-kopf-gegen-leitplanke","status":"publish","type":"post","link":"https:\/\/www.europesays.com\/de\/518126\/","title":{"rendered":"17-j\u00e4hriger Motorradfahrer prallt mit dem Kopf gegen Leitplanke"},"content":{"rendered":"<p id=\"absatz1\" class=\"em_text\">Bielefeld-Senne. Die Verkehrspolizei Bielefeld sucht immer noch Zeugen des Motorradunfalls, bei dem ein 17-j\u00e4hriger Bielefelder auf der Osningstra\u00dfe lebensgef\u00e4hrlich verletzt wurde. Wie die Beh\u00f6rde nun mitteilt, hatte der Jugendliche am Montag, 13. Oktober, gegen 11.15 Uhr die Kontrolle \u00fcber seine Honda verloren und war nach seinem Sturz mit dem Kopf gegen die Leitplanke der Stra\u00dfe geprallt.<\/p>\n<p id=\"absatz2\" class=\"em_text\">Dabei hatte sich der Bielefelder lebensgef\u00e4hrliche Kopfverletzungen zugezogen. Rettungshubschrauber Christoph 13 hatte sofort einen Notarzt zur Unfallstelle geflogen. Einen Tag sp\u00e4ter meldete die Polizei zumindest, dass sich der Zustand des Jugendlichen stabilisiert habe und er nun au\u00dfer Lebensgefahr sei.<\/p>\n<p id=\"absatz4\"><b class=\"bold\">Zum Thema<\/b>: <a href=\"https:\/\/www.nw.de\/lokal\/bielefeld\/mitte\/24193158_Schwerer-Motorradunfall-im-Bielefelder-Sueden-17-Jaehriger-ausser-Lebensgefahr.html\" target=\"_blank\" rel=\"noopener\">Schwerer Motorradunfall im Bielefelder S\u00fcden \u2013 17-J\u00e4hriger au\u00dfer Lebensgefahr<\/a><\/p>\n<p id=\"absatz5\" class=\"em_text\">Parallel arbeitet das Verkehrskommissariat 1 der Polizei Bielefeld an der Rekonstruktion des Alleinunfalls. Nach dem aktuellen Ermittlungsstand war der 17-J\u00e4hrige mit seinem Leichtkraftrad von der Buschkampstra\u00dfe gekommen und in Richtung Sieker gefahren, als er auf H\u00f6he des Wanderparkplatzes Togdrang ins Schleudern geriet und st\u00fcrzte. Doch noch k\u00f6nnen sich die Unfallermittler den Hergang immer noch nicht genau erkl\u00e4ren.<\/p>\n<p>        <a href=\"https:\/\/www.nw.de\/_em_daten\/_cache\/image\/1xRDhlVms3Mk03Y3o2VzVYUUVVNzVjVEJiR25wWnNOVWdjOGJCenZERGJtb09OYkZiS2pNeGRYdmF0SE0zeXdlV0JueVg0YllibytjTG5XaUN5c0FqeCtPYUxseXkyRU9PdkdKZitvdTUvMjQ9\/251022-1209-654300862.jpg\" class=\"nw-article-image\" title=\"Gute Nachricht: Knapp eine Woche nach dem Unfall konnte der 17-J\u00e4hrige aus dem Krankenhaus entlassen werden.\" data-glightbox=\"type: image; description: Gute Nachricht: Knapp eine Woche nach dem Unfall konnte der 17-J\u00e4hrige aus dem Krankenhaus entlassen werden.  | \u00a9 Peter Unger \" target=\"_blank\" rel=\"noopener\"><br \/>\n            <img decoding=\"async\" src=\"https:\/\/www.europesays.com\/de\/wp-content\/uploads\/2025\/10\/251022-1209-654300862.jpg\" class=\"nw-img-fluid nw-w-full nw-lazy nw-rounded-t-md\" alt=\"Gute Nachricht: Knapp eine Woche nach dem Unfall konnte der 17-J\u00e4hrige aus dem Krankenhaus entlassen werden. - \u00a9 Peter Unger\" data-format=\"16:9\"\/><br \/>\n        <\/a><\/p>\n<p>                Gute Nachricht: Knapp eine Woche nach dem Unfall konnte der 17-J\u00e4hrige aus dem Krankenhaus entlassen werden.<br \/>\n                                    | \u00a9 Peter Unger<\/p>\n<p>Polizei Bielefeld bitte Zeugen um Hilfe<\/p>\n<p class=\"em_text\">Deshalb bitten sie erneut die \u00d6ffentlichkeit um Mithilfe: Zeugen, die sich bislang noch nicht gemeldet haben, werden gebeten, sich beim Verkehrskommissariat 1 zu melden unter Tel. 0521 5450.<\/p>\n<p id=\"absatz7\" class=\"em_text\">Neue gute Nachrichten: \u201eDer Patient konnte inzwischen aus dem Krankenhaus entlassen werden\u201c, hei\u00dft es von der Polizei eine Woche nach dem Unfall. Aus dem Polizeibericht geht nicht hervor, ob der 17-J\u00e4hrige bereits zum Unfallhergang befragt werden konnte oder ob es aufgrund seiner Aussage m\u00f6glicherweise noch Aufkl\u00e4rungsbedarf gibt.<\/p>\n<p id=\"absatz8\"><b class=\"bold\">Auch interessant<\/b>: <a href=\"https:\/\/www.nw.de\/lokal\/bielefeld\/mitte\/24197739_Fristlose-Kuendigung-fuer-Zungenkuss-Frau-verliert-in-Bielefeld-ihren-Job-v1.html\" target=\"_blank\" rel=\"noopener\">Fristlose K\u00fcndigung f\u00fcr Zungenkuss: Frau verliert in Bielefeld ihren Job <\/a> <\/p>\n","protected":false},"excerpt":{"rendered":"Bielefeld-Senne. Die Verkehrspolizei Bielefeld sucht immer noch Zeugen des Motorradunfalls, bei dem ein 17-j\u00e4hriger Bielefelder auf der Osningstra\u00dfe&hellip;\n","protected":false},"author":2,"featured_media":518127,"comment_status":"","ping_status":"","sticky":false,"template":"","format":"standard","meta":{"footnotes":""},"categories":[1841],"tags":[1605,128603,102404,3364,29,30,375,16392,1611,1606,1608,128604,10528,734,736,16384,1613,6994,1209,76431,121,16722,16721,6995,1284,4578],"class_list":{"0":"post-518126","1":"post","2":"type-post","3":"status-publish","4":"format-standard","5":"has-post-thumbnail","7":"category-bielefeld","8":"tag-bielefeld","9":"tag-christoph-13","10":"tag-cnt_top-artikel","11":"tag-de","12":"tag-deutschland","13":"tag-germany","14":"tag-honda-motor","15":"tag-label_blaulicht","16":"tag-label_informiere-mich","17":"tag-label_m-80","18":"tag-label_top-news","19":"tag-lebensgefhrlich-verletzt","20":"tag-leitplanke","21":"tag-meta_artikelklasse_nachricht","22":"tag-meta_copyrights_nw","23":"tag-meta_themen_blaulicht_sicherheit","24":"tag-meta_userneeds_informieremich","25":"tag-motorradunfall","26":"tag-nordrhein-westfalen","27":"tag-osningstrae","28":"tag-polizei","29":"tag-polizei-bielefeld","30":"tag-polizeibericht-bielefeld","31":"tag-rettungshubschrauber","32":"tag-unfall","33":"tag-zeugenaufruf"},"share_on_mastodon":{"url":"","error":"Validation failed: Text character limit of 500 exceeded"},"_links":{"self":[{"href":"https:\/\/www.europesays.com\/de\/wp-json\/wp\/v2\/posts\/518126","targetHints":{"allow":["GET"]}}],"collection":[{"href":"https:\/\/www.europesays.com\/de\/wp-json\/wp\/v2\/posts"}],"about":[{"href":"https:\/\/www.europesays.com\/de\/wp-json\/wp\/v2\/types\/post"}],"author":[{"embeddable":true,"href":"https:\/\/www.europesays.com\/de\/wp-json\/wp\/v2\/users\/2"}],"replies":[{"embeddable":true,"href":"https:\/\/www.europesays.com\/de\/wp-json\/wp\/v2\/comments?post=518126"}],"version-history":[{"count":0,"href":"https:\/\/www.europesays.com\/de\/wp-json\/wp\/v2\/posts\/518126\/revisions"}],"wp:featuredmedia":[{"embeddable":true,"href":"https:\/\/www.europesays.com\/de\/wp-json\/wp\/v2\/media\/518127"}],"wp:attachment":[{"href":"https:\/\/www.europesays.com\/de\/wp-json\/wp\/v2\/media?parent=518126"}],"wp:term":[{"taxonomy":"category","embeddable":true,"href":"https:\/\/www.europesays.com\/de\/wp-json\/wp\/v2\/categories?post=518126"},{"taxonomy":"post_tag","embeddable":true,"href":"https:\/\/www.europesays.com\/de\/wp-json\/wp\/v2\/tags?post=518126"}],"curies":[{"name":"wp","href":"https:\/\/api.w.org\/{rel}","templated":true}]}}