{"id":518132,"date":"2025-10-22T11:17:15","date_gmt":"2025-10-22T11:17:15","guid":{"rendered":"https:\/\/www.europesays.com\/de\/518132\/"},"modified":"2025-10-22T11:17:15","modified_gmt":"2025-10-22T11:17:15","slug":"steinewerfer-auf-schwebebahnen-ermittelt-es-war-ein-kind","status":"publish","type":"post","link":"https:\/\/www.europesays.com\/de\/518132\/","title":{"rendered":"Steinewerfer auf Schwebebahnen ermittelt: Es war ein Kind"},"content":{"rendered":"<p class=\"text_ohne_einzug richtext text-em-55 !leading-serif mx-6 desktop:mx-0\">Nach den Steinw\u00fcrfen auf zwei Schwebebahnen am Dienstagabend steht jetzt ein mutma\u00dflicher T\u00e4ter fest. Wie Oberstaatsanwalt Wolf-Tilman Baumert der WZ mitteilte, wurde ein 13-j\u00e4hriges Kind ermittelt. Der Junge ist dringend tatverd\u00e4chtig, Steine vom Dach des Conti-Parkhauses am Alten Markt auf zwei Schwebebahnen und ein Auto geworfen zu haben. \u201eWir haben eine Zeugin, die das gesehen hat\u201c, sagt Baumert.<\/p>\n","protected":false},"excerpt":{"rendered":"Nach den Steinw\u00fcrfen auf zwei Schwebebahnen am Dienstagabend steht jetzt ein mutma\u00dflicher T\u00e4ter fest. Wie Oberstaatsanwalt Wolf-Tilman Baumert&hellip;\n","protected":false},"author":2,"featured_media":517235,"comment_status":"","ping_status":"","sticky":false,"template":"","format":"standard","meta":{"footnotes":""},"categories":[1840],"tags":[14075,3364,29,70758,30,22071,1209,2688,17128,17262,4418],"class_list":{"0":"post-518132","1":"post","2":"type-post","3":"status-publish","4":"format-standard","5":"has-post-thumbnail","7":"category-wuppertal","8":"tag-betrieb","9":"tag-de","10":"tag-deutschland","11":"tag-eingestellt","12":"tag-germany","13":"tag-mutmasslich","14":"tag-nordrhein-westfalen","15":"tag-schuesse","16":"tag-schwebebahn","17":"tag-unklar","18":"tag-wuppertal"},"share_on_mastodon":{"url":"https:\/\/pubeurope.com\/@de\/115417543516757600","error":""},"_links":{"self":[{"href":"https:\/\/www.europesays.com\/de\/wp-json\/wp\/v2\/posts\/518132","targetHints":{"allow":["GET"]}}],"collection":[{"href":"https:\/\/www.europesays.com\/de\/wp-json\/wp\/v2\/posts"}],"about":[{"href":"https:\/\/www.europesays.com\/de\/wp-json\/wp\/v2\/types\/post"}],"author":[{"embeddable":true,"href":"https:\/\/www.europesays.com\/de\/wp-json\/wp\/v2\/users\/2"}],"replies":[{"embeddable":true,"href":"https:\/\/www.europesays.com\/de\/wp-json\/wp\/v2\/comments?post=518132"}],"version-history":[{"count":0,"href":"https:\/\/www.europesays.com\/de\/wp-json\/wp\/v2\/posts\/518132\/revisions"}],"wp:featuredmedia":[{"embeddable":true,"href":"https:\/\/www.europesays.com\/de\/wp-json\/wp\/v2\/media\/517235"}],"wp:attachment":[{"href":"https:\/\/www.europesays.com\/de\/wp-json\/wp\/v2\/media?parent=518132"}],"wp:term":[{"taxonomy":"category","embeddable":true,"href":"https:\/\/www.europesays.com\/de\/wp-json\/wp\/v2\/categories?post=518132"},{"taxonomy":"post_tag","embeddable":true,"href":"https:\/\/www.europesays.com\/de\/wp-json\/wp\/v2\/tags?post=518132"}],"curies":[{"name":"wp","href":"https:\/\/api.w.org\/{rel}","templated":true}]}}