{"id":518135,"date":"2025-10-22T11:19:11","date_gmt":"2025-10-22T11:19:11","guid":{"rendered":"https:\/\/www.europesays.com\/de\/518135\/"},"modified":"2025-10-22T11:19:11","modified_gmt":"2025-10-22T11:19:11","slug":"sek-stuermt-in-wohnung-das-steckt-hinter-dem-einsatz","status":"publish","type":"post","link":"https:\/\/www.europesays.com\/de\/518135\/","title":{"rendered":"SEK st\u00fcrmt in Wohnung- Das steckt hinter dem Einsatz"},"content":{"rendered":"<p>\t\tSEK st\u00fcrmt in Bochumer Wohnung<br \/>\n\t\t\t\t\tDas steckt hinter dem Einsatz<\/p>\n<p>    <a href=\"https:\/\/www.ruhrnachrichten.de\/wp-content\/uploads\/2025\/10\/22\/10\/630_0900_5208242_-1648x824.jpg\" target=\"_blank\" rel=\"noopener\"><\/p>\n<p>            <img decoding=\"async\" fetchpriority=\"high\" src=\"https:\/\/www.europesays.com\/de\/wp-content\/uploads\/2025\/10\/630_0900_5208239_-640x426.jpg\" width=\"640\" height=\"426\"  alt=\"\"\/><\/p>\n<p>    <\/a><br \/>\n    Polizisten des Spezialeinsatzkommando (SEK) stehen w\u00e4hrend einer Gro\u00df\u00fcbung der Polizeidirektion Hannover auf dem \u00fcstra-Betriebshof Glocksee. (Symbolbild) \u00a9 picture alliance\/dpa<\/p>\n<p class=\"article__teaser-text\">Am Mittwochmorgen kam es zu einem SEK-Einsatz in Bochum. Deshalb wurde eine Wohnung in einem Mehrfamilienhaus durchsucht.<\/p>\n<p>1 Min Lesezeit<\/p>\n<p>Fragen noch ungekl\u00e4rt<\/p>\n","protected":false},"excerpt":{"rendered":"SEK st\u00fcrmt in Bochumer Wohnung Das steckt hinter dem Einsatz Polizisten des Spezialeinsatzkommando (SEK) stehen w\u00e4hrend einer Gro\u00df\u00fcbung&hellip;\n","protected":false},"author":2,"featured_media":518136,"comment_status":"","ping_status":"","sticky":false,"template":"","format":"standard","meta":{"footnotes":""},"categories":[1839],"tags":[1950,7507,3364,29,30,1209,15103],"class_list":{"0":"post-518135","1":"post","2":"type-post","3":"status-publish","4":"format-standard","5":"has-post-thumbnail","7":"category-bochum","8":"tag-blaulicht","9":"tag-bochum","10":"tag-de","11":"tag-deutschland","12":"tag-germany","13":"tag-nordrhein-westfalen","14":"tag-sek"},"share_on_mastodon":{"url":"https:\/\/pubeurope.com\/@de\/115417551553059262","error":""},"_links":{"self":[{"href":"https:\/\/www.europesays.com\/de\/wp-json\/wp\/v2\/posts\/518135","targetHints":{"allow":["GET"]}}],"collection":[{"href":"https:\/\/www.europesays.com\/de\/wp-json\/wp\/v2\/posts"}],"about":[{"href":"https:\/\/www.europesays.com\/de\/wp-json\/wp\/v2\/types\/post"}],"author":[{"embeddable":true,"href":"https:\/\/www.europesays.com\/de\/wp-json\/wp\/v2\/users\/2"}],"replies":[{"embeddable":true,"href":"https:\/\/www.europesays.com\/de\/wp-json\/wp\/v2\/comments?post=518135"}],"version-history":[{"count":0,"href":"https:\/\/www.europesays.com\/de\/wp-json\/wp\/v2\/posts\/518135\/revisions"}],"wp:featuredmedia":[{"embeddable":true,"href":"https:\/\/www.europesays.com\/de\/wp-json\/wp\/v2\/media\/518136"}],"wp:attachment":[{"href":"https:\/\/www.europesays.com\/de\/wp-json\/wp\/v2\/media?parent=518135"}],"wp:term":[{"taxonomy":"category","embeddable":true,"href":"https:\/\/www.europesays.com\/de\/wp-json\/wp\/v2\/categories?post=518135"},{"taxonomy":"post_tag","embeddable":true,"href":"https:\/\/www.europesays.com\/de\/wp-json\/wp\/v2\/tags?post=518135"}],"curies":[{"name":"wp","href":"https:\/\/api.w.org\/{rel}","templated":true}]}}