{"id":518139,"date":"2025-10-22T11:21:11","date_gmt":"2025-10-22T11:21:11","guid":{"rendered":"https:\/\/www.europesays.com\/de\/518139\/"},"modified":"2025-10-22T11:21:11","modified_gmt":"2025-10-22T11:21:11","slug":"ukraine-experte-sieht-drei-hotspots-an-der-front-oberst-reisner-im-gespraech","status":"publish","type":"post","link":"https:\/\/www.europesays.com\/de\/518139\/","title":{"rendered":"Ukraine-Experte sieht drei Hotspots an der Front \u2013 Oberst Reisner im Gespr\u00e4ch"},"content":{"rendered":"<p>        K\u00e4mpfe im Donbass<br \/>\n      Milit\u00e4rexperte sieht drei Hotspots an der Ukraine-Front<\/p>\n<p>            Kopiere den aktuellen Link<\/p>\n<p>          Zur Merkliste hinzuf\u00fcgen<\/p>\n<p>Droht der Ukraine im Donbass ein Wendepunkt? Oberst Reisner erkennt drei Hotspots an der Front \u2013 und warnt vor den m\u00f6glichen Folgen eines R\u00fcckzugs aus der umk\u00e4mpften Region.<\/p>\n<p>\n    n-tv\n  <\/p>\n","protected":false},"excerpt":{"rendered":"K\u00e4mpfe im Donbass Milit\u00e4rexperte sieht drei Hotspots an der Ukraine-Front Kopiere den aktuellen Link Zur Merkliste hinzuf\u00fcgen Droht&hellip;\n","protected":false},"author":2,"featured_media":518140,"comment_status":"","ping_status":"","sticky":false,"template":"","format":"standard","meta":{"footnotes":""},"categories":[4012],"tags":[331,332,13,14,15,12,317],"class_list":{"0":"post-518139","1":"post","2":"type-post","3":"status-publish","4":"format-standard","5":"has-post-thumbnail","7":"category-ukraine","8":"tag-aktuelle-nachrichten","9":"tag-aktuelle-news","10":"tag-headlines","11":"tag-nachrichten","12":"tag-news","13":"tag-schlagzeilen","14":"tag-ukraine"},"share_on_mastodon":{"url":"https:\/\/pubeurope.com\/@de\/115417559038895052","error":""},"_links":{"self":[{"href":"https:\/\/www.europesays.com\/de\/wp-json\/wp\/v2\/posts\/518139","targetHints":{"allow":["GET"]}}],"collection":[{"href":"https:\/\/www.europesays.com\/de\/wp-json\/wp\/v2\/posts"}],"about":[{"href":"https:\/\/www.europesays.com\/de\/wp-json\/wp\/v2\/types\/post"}],"author":[{"embeddable":true,"href":"https:\/\/www.europesays.com\/de\/wp-json\/wp\/v2\/users\/2"}],"replies":[{"embeddable":true,"href":"https:\/\/www.europesays.com\/de\/wp-json\/wp\/v2\/comments?post=518139"}],"version-history":[{"count":0,"href":"https:\/\/www.europesays.com\/de\/wp-json\/wp\/v2\/posts\/518139\/revisions"}],"wp:featuredmedia":[{"embeddable":true,"href":"https:\/\/www.europesays.com\/de\/wp-json\/wp\/v2\/media\/518140"}],"wp:attachment":[{"href":"https:\/\/www.europesays.com\/de\/wp-json\/wp\/v2\/media?parent=518139"}],"wp:term":[{"taxonomy":"category","embeddable":true,"href":"https:\/\/www.europesays.com\/de\/wp-json\/wp\/v2\/categories?post=518139"},{"taxonomy":"post_tag","embeddable":true,"href":"https:\/\/www.europesays.com\/de\/wp-json\/wp\/v2\/tags?post=518139"}],"curies":[{"name":"wp","href":"https:\/\/api.w.org\/{rel}","templated":true}]}}