{"id":51815,"date":"2025-04-22T09:59:09","date_gmt":"2025-04-22T09:59:09","guid":{"rendered":"https:\/\/www.europesays.com\/de\/51815\/"},"modified":"2025-04-22T09:59:09","modified_gmt":"2025-04-22T09:59:09","slug":"dortmund-acht-wohnmobile-2024-gestohlen","status":"publish","type":"post","link":"https:\/\/www.europesays.com\/de\/51815\/","title":{"rendered":"Dortmund: Acht Wohnmobile 2024 gestohlen"},"content":{"rendered":"<p>\t\tWohnmobil-Diebst\u00e4hle in Dortmund<br \/>\n\t\t\t\t\tAcht F\u00e4lle im Jahr 2024 \u2013 ADAC gibt Tipps zum Schutz<\/p>\n<p>\t\t\t\t<a class=\"article-author__name\" href=\"https:\/\/www.ruhrnachrichten.de\/author\/anika-fischer\/\" rel=\"author nofollow noopener\" target=\"_blank\">Anika Fischer<\/a><br \/>\n\t\tVolont\u00e4rin<\/p>\n<p>\t22.04.2025 11:55 Uhr<\/p>\n<p>\t\tTeilen<\/p>\n<p>\n\tIn Merkliste \u00fcbernehmen\n<\/p>\n<p>    <a href=\"https:\/\/www.ruhrnachrichten.de\/wp-content\/uploads\/2025\/04\/17\/15\/630_0900_4650383_Design_ohne_Titel_8_-1648x824.jpg\" rel=\"nofollow noopener\" target=\"_blank\"><\/p>\n<p>            <img loading=\"lazy\" decoding=\"async\" src=\"https:\/\/www.europesays.com\/de\/wp-content\/uploads\/2025\/04\/630_0900_4650382_Design_ohne_Titel_8_-640x428.jpg\" width=\"640\" height=\"428\"  alt=\"Das Bild zeigt eine Collage mit zwei unterschiedlichen Motiven. Auf der linken Seite sind mehrere Wohnmobile auf einem Campingplatz zu sehen, w\u00e4hrend die rechte Seite das Portr\u00e4t von Pressereferentin Janine Lollert zeigt.\"\/><\/p>\n<p>    <\/a><br \/>\n    Pressereferentin Janine Lollert teilt die Tipps des ADAC, wie sich Besitzer von Wohnmobilen vor Diebst\u00e4hlen sch\u00fctzen k\u00f6nnen. \u00a9 Georg Wendt\/dpa\/ADAC<\/p>\n<p class=\"article__teaser-text\">Wohnmobile sind beliebt \u2013 auch bei Dieben. Erst vor wenigen Tagen wurde wieder eines im Dortmunder S\u00fcden gestohlen. So k\u00f6nnen sich Halter sch\u00fctzen.<\/p>\n<p>2 Min Lesezeit<\/p>\n<p>Tipps des ADACDer richtige Abstellplatz<\/p>\n<p>\n\t<a href=\"https:\/\/www.ruhrnachrichten.de\" class=\"button button--brand button--link home-button\" rel=\"nofollow noopener\" target=\"_blank\">Zur Startseite<\/a><\/p>\n","protected":false},"excerpt":{"rendered":"Wohnmobil-Diebst\u00e4hle in Dortmund Acht F\u00e4lle im Jahr 2024 \u2013 ADAC gibt Tipps zum Schutz Anika Fischer Volont\u00e4rin 22.04.2025&hellip;\n","protected":false},"author":2,"featured_media":51816,"comment_status":"","ping_status":"","sticky":false,"template":"","format":"standard","meta":{"footnotes":""},"categories":[1833],"tags":[3364,29,1686,217,30,1209,3826],"class_list":{"0":"post-51815","1":"post","2":"type-post","3":"status-publish","4":"format-standard","5":"has-post-thumbnail","7":"category-dortmund","8":"tag-de","9":"tag-deutschland","10":"tag-diebstahl","11":"tag-dortmund","12":"tag-germany","13":"tag-nordrhein-westfalen","14":"tag-sicherheit-kriminalitaet"},"share_on_mastodon":{"url":"https:\/\/pubeurope.com\/@de\/114381033599656046","error":""},"_links":{"self":[{"href":"https:\/\/www.europesays.com\/de\/wp-json\/wp\/v2\/posts\/51815","targetHints":{"allow":["GET"]}}],"collection":[{"href":"https:\/\/www.europesays.com\/de\/wp-json\/wp\/v2\/posts"}],"about":[{"href":"https:\/\/www.europesays.com\/de\/wp-json\/wp\/v2\/types\/post"}],"author":[{"embeddable":true,"href":"https:\/\/www.europesays.com\/de\/wp-json\/wp\/v2\/users\/2"}],"replies":[{"embeddable":true,"href":"https:\/\/www.europesays.com\/de\/wp-json\/wp\/v2\/comments?post=51815"}],"version-history":[{"count":0,"href":"https:\/\/www.europesays.com\/de\/wp-json\/wp\/v2\/posts\/51815\/revisions"}],"wp:featuredmedia":[{"embeddable":true,"href":"https:\/\/www.europesays.com\/de\/wp-json\/wp\/v2\/media\/51816"}],"wp:attachment":[{"href":"https:\/\/www.europesays.com\/de\/wp-json\/wp\/v2\/media?parent=51815"}],"wp:term":[{"taxonomy":"category","embeddable":true,"href":"https:\/\/www.europesays.com\/de\/wp-json\/wp\/v2\/categories?post=51815"},{"taxonomy":"post_tag","embeddable":true,"href":"https:\/\/www.europesays.com\/de\/wp-json\/wp\/v2\/tags?post=51815"}],"curies":[{"name":"wp","href":"https:\/\/api.w.org\/{rel}","templated":true}]}}