{"id":518153,"date":"2025-10-22T11:29:10","date_gmt":"2025-10-22T11:29:10","guid":{"rendered":"https:\/\/www.europesays.com\/de\/518153\/"},"modified":"2025-10-22T11:29:10","modified_gmt":"2025-10-22T11:29:10","slug":"deutsche-bahn-db-cargo-chefin-sigrid-nikutta-muss-gehen","status":"publish","type":"post","link":"https:\/\/www.europesays.com\/de\/518153\/","title":{"rendered":"Deutsche Bahn: DB-Cargo-Chefin Sigrid Nikutta muss gehen"},"content":{"rendered":"<p class=\"paragraph article__item\">Die Vorstandsvorsitzende der kriselnden Bahn-G\u00fcterverkehrstochter DB Cargo, Sigrid Nikutta, muss ihren Posten r\u00e4umen. Sie stand zuletzt vor allem wegen ihres Sanierungskonzepts in der Kritik.\n<\/p>\n<p class=\"paragraph article__item\">Laut einem Gutachten der Strategieberatung Oliver Wyman, das der ZEIT<br \/>\nvorliegt, beauftragte der <a href=\"https:\/\/www.zeit.de\/kultur\/film\/2025-10\/anke-engelke-deutsche-bahn-miniserie-zug-durchsagen\" class=\"\" target=\"_blank\" rel=\"noopener\">Bahnkonzern<\/a> eine Untersuchung von Nikuttas<br \/>\nSanierungskonzept f\u00fcr die G\u00fctersparte. Das Ergebnis fiel demnach<br \/>\nvernichtend aus. Das Konzept sei &#8222;objektiv ungeeignet, die<br \/>\nKrisenursachen zu beseitigen und eine Wettbewerbsf\u00e4higkeit (\u2026)<br \/>\nherzustellen&#8220;, hei\u00dft es im Fazit des Gutachtens.\n<\/p>\n<p class=\"paragraph article__item\">Grund f\u00fcr diese Schlussfolgerung sei insbesondere, &#8222;dass die im aktuellen Sanierungskonzept angestrebten Verbesserungen der Profitabilit\u00e4t nicht mit ausreichend konkreten Ma\u00dfnahmen&#8220; hinterlegt seien. &#8222;Gleichzeitig sind einige Annahmen in der Planung sehr optimistisch und im momentanen Markt- und Wettbewerbsumfeld wahrscheinlich nicht erreichbar&#8220;, hei\u00dft es in dem Gutachten.\n<\/p>\n<p class=\"paragraph article__item\">Nikutta war erst in der vergangenen Woche von der Eisenbahn- und Verkehrsgewerkschaft EVG heftig kritisiert und zum R\u00fccktritt aufgefordert worden. In einem Brief an die neue Bahnchefin <a class=\"rtr-entity\" href=\"https:\/\/www.zeit.de\/thema\/evelyn-palla\" target=\"_blank\" rel=\"noopener\">Evelyn Palla<\/a> sowie den Aufsichtsratsvorsitzenden Werner Gatzer schrieb die stellvertretende EVG-Vorsitzende und stellvertretende Cargo-Aufsichtsratschefin Cosima Ingenschay, Nikuttas Bilanz sei &#8222;verheerend&#8220;.\n<\/p>\n<p>        DB Cargo seit Jahren in der Krise        <\/p>\n<p class=\"paragraph article__item\">Die Entlassung von Nikutta ist zugleich eine der ersten wichtigen Personalentscheidungen der <a href=\"https:\/\/www.zeit.de\/mobilitaet\/2025-10\/evelyn-palla-bahnchefin-neuanfang-deutsche-bahn\" class=\"\" target=\"_blank\" rel=\"noopener\">neuen Bahnchefin Palla<\/a>. Sie hatte zuletzt angek\u00fcndigt, <a href=\"https:\/\/www.zeit.de\/wirtschaft\/unternehmen\/2025-09\/deutsche-bahn-chefin-evelyn-palla-probleme-herausforderung\" class=\"\" target=\"_blank\" rel=\"noopener\">st\u00e4rker im Konzern durchgreifen zu wollen<\/a>.\n<\/p>\n<p class=\"paragraph article__item\">DB Cargo gilt seit Jahren als Problemfall der Deutschen Bahn und macht Verluste. Die EU-Kommission hat zudem entschieden, dass DB Cargo ab 2025 kein Geld mehr vom Mutterkonzern erhalten und ab 2026 eigenst\u00e4ndig Gewinne erzielen soll.\n<\/p>\n<p>                            \u00a9\u00a0ZEIT ONLINE<\/p>\n<p>\n                                        Newsletter<br \/>\n                                        Der Geld-Newsletter<\/p>\n<p class=\"newsletter-signup__text\">Geld oder Leben? Warum nicht beides! Jeden Dienstag bringt unser Newsletter Finanzwelt und Familie, B\u00f6rse und Beziehung in Ihrem Postfach zusammen.<\/p>\n<p class=\"newsletter-signup__datapolicy\" hidden=\"\">\n            Mit Ihrer Registrierung nehmen Sie die <a href=\"https:\/\/datenschutz.zeit.de\/zon#Newsletter\" target=\"_blank\" rel=\"noopener\">Datenschutzerkl\u00e4rung<\/a><br \/>\n     zur Kenntnis.\n        <\/p>\n<p>    Vielen Dank! Wir haben Ihnen eine E-Mail geschickt.<\/p>\n<p>Pr\u00fcfen Sie Ihr Postfach und best\u00e4tigen Sie das Newsletter-Abonnement.<\/p>\n<p class=\"paragraph article__item\">Nikutta, die seit 2020 Vorstandsvorsitzende der DB Cargo war, setzte bei ihrem Sanierungskurs zuletzt auf Personalabbau und den Verkauf von Fahrzeugen. Wie die Frankfurter Allgemeine Zeitung berichtete, sollte DB Cargo nach ihren Pl\u00e4nen in den n\u00e4chsten Jahren auf 10.000 Besch\u00e4ftigte schrumpfen. Ende 2024 besch\u00e4ftigte das Unternehmen knapp 17.000 Mitarbeiterinnen und Mitarbeiter. Auch zahlreiche Werkst\u00e4tten sollten ihren Pl\u00e4nen nach geschlossen werden. Statt eigene Fahrzeuge zu nutzen, sollten Loks angemietet werden. Wie der Sanierungskurs nun unter einer neuen F\u00fchrung fortgesetzt wird, ist unklar.\n<\/p>\n<p>Mehr zum Thema<\/p>\n<p>                <a href=\"https:\/\/www.zeit.de\/kultur\/film\/2025-10\/anke-engelke-deutsche-bahn-miniserie-zug-durchsagen\" data-ct-label=\"Serie der Deutschen Bahn: Senk ju vor tr\u00e4welling with Anke Engelke\" target=\"_blank\" rel=\"noopener\"><\/p>\n<p>                        Serie der Deutschen Bahn:<br \/>\n                        Senk ju vor tr\u00e4welling with Anke Engelke<\/p>\n<p>                <\/a><\/p>\n<p>                <a href=\"https:\/\/www.zeit.de\/mobilitaet\/2025-09\/deutsche-bahn-reform-patrick-schnieder-strategie-puenktlichkeitsziele-1\" data-ct-label=\"Deutsche Bahn: K\u00f6nnen diese Reformen die Bahn retten?\" target=\"_blank\" rel=\"noopener\"><\/p>\n<p>                        Deutsche Bahn:<br \/>\n                        K\u00f6nnen diese Reformen die Bahn retten?<\/p>\n<p>                <\/a><\/p>\n<p>                <a href=\"https:\/\/www.zeit.de\/gesellschaft\/2025-09\/deutsche-bahn-evelyn-palla-oebb-alpenpodcast\" data-ct-label=\"Deutsche Bahn: Eine Kraftquelle auf Schienen\" target=\"_blank\" rel=\"noopener\"><\/p>\n<p>        Z+ (abopflichtiger Inhalt);<\/p>\n<p>    Deutsche Bahn:<br \/>\n                        Eine Kraftquelle auf Schienen<\/p>\n<p>                <\/a><\/p>\n","protected":false},"excerpt":{"rendered":"Die Vorstandsvorsitzende der kriselnden Bahn-G\u00fcterverkehrstochter DB Cargo, Sigrid Nikutta, muss ihren Posten r\u00e4umen. Sie stand zuletzt vor allem&hellip;\n","protected":false},"author":2,"featured_media":518154,"comment_status":"","ping_status":"","sticky":false,"template":"","format":"standard","meta":{"footnotes":""},"categories":[5],"tags":[331,332,6162,3364,2030,29,113839,30,88859,13,2776,14,15,6313,12,55],"class_list":{"0":"post-518153","1":"post","2":"type-post","3":"status-publish","4":"format-standard","5":"has-post-thumbnail","7":"category-nachrichten","8":"tag-aktuelle-nachrichten","9":"tag-aktuelle-news","10":"tag-chef","11":"tag-de","12":"tag-deutsche-bahn","13":"tag-deutschland","14":"tag-evelyn-palla","15":"tag-germany","16":"tag-grossunternehmen","17":"tag-headlines","18":"tag-logistik","19":"tag-nachrichten","20":"tag-news","21":"tag-schienenverkehr","22":"tag-schlagzeilen","23":"tag-wirtschaft"},"share_on_mastodon":{"url":"https:\/\/pubeurope.com\/@de\/115417590617792427","error":""},"_links":{"self":[{"href":"https:\/\/www.europesays.com\/de\/wp-json\/wp\/v2\/posts\/518153","targetHints":{"allow":["GET"]}}],"collection":[{"href":"https:\/\/www.europesays.com\/de\/wp-json\/wp\/v2\/posts"}],"about":[{"href":"https:\/\/www.europesays.com\/de\/wp-json\/wp\/v2\/types\/post"}],"author":[{"embeddable":true,"href":"https:\/\/www.europesays.com\/de\/wp-json\/wp\/v2\/users\/2"}],"replies":[{"embeddable":true,"href":"https:\/\/www.europesays.com\/de\/wp-json\/wp\/v2\/comments?post=518153"}],"version-history":[{"count":0,"href":"https:\/\/www.europesays.com\/de\/wp-json\/wp\/v2\/posts\/518153\/revisions"}],"wp:featuredmedia":[{"embeddable":true,"href":"https:\/\/www.europesays.com\/de\/wp-json\/wp\/v2\/media\/518154"}],"wp:attachment":[{"href":"https:\/\/www.europesays.com\/de\/wp-json\/wp\/v2\/media?parent=518153"}],"wp:term":[{"taxonomy":"category","embeddable":true,"href":"https:\/\/www.europesays.com\/de\/wp-json\/wp\/v2\/categories?post=518153"},{"taxonomy":"post_tag","embeddable":true,"href":"https:\/\/www.europesays.com\/de\/wp-json\/wp\/v2\/tags?post=518153"}],"curies":[{"name":"wp","href":"https:\/\/api.w.org\/{rel}","templated":true}]}}