{"id":518160,"date":"2025-10-22T11:33:09","date_gmt":"2025-10-22T11:33:09","guid":{"rendered":"https:\/\/www.europesays.com\/de\/518160\/"},"modified":"2025-10-22T11:33:09","modified_gmt":"2025-10-22T11:33:09","slug":"tag-des-einbruchschutzes-in-duisburg-polizei-laedt-zur-kostenlosen-beratung-ein","status":"publish","type":"post","link":"https:\/\/www.europesays.com\/de\/518160\/","title":{"rendered":"Tag des Einbruchschutzes in Duisburg: Polizei l\u00e4dt zur kostenlosen Beratung ein"},"content":{"rendered":"<p>Wenn die Tage k\u00fcrzer werden, steigt auch die Gefahr von Wohnungseinbr\u00fcchen. Die Polizei Duisburg nutzt den bundesweiten &#8222;Tag des Einbruchschutzes&#8220; am 26. Oktober, um B\u00fcrgerinnen und B\u00fcrger \u00fcber wirksame Schutzma\u00dfnahmen zu informieren. Von Freitag bis Sonntag gibt es verschiedene Aktionen in der Stadt.<\/p>\n<p>Tag der offenen T\u00fcr: Einbruchschutz zum Anfassen<\/p>\n<p>Am Freitag, 24. Oktober, \u00f6ffnet die Kriminalpr\u00e4vention von 12 bis 20 Uhr ihre T\u00fcren in der Wache Ruhrort (Alte Duisburger Stra\u00dfe 15).\u00a0Eine Anmeldung ist nicht erforderlich.\u00a0In der st\u00e4ndigen Ausstellung k\u00f6nnen Besucher mechanische Sicherungseinrichtungen und elektronische \u00dcberwachungsanlagen kennenlernen. Besonders eindr\u00fccklich: Die Experten demonstrieren live, wie schnell sich ein gekipptes Fenster \u00f6ffnen l\u00e4sst \u2013 ein Augen\u00f6ffner f\u00fcr viele Hausbesitzer. Alle Fragen rund um den Einbruchschutz werden vor Ort beantwortet.<\/p>\n<p>Pr\u00e4ventionsstreife in der Innenstadt<\/p>\n<p>Am verkaufsoffenen Sonntag, 26. Oktober, sind Fachleute der Polizei auf der K\u00f6nigstra\u00dfe unterwegs. Sie verteilen Informationsmaterial und stehen f\u00fcr pers\u00f6nliche Gespr\u00e4che zur Verf\u00fcgung. Das Motto der landesweiten Aktion: &#8222;Riegel vor! Sicher ist sicherer.&#8220;<\/p>\n<p>Einbruchszahlen in Duisburg gestiegen<\/p>\n<p>Die Statistik zeigt:\u00a0Wohnungseinbr\u00fcche haben 2024 in Duisburg um rund 15 Prozent zugenommen\u00a0\u2013 von 977 auf 1.128 F\u00e4lle. Positiv: Einbr\u00fcche in Kellerr\u00e4ume und Waschk\u00fcchen gingen um etwa 13 Prozent auf 1.505 F\u00e4lle zur\u00fcck. Die Polizei betont jedoch: Gute Sicherungstechnik wirkt. Einbrecher geben h\u00e4ufig schon nach wenigen Sekunden auf, wenn sie nicht ins Haus gelangen k\u00f6nnen.<\/p>\n<p>Einfache Ma\u00dfnahmen mit gro\u00dfer Wirkung<\/p>\n<p>Die Experten empfehlen konkrete Schutzma\u00dfnahmen f\u00fcr den Alltag:<\/p>\n<ul>\n<li>Fenster und T\u00fcren\u00a0immer komplett schlie\u00dfen \u2013 auch bei kurzer Abwesenheit<\/li>\n<li>Zeitschaltuhren\u00a0f\u00fcr Licht nutzen, um Anwesenheit vorzut\u00e4uschen<\/li>\n<li>Nachbarschaftshilfe\u00a0organisieren: Ein wachsames Auge kann verd\u00e4chtige Situationen fr\u00fch erkennen<\/li>\n<li>Im Urlaub\u00a0Post abbestellen\u00a0oder vom Nachbarn leeren lassen<\/li>\n<\/ul>\n<p>Wohnungseinbruchsradar auf Facebook<\/p>\n<p>Wer sich regelm\u00e4\u00dfig informieren m\u00f6chte, findet auf der Facebook-Seite der Polizei Duisburg das monatliche Wohnungseinbruchsradar. Es zeigt, in welchen Stadtteilen zuletzt eingebrochen wurde. Die Polizei appelliert: Eine aufmerksame Nachbarschaft und solide Sicherungstechnik sind die besten Verb\u00fcndeten gegen Einbrecher \u2013 besonders in der dunklen Jahreszeit.<\/p>\n","protected":false},"excerpt":{"rendered":"Wenn die Tage k\u00fcrzer werden, steigt auch die Gefahr von Wohnungseinbr\u00fcchen. Die Polizei Duisburg nutzt den bundesweiten &#8222;Tag&hellip;\n","protected":false},"author":2,"featured_media":518161,"comment_status":"","ping_status":"","sticky":false,"template":"","format":"standard","meta":{"footnotes":""},"categories":[1838],"tags":[3364,29,3715,2819,85507,30,39425,1209,121],"class_list":{"0":"post-518160","1":"post","2":"type-post","3":"status-publish","4":"format-standard","5":"has-post-thumbnail","7":"category-duisburg","8":"tag-de","9":"tag-deutschland","10":"tag-duisburg","11":"tag-einbruch","12":"tag-einbruchschutz","13":"tag-germany","14":"tag-information","15":"tag-nordrhein-westfalen","16":"tag-polizei"},"share_on_mastodon":{"url":"https:\/\/pubeurope.com\/@de\/115417606261632670","error":""},"_links":{"self":[{"href":"https:\/\/www.europesays.com\/de\/wp-json\/wp\/v2\/posts\/518160","targetHints":{"allow":["GET"]}}],"collection":[{"href":"https:\/\/www.europesays.com\/de\/wp-json\/wp\/v2\/posts"}],"about":[{"href":"https:\/\/www.europesays.com\/de\/wp-json\/wp\/v2\/types\/post"}],"author":[{"embeddable":true,"href":"https:\/\/www.europesays.com\/de\/wp-json\/wp\/v2\/users\/2"}],"replies":[{"embeddable":true,"href":"https:\/\/www.europesays.com\/de\/wp-json\/wp\/v2\/comments?post=518160"}],"version-history":[{"count":0,"href":"https:\/\/www.europesays.com\/de\/wp-json\/wp\/v2\/posts\/518160\/revisions"}],"wp:featuredmedia":[{"embeddable":true,"href":"https:\/\/www.europesays.com\/de\/wp-json\/wp\/v2\/media\/518161"}],"wp:attachment":[{"href":"https:\/\/www.europesays.com\/de\/wp-json\/wp\/v2\/media?parent=518160"}],"wp:term":[{"taxonomy":"category","embeddable":true,"href":"https:\/\/www.europesays.com\/de\/wp-json\/wp\/v2\/categories?post=518160"},{"taxonomy":"post_tag","embeddable":true,"href":"https:\/\/www.europesays.com\/de\/wp-json\/wp\/v2\/tags?post=518160"}],"curies":[{"name":"wp","href":"https:\/\/api.w.org\/{rel}","templated":true}]}}