{"id":518168,"date":"2025-10-22T11:37:23","date_gmt":"2025-10-22T11:37:23","guid":{"rendered":"https:\/\/www.europesays.com\/de\/518168\/"},"modified":"2025-10-22T11:37:23","modified_gmt":"2025-10-22T11:37:23","slug":"pol-h-verkehrsunfall-im-kreuzungsbereich-hamburger-allee-celler-strasse-polizei","status":"publish","type":"post","link":"https:\/\/www.europesays.com\/de\/518168\/","title":{"rendered":"POL-H: Verkehrsunfall im Kreuzungsbereich Hamburger Allee \/ Celler Stra\u00dfe &#8211; Polizei &#8230;"},"content":{"rendered":"<p class=\"date\">22.10.2025 \u2013 12:34<\/p>\n<p class=\"customer\">\n                        <a class=\"story-customer\" title=\"weiter zum newsroom von Polizeidirektion Hannover\" href=\"https:\/\/www.presseportal.de\/blaulicht\/nr\/66841\" rel=\"nofollow noopener\" target=\"_blank\">Polizeidirektion Hannover<\/a>\n                    <\/p>\n<p><a data-category=\"citylink-story-view\" data-action=\"click\" data-label=\"Citylink in Meldungsansicht\" class=\"story-city event-trigger\" href=\"https:\/\/www.presseportal.de\/regional\/Hannover\" title=\"News aus Hannover \" rel=\"nofollow noopener\" target=\"_blank\">Hannover<\/a> (ots)<\/p>\n<p>Am Dienstagabend, 21.10.2025, sind an der Kreuzung Hamburger Allee \/ Celler Stra\u00dfe in Hannover zwei Fahrzeuge kollidiert. Ein 89-j\u00e4hriger Mann wurde dabei leicht verletzt. Die Polizei bittet nun insbesondere um Hinweise zur Ampelschaltung an der Unfallstelle.<\/p>\n<p>Nach bisherigen Erkenntnissen des Verkehrsunfalldienstes Hannover befuhr eine 30-j\u00e4hrige Hannoveranerin gegen 19:20 Uhr mit einem schwarzen Fiat 500 die Hamburger Allee in Richtung Raschplatzhochstra\u00dfe. Zeitgleich befuhr ein 89-J\u00e4hriger mit seiner grauen Mercedes-Benz B-Klasse die Celler Stra\u00dfe in Richtung Otto-Brenner-Stra\u00dfe. Im Kreuzungsbereich Hamburger Allee \/ Celler Stra\u00dfe kollidierten die beiden Fahrzeuge. Der 89-J\u00e4hrige wurde leicht verletzt.<\/p>\n<p>Wie die jeweiligen Ampeln auf der Hamburger Allee und der Celler Stra\u00dfe zur Zeit des Unfalls geschaltet waren, ist derzeit unklar.<\/p>\n<p>Daher sucht die Polizei Zeugen, die insbesondere Angaben zur Ampelschaltung an der Kreuzung machen k\u00f6nnen. Diese Zeugen werden gebeten, sich beim Verkehrsunfalldienst Hannover unter der Telefonnummer 0511 109-1888 zu melden. \/ms<\/p>\n<p class=\"contact-headline\">R\u00fcckfragen bitte an:<\/p>\n<p class=\"contact-text\">Polizeidirektion Hannover<br \/>Marcus Schmieder<br \/>Telefon: 0511 109-1040<br \/>E-Mail: <a href=\"https:\/\/www.presseportal.de\/blaulicht\/pm\/66841\/mailto: pressestelle@pd-h.polizei.niedersachsen.de\" class=\"uri-mailto\" rel=\"nofollow noopener\" target=\"_blank\"> pressestelle@pd-h.polizei.niedersachsen.de<\/a><br \/><a target=\"_blank\" class=\"uri-ext outbound\" rel=\"noopener nofollow\" href=\"https:\/\/www.pd-h.polizei-nds.de\">https:\/\/www.pd-h.polizei-nds.de<\/a><\/p>\n<p class=\"originator\">Original-Content von: Polizeidirektion Hannover, \u00fcbermittelt durch news aktuell<\/p>\n","protected":false},"excerpt":{"rendered":"22.10.2025 \u2013 12:34 Polizeidirektion Hannover Hannover (ots) Am Dienstagabend, 21.10.2025, sind an der Kreuzung Hamburger Allee \/ Celler&hellip;\n","protected":false},"author":2,"featured_media":386213,"comment_status":"","ping_status":"","sticky":false,"template":"","format":"standard","meta":{"footnotes":""},"categories":[1836],"tags":[3364,29,30,46,177,5404,1411,121,178,180,179,181],"class_list":{"0":"post-518168","1":"post","2":"type-post","3":"status-publish","4":"format-standard","5":"has-post-thumbnail","7":"category-hannover","8":"tag-de","9":"tag-deutschland","10":"tag-germany","11":"tag-hannover","12":"tag-kriminalitt","13":"tag-ni","14":"tag-niedersachsen","15":"tag-polizei","16":"tag-presse","17":"tag-pressemeldung","18":"tag-pressemitteilung","19":"tag-pressemitteilungen"},"share_on_mastodon":{"url":"https:\/\/pubeurope.com\/@de\/115417621817406767","error":""},"_links":{"self":[{"href":"https:\/\/www.europesays.com\/de\/wp-json\/wp\/v2\/posts\/518168","targetHints":{"allow":["GET"]}}],"collection":[{"href":"https:\/\/www.europesays.com\/de\/wp-json\/wp\/v2\/posts"}],"about":[{"href":"https:\/\/www.europesays.com\/de\/wp-json\/wp\/v2\/types\/post"}],"author":[{"embeddable":true,"href":"https:\/\/www.europesays.com\/de\/wp-json\/wp\/v2\/users\/2"}],"replies":[{"embeddable":true,"href":"https:\/\/www.europesays.com\/de\/wp-json\/wp\/v2\/comments?post=518168"}],"version-history":[{"count":0,"href":"https:\/\/www.europesays.com\/de\/wp-json\/wp\/v2\/posts\/518168\/revisions"}],"wp:featuredmedia":[{"embeddable":true,"href":"https:\/\/www.europesays.com\/de\/wp-json\/wp\/v2\/media\/386213"}],"wp:attachment":[{"href":"https:\/\/www.europesays.com\/de\/wp-json\/wp\/v2\/media?parent=518168"}],"wp:term":[{"taxonomy":"category","embeddable":true,"href":"https:\/\/www.europesays.com\/de\/wp-json\/wp\/v2\/categories?post=518168"},{"taxonomy":"post_tag","embeddable":true,"href":"https:\/\/www.europesays.com\/de\/wp-json\/wp\/v2\/tags?post=518168"}],"curies":[{"name":"wp","href":"https:\/\/api.w.org\/{rel}","templated":true}]}}