{"id":518180,"date":"2025-10-22T11:44:11","date_gmt":"2025-10-22T11:44:11","guid":{"rendered":"https:\/\/www.europesays.com\/de\/518180\/"},"modified":"2025-10-22T11:44:11","modified_gmt":"2025-10-22T11:44:11","slug":"ratinger-ice-aliens-nach-eagles-essen-west","status":"publish","type":"post","link":"https:\/\/www.europesays.com\/de\/518180\/","title":{"rendered":"Ratinger Ice Aliens nach Eagles Essen-West"},"content":{"rendered":"<p class=\"text_ohne_einzug richtext text-em-55 !leading-serif mx-6 desktop:mx-0\"> 2644 Zuschauer haben am Sonntag den ersten Vergleich von Regionalliga-Meister Ratinger Ice Aliens bei den neugegr\u00fcndeten Eagles Essen-West in der Eissporthalle am Essener Westbahnhof verfolgt. Sie erlebten ein stimmungsvolles Eishockeyspiel mit vielen Emotionen, gro\u00dfartigen Toren, Verl\u00e4ngerung und Penaltyschie\u00dfen. Am Ende setzten sich die Ratinger mit 5:4 durch. Bryce Irwin hatte den letzten Penalty f\u00fcr den Meister verwandelt, der \u00fcberragende Aliens-Keeper Linus Schwarte auch den letzten Essener Versuch von Enrico Saccomani parieret. Doch das Spiel zeigte auch deutliche Unterschiede zwischen beiden Vereinen auf.<\/p>\n","protected":false},"excerpt":{"rendered":"2644 Zuschauer haben am Sonntag den ersten Vergleich von Regionalliga-Meister Ratinger Ice Aliens bei den neugegr\u00fcndeten Eagles Essen-West&hellip;\n","protected":false},"author":2,"featured_media":518181,"comment_status":"","ping_status":"","sticky":false,"template":"","format":"standard","meta":{"footnotes":""},"categories":[1834],"tags":[128614,128612,3364,29,3688,24336,128613,30,2229,21674,1209,10078,14522,3459,128615],"class_list":{"0":"post-518180","1":"post","2":"type-post","3":"status-publish","4":"format-standard","5":"has-post-thumbnail","7":"category-essen","8":"tag-128614","9":"tag-aliens","10":"tag-de","11":"tag-deutschland","12":"tag-essen","13":"tag-essener","14":"tag-frank-gentges","15":"tag-germany","16":"tag-ice","17":"tag-meister","18":"tag-nordrhein-westfalen","19":"tag-ratingen","20":"tag-ratinger","21":"tag-regionalliga","22":"tag-unterdessen"},"share_on_mastodon":{"url":"https:\/\/pubeurope.com\/@de\/115417649505440556","error":""},"_links":{"self":[{"href":"https:\/\/www.europesays.com\/de\/wp-json\/wp\/v2\/posts\/518180","targetHints":{"allow":["GET"]}}],"collection":[{"href":"https:\/\/www.europesays.com\/de\/wp-json\/wp\/v2\/posts"}],"about":[{"href":"https:\/\/www.europesays.com\/de\/wp-json\/wp\/v2\/types\/post"}],"author":[{"embeddable":true,"href":"https:\/\/www.europesays.com\/de\/wp-json\/wp\/v2\/users\/2"}],"replies":[{"embeddable":true,"href":"https:\/\/www.europesays.com\/de\/wp-json\/wp\/v2\/comments?post=518180"}],"version-history":[{"count":0,"href":"https:\/\/www.europesays.com\/de\/wp-json\/wp\/v2\/posts\/518180\/revisions"}],"wp:featuredmedia":[{"embeddable":true,"href":"https:\/\/www.europesays.com\/de\/wp-json\/wp\/v2\/media\/518181"}],"wp:attachment":[{"href":"https:\/\/www.europesays.com\/de\/wp-json\/wp\/v2\/media?parent=518180"}],"wp:term":[{"taxonomy":"category","embeddable":true,"href":"https:\/\/www.europesays.com\/de\/wp-json\/wp\/v2\/categories?post=518180"},{"taxonomy":"post_tag","embeddable":true,"href":"https:\/\/www.europesays.com\/de\/wp-json\/wp\/v2\/tags?post=518180"}],"curies":[{"name":"wp","href":"https:\/\/api.w.org\/{rel}","templated":true}]}}