{"id":518193,"date":"2025-10-22T11:51:18","date_gmt":"2025-10-22T11:51:18","guid":{"rendered":"https:\/\/www.europesays.com\/de\/518193\/"},"modified":"2025-10-22T11:51:18","modified_gmt":"2025-10-22T11:51:18","slug":"marienhospital-in-stuttgart-ungewoehnlicher-auftritt-klinik-wirbt-im-einkaufszentrum-um-personal-stuttgart","status":"publish","type":"post","link":"https:\/\/www.europesays.com\/de\/518193\/","title":{"rendered":"Marienhospital in Stuttgart: Ungew\u00f6hnlicher Auftritt: Klinik wirbt im Einkaufszentrum um Personal &#8211; Stuttgart"},"content":{"rendered":"<p>Das Marienhospital pr\u00e4sentiert sich einen Monat lang im Milaneo. Ein Beispiel f\u00fcr den\u2009gro\u00dfen Aufwand, den die Krankenh\u00e4user f\u00fcr die Personalgewinnung betreiben.<\/p>\n<p>Das Marienhospital im Milaneo? Das werden sich in diesen Tagen vielleicht manche der Besucher des gro\u00dfen Einkaufszentrums gefragt haben. W\u00e4hrend des gesamten Monats Oktober, an allen Werktagen, pr\u00e4sentiert sich dort das Krankenhaus aus dem Stuttgarter S\u00fcden. <\/p>\n","protected":false},"excerpt":{"rendered":"Das Marienhospital pr\u00e4sentiert sich einen Monat lang im Milaneo. Ein Beispiel f\u00fcr den\u2009gro\u00dfen Aufwand, den die Krankenh\u00e4user f\u00fcr&hellip;\n","protected":false},"author":2,"featured_media":518194,"comment_status":"","ping_status":"","sticky":false,"template":"","format":"standard","meta":{"footnotes":""},"categories":[1830],"tags":[76205,1634,3364,29,121141,1707,30,3382,41376,44175,1441],"class_list":{"0":"post-518193","1":"post","2":"type-post","3":"status-publish","4":"format-standard","5":"has-post-thumbnail","7":"category-stuttgart","8":"tag-marienhospital","9":"tag-baden-wuerttemberg","10":"tag-de","11":"tag-deutschland","12":"tag-diakonie-klinikum","13":"tag-fachkraeftemangel","14":"tag-germany","15":"tag-klinikum-stuttgart","16":"tag-pflegekraeftemangel","17":"tag-robert-bosch-krankenhaus","18":"tag-stuttgart"},"share_on_mastodon":{"url":"https:\/\/pubeurope.com\/@de\/115417676970656759","error":""},"_links":{"self":[{"href":"https:\/\/www.europesays.com\/de\/wp-json\/wp\/v2\/posts\/518193","targetHints":{"allow":["GET"]}}],"collection":[{"href":"https:\/\/www.europesays.com\/de\/wp-json\/wp\/v2\/posts"}],"about":[{"href":"https:\/\/www.europesays.com\/de\/wp-json\/wp\/v2\/types\/post"}],"author":[{"embeddable":true,"href":"https:\/\/www.europesays.com\/de\/wp-json\/wp\/v2\/users\/2"}],"replies":[{"embeddable":true,"href":"https:\/\/www.europesays.com\/de\/wp-json\/wp\/v2\/comments?post=518193"}],"version-history":[{"count":0,"href":"https:\/\/www.europesays.com\/de\/wp-json\/wp\/v2\/posts\/518193\/revisions"}],"wp:featuredmedia":[{"embeddable":true,"href":"https:\/\/www.europesays.com\/de\/wp-json\/wp\/v2\/media\/518194"}],"wp:attachment":[{"href":"https:\/\/www.europesays.com\/de\/wp-json\/wp\/v2\/media?parent=518193"}],"wp:term":[{"taxonomy":"category","embeddable":true,"href":"https:\/\/www.europesays.com\/de\/wp-json\/wp\/v2\/categories?post=518193"},{"taxonomy":"post_tag","embeddable":true,"href":"https:\/\/www.europesays.com\/de\/wp-json\/wp\/v2\/tags?post=518193"}],"curies":[{"name":"wp","href":"https:\/\/api.w.org\/{rel}","templated":true}]}}