{"id":518197,"date":"2025-10-22T11:53:20","date_gmt":"2025-10-22T11:53:20","guid":{"rendered":"https:\/\/www.europesays.com\/de\/518197\/"},"modified":"2025-10-22T11:53:20","modified_gmt":"2025-10-22T11:53:20","slug":"journal-frankfurt-news-jazz-bleibt-in-bewegung","status":"publish","type":"post","link":"https:\/\/www.europesays.com\/de\/518197\/","title":{"rendered":"Journal Frankfurt News &#8211; Jazz bleibt in Bewegung"},"content":{"rendered":"<p>&#13;<\/p>\n<p>Finale: Deutsches Jazzfestival in Frankfurt<\/p>\n<p>&#13;<br \/>\n&#13;<br \/>\n      &#13;<br \/>\n      &#13;<\/p>\n<p class=\"teaser__details-anlese-text\">F\u00fcnf Tage \u201eDeutsches Jazzfestival\u201c und volles Programm. Am Sonntag beschlie\u00dfen drei ganz besondere Veranstaltungen das j\u00e4hrliche Event.<\/p>\n<p>&#13;<br \/>\n&#13;<\/p>\n<p>&#13;<br \/>\n        Detlef Kinsler \/&#13;<br \/>\n        22. Oktober 2025, 13.04 Uhr&#13;\n      <\/p>\n<p>&#13;<br \/>\n      &#13;<br \/>\n&#13;<br \/>\n      &#13;<\/p>\n<p>Die \u201eClubnacht\u201c am Freitag hat sich \u2013 2022 ins Programm genommen \u2013 l\u00e4ngst etabliert, Zeit also f\u00fcr neue Experimente. So hat man sich im Hessischen Rundfunk entschieden, den Samstag unter dem Motto \u201eJazz Moves\u201c einem Facelifting zu unterziehen. Auf der <a target=\"_blank\" href=\"http:\/\/www.hr2.de\/veranstaltungen\/jazzfestival\/index.html\" rel=\"nofollow noopener\">Website <\/a>zum Deutschen Jazzfestival hei\u00dft es: \u201eDer Jazz war immer in Bewegung und er wird es hoffentlich auch bleiben.\u201c F\u00fcr sein Publikum allerdings gilt das nicht unbedingt, k\u00f6nnte man sarkastisch erg\u00e4nzen. Vor allem Jazzpuristen vertreten jedenfalls die Auffassung, dass sich die von der Musik ausgehenden Impulse allenfalls auf die Nackenmuskulatur oder einzelne Finger und F\u00fc\u00dfe \u00fcbertragen sollten. Aber zum Jazz tanzen? Bewahre! <\/p>\n<p>Moses Yoofee Trio und hr-Bigband feat. Butcher Brown<\/p>\n<p>Auf jeden Fall wird der Sendesaal erstmals so umgestaltet, \u201edass beide Formen des <a target=\"_blank\" href=\"http:\/\/www.journal-frankfurt.de\/\/journal_news\/Musik-Musik-110\/Musik-in-Frankfurt-Viel-Neues-beim-Forum-improvisierter-Musik-44660.html\" rel=\"nofollow noopener\">Musikgenusses <\/a>zu ihrem Recht kommen. Zuh\u00f6ren und Tanzen bei Musik, die musikalische Klasse mit Tanzbarkeit verbindet. Garanten daf\u00fcr sollen das Berliner Moses Yoofee Trio und die hr-Bigband feat. Butcher Brown sein \u2013 unter der Parole Beats&#8217;n&#8217;Brass bringen sie Funk, R&amp;B, Hip-Hop und Broken Beats ins Spiel. Donna Leake aus London legt danach noch in der Goldhalle auf. Mit im Veranstalterteam an diesem Abend: Lorenzo Dolce von Jazz Montez.<\/p>\n<p>Ebenfalls neue Wege gehen die \u201eJazzfestival\u201c-Organisatoren um Frank Lauber am Sonntag (26. Oktober). Und das gleich drei Mal. Um 16 Uhr gibt es einen Sonntagskaffee mit DJ Kaiser &amp; Jonas Lohse im Rahmen der \u201eVintage Soundsystem\u201c-Reihe im Pastel in der Lindleystra\u00dfe 15 bei freiem Eintritt. \u201eBeim Sonntagskaffee zum Ausklang des Jazz-Festivals 2025 werden durchaus \u00fcberraschende musikalische und berufliche Werdeg\u00e4nge einiger Festival-Teilnehmer beleuchtet\u201c, verspricht Jean Trouillet, einer der Organisatoren. <\/p>\n<p>Spaziergang zu Wirkungsst\u00e4tten von Albert Mangelsdorff<\/p>\n<p>Zeitlich fast parallel findet ab 16.30 Uhr ein \u201ebiografischer Spaziergang\u201c statt, der zu verschiedenen Wirkungsst\u00e4tten von Albert Mangelsdorff f\u00fchrt. Start ist am Haupteingang des Hessischen Rundfunks, Bertramstra\u00dfe 8. Die Teilnehmerzahl ist auf 20 Personen begrenzt. Es wird um Anmeldung \u00fcber das Kulturamt per E-Mail an kommunikation.kulturamt@stadt-frankfurt.de gebeten. <\/p>\n<p>Wer nicht <a target=\"_blank\" href=\"http:\/\/www.journal-frankfurt.de\/\/journal_news\/Musik-Musik-110\/Konzert-in-Alter-Oper-Dhafer-Youssef-und-Sona-Jobarteh-spielen-in-Frankfurt-44655.html\" rel=\"nofollow noopener\">live dabei sein<\/a> kann, der kann auch alleine und sogar zuhause auf den Spuren Alberts wandeln. Denn Jazzhistoriker J\u00fcrgen Schwab hat die Audiotour f\u00fcr die <a target=\"_blank\" href=\"http:\/\/www.frankfurthistory.app\/\" rel=\"nofollow noopener\">Frankfurt History App<\/a> liebevoll und mit viel Musik gestaltet. \u201eEr war bekennender Spazierg\u00e4nger\u201c, sagt Sascha Wild, der Musikreferent der Stadt und Impulsgeber f\u00fcr die Reihe \u201eThe Eternal Turn-on\u201c zum 20. Todestag der Jazzlegende. <\/p>\n<p>Herrlich, die Geschichten von Mangelsdorffs Sohn Ralph zum Thema Albert und die Natur. \u201eDer Rundgang zu Albert Mangelsdorff ist ein k\u00fcnstlerisches Experiment in der Frankfurt-History-App: Mit O-T\u00f6nen, Musikausschnitten und einer Erz\u00e4hlerperspektive erinnert der Rundgang an ein Radio-Feature, das zu neun Lebensstationen und Orten des ber\u00fchmten Frankfurter Jazzmusikers f\u00fchrt\u201c, erl\u00e4utert Doreen M\u00f6lders, die Direktorin des Historischen Museums Frankfurt.<\/p>\n<p>Martin Lejeune bekommt Frankfurter Jazzstipendium<\/p>\n<p>Zum Abschluss des \u201eJazzfestivals\u201c geht es um 20 Uhr in den \u201eJazzklub\u201c im Museum Angewandte Kunst. Eingeladen wurde der erst 15-j\u00e4hrige Slowake \u00c1ron Hodek alias \u00c1ron the Bassist, dessen Videos in den sozialen Medien viral gingen und der mit seinem Trio The PocketCrew nach Sachsenhausen kommt. <\/p>\n<p>Vorab wird das Frankfurter Jazzstipendium an Multiinstrumentalist Martin Lejeune vergeben. \u201eTats\u00e4chlich war das Stipendium der Impulsgeber f\u00fcr die ganze Albert-Mangelsdorff-Gedenkreihe, die wir dann aufgesetzt haben\u201c, sagt Sascha Wild, Musikreferent der Stadt Frankfurt. <\/p>\n<p>Seit Anfang Juli w\u00fcrdigt die Stadt den Frankfurter Ausnahmemusiker Albert Mangelsdorff. \u201eDa kam ich auf den Gedanken, Tonb\u00e4nder und Noten, die weitgehend ungenutzt in den Archiven liegen, mal ins Zentrum zu r\u00fccken\u201c, so Wild. Und so wurde das Stipendium mit einer speziellen Idee ausgeschrieben und ein Projekt gesucht, das sich dem Werk Alberts k\u00fcnstlerisch widmet. <\/p>\n<p>Lejeunes Ideen \u00fcberzeugten die Jury. Er wird nun Teile des Mangelsdorff-\u0152uvres neu interpretieren. Einen ersten Appetizer davon gibt es am Sonntag beim Preistr\u00e4gerkonzert. Das Endergebnis seiner Auseinandersetzung mit dem zeitlebens bekennenden Frankfurter kann man dann im Rahmen von \u201eJazz im Palmengarten\u201c im Sommer 2026 zu h\u00f6ren bekommen.<\/p>\n<p>&#13;<br \/>\n&#13;<br \/>\n      &#13;<\/p>\n<p>          <img decoding=\"async\" src=\"https:\/\/www.europesays.com\/de\/wp-content\/uploads\/2025\/04\/9.jpg\" alt=\"Detlef Kinsler\" title=\"Detlef Kinsler\"\/><\/p>\n<p>&#13;<br \/>\n            Detlef Kinsler&#13;\n          <\/p>\n<p>Weil sein Hobby schon fr\u00fch zum Beruf wurde, ist Fotografieren eine weitere Leidenschaft des Journal-Frankfurt-Musikredakteurs, der au\u00dferdem regelm\u00e4\u00dfig \u00fcber Frauenfu\u00dfball schreibt.<\/p>\n<p>          &#13;<br \/>\n            <a href=\"https:\/\/www.journal-frankfurt.de\/?src=journal_news&amp;autor=9&amp;stichwort=Detlef+Kinsler\" rel=\"nofollow noopener\" target=\"_blank\">Mehr von Detlef Kinsler &gt;&#13;<br \/>\n            <\/a>&#13;<\/p>\n<p>      &#13;<br \/>\n      <img loading=\"lazy\" decoding=\"async\" src=\"https:\/\/www.europesays.com\/de\/wp-content\/uploads\/2025\/10\/vgzm.2150123-44672.gif\" width=\"1\" height=\"1\" border=\"0\"\/>&#13;<br \/>\n      &#13;<br \/>\n&#13;<br \/>\n&#13;<br \/>\n    &#13;<\/p>\n","protected":false},"excerpt":{"rendered":"&#13; Finale: Deutsches Jazzfestival in Frankfurt &#13; &#13; &#13; &#13; F\u00fcnf Tage \u201eDeutsches Jazzfestival\u201c und volles Programm. Am&hellip;\n","protected":false},"author":2,"featured_media":518198,"comment_status":"","ping_status":"","sticky":false,"template":"","format":"standard","meta":{"footnotes":""},"categories":[1829],"tags":[29,2050,2051,30,2052],"class_list":{"0":"post-518197","1":"post","2":"type-post","3":"status-publish","4":"format-standard","5":"has-post-thumbnail","7":"category-frankfurt-am-main","8":"tag-deutschland","9":"tag-frankfurt","10":"tag-frankfurt-am-main","11":"tag-germany","12":"tag-hessen"},"share_on_mastodon":{"url":"https:\/\/pubeurope.com\/@de\/115417685100410697","error":""},"_links":{"self":[{"href":"https:\/\/www.europesays.com\/de\/wp-json\/wp\/v2\/posts\/518197","targetHints":{"allow":["GET"]}}],"collection":[{"href":"https:\/\/www.europesays.com\/de\/wp-json\/wp\/v2\/posts"}],"about":[{"href":"https:\/\/www.europesays.com\/de\/wp-json\/wp\/v2\/types\/post"}],"author":[{"embeddable":true,"href":"https:\/\/www.europesays.com\/de\/wp-json\/wp\/v2\/users\/2"}],"replies":[{"embeddable":true,"href":"https:\/\/www.europesays.com\/de\/wp-json\/wp\/v2\/comments?post=518197"}],"version-history":[{"count":0,"href":"https:\/\/www.europesays.com\/de\/wp-json\/wp\/v2\/posts\/518197\/revisions"}],"wp:featuredmedia":[{"embeddable":true,"href":"https:\/\/www.europesays.com\/de\/wp-json\/wp\/v2\/media\/518198"}],"wp:attachment":[{"href":"https:\/\/www.europesays.com\/de\/wp-json\/wp\/v2\/media?parent=518197"}],"wp:term":[{"taxonomy":"category","embeddable":true,"href":"https:\/\/www.europesays.com\/de\/wp-json\/wp\/v2\/categories?post=518197"},{"taxonomy":"post_tag","embeddable":true,"href":"https:\/\/www.europesays.com\/de\/wp-json\/wp\/v2\/tags?post=518197"}],"curies":[{"name":"wp","href":"https:\/\/api.w.org\/{rel}","templated":true}]}}