{"id":518207,"date":"2025-10-22T11:58:21","date_gmt":"2025-10-22T11:58:21","guid":{"rendered":"https:\/\/www.europesays.com\/de\/518207\/"},"modified":"2025-10-22T11:58:21","modified_gmt":"2025-10-22T11:58:21","slug":"sport-hype-oder-geld-sorgen-muenchen-stimmt-ueber-olympia-ab-sport","status":"publish","type":"post","link":"https:\/\/www.europesays.com\/de\/518207\/","title":{"rendered":"Sport-Hype oder Geld-Sorgen? M\u00fcnchen stimmt \u00fcber Olympia ab &#8211; Sport"},"content":{"rendered":"<p class=\"rhp-dpa-teaser\"><b>Will M\u00fcnchen sich nochmal um Olympia bewerben? Das entscheiden die B\u00fcrger am Sonntag. Bef\u00fcrworter tr\u00e4umen vom gro\u00dfen Sportfest und einem Wirtschaftsboom. Wieviel das alles kostet, das bleibt unklar.<\/b><\/p>\n<p><a class=\"rtr-entity\" data-rtr-entity=\"M\u00fcnchen\" data-rtr-id=\"557e02eb6f084d9c0326f99d35a0d7bc94b76d45\" data-rtr-score=\"25.485796509468994\" data-rtr-etype=\"location\" data-rtr-index=\"21\" href=\"https:\/\/www.rheinpfalz.de\/themen\/muenchen?utm_source=rheinpfalz.de&amp;utm_medium=tms&amp;utm_campaign=intext\" rel=\"nofollow noopener\" target=\"_blank\">M\u00fcnchen<\/a> (dpa) &#8211; Vor dem Topspiel Bayern-Dortmund schw\u00e4rmen Sportler und Funktion\u00e4re auf dem Rasen der Allianz Arena von der M\u00fcnchner Olympia-Bewerbung. Turner Lukas Dauser tr\u00e4umt davon, wie sein kleiner Sohn Willi irgendwann selbst bei Spielen vor der Haust\u00fcr dabei ist. M\u00fcnchen ist voll von Fahnen und Plakaten mit den f\u00fcnf Ringen. Kurz vor der B\u00fcrgerbefragung geben Olympia-Bef\u00fcrworter &#8211; aber auch die Gegner &#8211; noch mal alles, um die Unentschlossenen vor der Abstimmung an diesem Sonntag zu \u00fcberzeugen.<\/p>\n<p>Rund 1,1 Millionen M\u00fcnchnerinnen und M\u00fcnchner sind eingeladen zu entscheiden, ob sich die bayerische Landeshauptstadt f\u00fcr die Sommerspiele bewerben soll. Ob es dabei um 2036, 2040 oder 2044 geht, das ist noch hoffen &#8211; zun\u00e4chst wird in M\u00fcnchen nur die grunds\u00e4tzliche Bereitschaft abgefragt.<\/p>\n<p>S\u00f6der: Wenn nicht hier, dann woanders auch nicht<\/p>\n<p>W\u00e4hrend Kritiker vor allem die hohen Kosten &#8211; sowohl der Bewerbung als dann auch des Events &#8211; anprangern, setzen die Bef\u00fcrworter auf einen Mix aus Folklore, Wirtschafts-Versprechen und Mia-san-Mia-Attit\u00fcde. \u00abM\u00fcnchen ist weltweit bekannt und beliebt. Deshalb haben wir die gr\u00f6\u00dften Chancen, am Ende die Bewerbung f\u00fcr <a class=\"rtr-entity\" data-rtr-entity=\"Deutschland\" data-rtr-id=\"6c48d7d5b099c64b41367070a52ae27833560fd5\" data-rtr-score=\"5.854066097289269\" data-rtr-etype=\"location\" data-rtr-index=\"13\" href=\"https:\/\/www.rheinpfalz.de\/themen\/deutschland?utm_source=rheinpfalz.de&amp;utm_medium=tms&amp;utm_campaign=intext\" rel=\"nofollow noopener\" target=\"_blank\">Deutschland<\/a> beim <a class=\"rtr-entity\" data-rtr-entity=\"IOC\" data-rtr-id=\"7bb928a05b680315fbe6e9cdf6bc1d7f1e300fe4\" data-rtr-score=\"23.3215744522837\" data-rtr-etype=\"organisation\" data-rtr-index=\"36\" href=\"https:\/\/www.rheinpfalz.de\/themen\/ioc?utm_source=rheinpfalz.de&amp;utm_medium=tms&amp;utm_campaign=intext\" rel=\"nofollow noopener\" target=\"_blank\">IOC<\/a> zu gewinnen\u00bb, sagte <a class=\"rtr-entity\" data-rtr-entity=\"Bayern\" data-rtr-id=\"4205911f99ae6ee47d387df9b2d77db81edea768\" data-rtr-score=\"14.899740066839955\" data-rtr-etype=\"location\" data-rtr-index=\"31\" href=\"https:\/\/www.rheinpfalz.de\/themen\/bayern?utm_source=rheinpfalz.de&amp;utm_medium=tms&amp;utm_campaign=intext\" rel=\"nofollow noopener\" target=\"_blank\">Bayerns<\/a> Ministerpr\u00e4sident <a class=\"rtr-entity\" data-rtr-entity=\"Markus S\u00f6der\" data-rtr-id=\"f2bb9070aca42d215b7f424daa7ed71862ca9fb1\" data-rtr-score=\"25.48273301151133\" data-rtr-etype=\"person\" data-rtr-index=\"11\" href=\"https:\/\/www.rheinpfalz.de\/themen\/markus-soeder?utm_source=rheinpfalz.de&amp;utm_medium=tms&amp;utm_campaign=intext\" rel=\"nofollow noopener\" target=\"_blank\">Markus S\u00f6der<\/a> (<a class=\"rtr-entity\" data-rtr-entity=\"CSU\" data-rtr-id=\"aceedcc88fb18a854c3081af1cf548fee67dcef8\" data-rtr-score=\"11.482547344968436\" data-rtr-etype=\"organisation\" data-rtr-index=\"38\" href=\"https:\/\/www.rheinpfalz.de\/themen\/csu?utm_source=rheinpfalz.de&amp;utm_medium=tms&amp;utm_campaign=intext\" rel=\"nofollow noopener\" target=\"_blank\">CSU<\/a>) zuletzt der \u00ab<a class=\"rtr-entity\" data-rtr-entity=\"BamS\" data-rtr-id=\"4498751713892070dffde246dad2f8c72a82342f\" data-rtr-score=\"11.432417378388415\" data-rtr-etype=\"organisation\" data-rtr-index=\"5\" href=\"https:\/\/www.rheinpfalz.de\/themen\/bams?utm_source=rheinpfalz.de&amp;utm_medium=tms&amp;utm_campaign=intext\" rel=\"nofollow noopener\" target=\"_blank\">Bild am Sonntag<\/a>\u00bb und meinte: \u00abWenn es hier nicht klappt, dann wohl auch woanders nicht.\u00bb<\/p>\n<p><img decoding=\"async\" loading=\"lazy\" src=\"https:\/\/www.europesays.com\/de\/wp-content\/uploads\/2025\/10\/6863393_1_articledetail_Das_Olympiazentrum_mit_dem_ikonischen_Olympiastadion_soll_das_Zentrum_der_Sp.webp\" alt=\"M\u00fcnchner Olympiastadion aus der Luft\" title=\"M\u00fcnchner Olympiastadion aus der Luft\" width=\"753\" height=\"502\" class=\"nfy-mobile-first\"\/> Das Olympiazentrum mit dem ikonischen Olympiastadion soll das Zentrum der Spiele in M\u00fcnchen werden.Foto: Peter Kneffel\/dpa<\/p>\n<p>Als gro\u00dfes Plus der M\u00fcnchner Kampagne wird angef\u00fchrt, dass fast alle Wettkampfst\u00e4tten vorhanden sind und h\u00f6chstens modernisiert oder renoviert werden m\u00fcssen: Vom Olympiastadion \u00fcber diverse Hallen bis zum Eiskanal in <a class=\"rtr-entity\" data-rtr-entity=\"Augsburg\" data-rtr-id=\"9ccf057d3b23cb7d825f785909bf1116bdcc2650\" data-rtr-score=\"5.2692164871890075\" data-rtr-etype=\"location\" data-rtr-index=\"16\" href=\"https:\/\/www.rheinpfalz.de\/themen\/augsburg?utm_source=rheinpfalz.de&amp;utm_medium=tms&amp;utm_campaign=intext\" rel=\"nofollow noopener\" target=\"_blank\">Augsburg<\/a>; auch wenn es bei der Kanu-Anlage zuletzt \u00f6fter Probleme mit dem Wasser gab. Die Sanierung etlicher Sportst\u00e4tten k\u00f6nnte gerade &#8211; oder nur &#8211; bei einem Olympia-Zuschlag klappen, hei\u00dft es dar\u00fcber hinaus.<\/p>\n<p>Bef\u00fcrworter setzen auf \u00abR\u00fcckenwind\u00bb f\u00fcr etliche Projekte<\/p>\n<p>Oberb\u00fcrgermeister Dieter Reiter (SPD) sagt, dass bei einem Zuschlag f\u00fcr M\u00fcnchen \u00abviele f\u00fcr unsere Stadt wichtige Projekte R\u00fcckenwind bekommen, zum Beispiel der Ausbau des \u00d6PNV und der Bau von dringend ben\u00f6tigten Wohnungen. Diese Chance sollten wir nutzen!\u00bb Im Nordosten der Stadt ist der Bau des olympischen Dorfes geplant, aus dem nach <a class=\"rtr-entity\" data-rtr-entity=\"Olympia\" data-rtr-id=\"b5e98c1f8272d20570cb19c59488dc32dd8c8d67\" data-rtr-score=\"546.834385443743\" data-rtr-etype=\"event\" data-rtr-index=\"18\" href=\"https:\/\/www.rheinpfalz.de\/themen\/olympische-winterspiele-peking?utm_source=rheinpfalz.de&amp;utm_medium=tms&amp;utm_campaign=intext\" rel=\"nofollow noopener\" target=\"_blank\">Olympia<\/a> und den Paralympics Wohnungen f\u00fcr mehr als 10.000 Menschen werden sollen.<\/p>\n<p><img decoding=\"async\" loading=\"lazy\" src=\"https:\/\/www.europesays.com\/de\/wp-content\/uploads\/2025\/10\/6863392_1_articledetail_Ludwig_Hartmann_von_den_Gruenen_ist_Vizepraesident_des_bayerischen_Landtags..webp\" alt=\"Ludwig Hartmann\" title=\"Ludwig Hartmann\" width=\"753\" height=\"502\" class=\"nfy-mobile-first\"\/> Ludwig Hartmann von den Gr\u00fcnen ist Vizepr\u00e4sident des bayerischen Landtags. (Archivfoto)Foto: Stefan Puchner\/dpa<\/p>\n<p>Just da aber haken die Kritiker ein &#8211; es geht vor allem um Geld. Der Gr\u00fcnen-Politiker Ludwig Hartmann etwa schimpft, dass Steuergelder in Millionenh\u00f6he f\u00fcr eine Bewerbung und dann in Milliardenh\u00f6he f\u00fcr die Spiele ausgegeben werden, wenn man diese doch gleich in Stadtentwicklung und Wohnungsbau stecken k\u00f6nnte. \u00abIch warte doch nicht bis 2044 f\u00fcr eine L\u00f6sung\u00bb, sagt der prominenteste Olympia-Gegner. \u00abDie L\u00f6sung muss jetzt kommen!\u00bb<\/p>\n<p>Olympische Spiele der Vergangenheit immer teurer als geplant<\/p>\n<p>M\u00fcnchen hat nach eigenen Angaben bislang rund acht Millionen Euro f\u00fcr die Olympia-Bewerbung inklusive des anstehenden B\u00fcrgerentscheids ausgegeben. Sollte M\u00fcnchen sich im deutschen Wettstreit gegen Berlin, Hamburg und die Region Rhein-Ruhr durchsetzen und dann vom Internationalen Olympischen Komitee (IOC) auch die Spiele erhalten, dann kommen erst die ganz gro\u00dfen Gelder aufs Tableau. Und da fehlen bislang konkrete Finanzprognosen.<\/p>\n<p>Bei den Kosten f\u00fcr <a class=\"rtr-entity\" data-rtr-entity=\"Olympische Spiele\" data-rtr-id=\"1c0d4236d79111c365bff69ca26153a6d291174a\" data-rtr-score=\"14.654660230226511\" data-rtr-etype=\"event\" data-rtr-index=\"4\" href=\"https:\/\/www.rheinpfalz.de\/themen\/olympische-winterspiele-peking?utm_source=rheinpfalz.de&amp;utm_medium=tms&amp;utm_campaign=intext\" rel=\"nofollow noopener\" target=\"_blank\">Olympische Spiele<\/a> wird in der Regel zwischen Eventkosten &#8211; also die Kosten f\u00fcr die konkrete Durchf\u00fchrung der Spiele &#8211; und anderen Kosten entschieden. Darunter sind zumeist langwierigere, umfangreichere und teurere Vorhaben wie Investitionen in Infrastruktur. Dabei kommt es h\u00e4ufig zu Debatten, wie just jene nachhaltigen Investitionen zu bewerten und berechnen sind &#8211; schlie\u00dflich k\u00e4men sie einer Stadt ja auch nach den Spielen zugute.<\/p>\n<p>Eine konkrete Vorhersage gibt es von M\u00fcnchen diesbez\u00fcglich nicht. Weil die Spiele &#8211; vor allem jene von 2040 und 2044 &#8211; zudem in ungew\u00f6hnlich ferner Zukunft liegen, scheint so eine Prognose auch seri\u00f6s kaum m\u00f6glich. Einen Trend aber gibt es bei Olympia seit Jahrzehnten: Die Spiele werden am Ende fast immer teurer als zu Beginn veranschlagt. Das ergab eine Studie der Universit\u00e4t Oxford. Selbst Paris 2024, das von M\u00fcnchen und dem Deutschen Olympischen Sportbund (DOSB) als Beispiel f\u00fcr begeisternde Spiele herangezogen wird, war laut der Erhebung doppelt so teuer als geplant.<\/p>\n<p>Zweifel an Wirtschaftlichkeit von Olympia<\/p>\n<p>Die OlympJa-Kampagne versucht derartige Sorgen zu zerstreuen und hofft, dass ein m\u00f6glicher Wirtschaftsboom durch Olympia die Ausgaben rechtfertige. Bei einer dpa-Umfrage gaben diverse Wirtschaftsforschungsinstitute an, dass es sehr schwer sei, dass sich Spiele wirtschaftlich im engeren Sinne lohnen &#8211; also rentabel sind. Eine Studie der TU M\u00fcnchen zur Wirtschaftlichkeit und Nachhaltigkeit einer Bewerbung ergab zuletzt, \u00abdass der gesamtwirtschaftliche Mehrwert sowohl positiv als auch negativ ausfallen kann.\u00bb<\/p>\n<p><img decoding=\"async\" loading=\"lazy\" src=\"https:\/\/www.europesays.com\/de\/wp-content\/uploads\/2025\/10\/6863391_1_articledetail_Die_olympischen_Ringe_sind_im_Olympiapark_aufgebaut._Archivfoto_.webp.webp\" alt=\"Deutschland und eine Olympia-Bewerbung.\" title=\"Deutschland und eine Olympia-Bewerbung.\" width=\"753\" height=\"502\" class=\"nfy-mobile-first\"\/> Die olympischen Ringe sind im Olympiapark aufgebaut. (Archivfoto)Foto: Sven Hoppe\/dpa<\/p>\n<p>Viele Bef\u00fcrworter setzen deshalb auf emotionale Aspekte und erinnern daran, wie die Sommerspiele 1972 M\u00fcnchen auf ein neues Level katapultiert hatten. \u00abIch glaube, diese zweite Olympiade nach 1972 w\u00fcrde dieser Stadt noch mal einen Auftrieb und Aufschwung geben\u00bb, sagte etwa Bayern-Patriarch Uli Hoene\u00df, der selbst damals als Fu\u00dfballer dabei war. \u00abWir brauchen Aufbruch in diesem Land. Wir brauchen eine Perspektive.\u00bb Am Sonntag wird sich zeigen, ob das auch die M\u00fcnchnerinnen und M\u00fcnchner so sehen.<\/p>\n<p><img decoding=\"async\" loading=\"lazy\" src=\"https:\/\/www.europesays.com\/de\/wp-content\/uploads\/2025\/10\/6863394_1_articledetail_Die_Politik_etwa_Ministerpraesident_Markus_Soeder_links_und_Innenminister_Jo.webp\" alt=\"Vor dem B\u00fcrgerentscheid zur Olympiabewerbung\" title=\"Vor dem B\u00fcrgerentscheid zur Olympiabewerbung\" width=\"753\" height=\"502\" class=\"nfy-mobile-first\"\/> Die Politik, etwa Ministerpr\u00e4sident Markus S\u00f6der (links) und Innenminister Joachim Herrmann (rechts), sind f\u00fcr Olympia. (Archivfoto)Foto: Sven Hoppe\/dpa<\/p>\n","protected":false},"excerpt":{"rendered":"Will M\u00fcnchen sich nochmal um Olympia bewerben? Das entscheiden die B\u00fcrger am Sonntag. Bef\u00fcrworter tr\u00e4umen vom gro\u00dfen Sportfest&hellip;\n","protected":false},"author":2,"featured_media":518208,"comment_status":"","ping_status":"","sticky":false,"template":"","format":"standard","meta":{"footnotes":""},"categories":[1827],"tags":[2721,680,7537,772,774,29,217,30,2519,43460,771,1268,656,13025,265,6609,128620],"class_list":{"0":"post-518207","1":"post","2":"type-post","3":"status-publish","4":"format-standard","5":"has-post-thumbnail","7":"category-muenchen","8":"tag-allianz-arena","9":"tag-augsburg","10":"tag-bams","11":"tag-bayern","12":"tag-csu","13":"tag-deutschland","14":"tag-dortmund","15":"tag-germany","16":"tag-ioc","17":"tag-korr-bericht","18":"tag-markus-soeder","19":"tag-muenchen","20":"tag-olympia","21":"tag-olympische-spiele","22":"tag-sport","23":"tag-sportpolitik","24":"tag-turner-lukas-dauser"},"share_on_mastodon":{"url":"https:\/\/pubeurope.com\/@de\/115417705682386532","error":""},"_links":{"self":[{"href":"https:\/\/www.europesays.com\/de\/wp-json\/wp\/v2\/posts\/518207","targetHints":{"allow":["GET"]}}],"collection":[{"href":"https:\/\/www.europesays.com\/de\/wp-json\/wp\/v2\/posts"}],"about":[{"href":"https:\/\/www.europesays.com\/de\/wp-json\/wp\/v2\/types\/post"}],"author":[{"embeddable":true,"href":"https:\/\/www.europesays.com\/de\/wp-json\/wp\/v2\/users\/2"}],"replies":[{"embeddable":true,"href":"https:\/\/www.europesays.com\/de\/wp-json\/wp\/v2\/comments?post=518207"}],"version-history":[{"count":0,"href":"https:\/\/www.europesays.com\/de\/wp-json\/wp\/v2\/posts\/518207\/revisions"}],"wp:featuredmedia":[{"embeddable":true,"href":"https:\/\/www.europesays.com\/de\/wp-json\/wp\/v2\/media\/518208"}],"wp:attachment":[{"href":"https:\/\/www.europesays.com\/de\/wp-json\/wp\/v2\/media?parent=518207"}],"wp:term":[{"taxonomy":"category","embeddable":true,"href":"https:\/\/www.europesays.com\/de\/wp-json\/wp\/v2\/categories?post=518207"},{"taxonomy":"post_tag","embeddable":true,"href":"https:\/\/www.europesays.com\/de\/wp-json\/wp\/v2\/tags?post=518207"}],"curies":[{"name":"wp","href":"https:\/\/api.w.org\/{rel}","templated":true}]}}