{"id":518230,"date":"2025-10-22T12:10:11","date_gmt":"2025-10-22T12:10:11","guid":{"rendered":"https:\/\/www.europesays.com\/de\/518230\/"},"modified":"2025-10-22T12:10:11","modified_gmt":"2025-10-22T12:10:11","slug":"frank-thelen-will-weniger-staat-die-rechnung-geht-nicht-mehr-auf-its-fucking-over","status":"publish","type":"post","link":"https:\/\/www.europesays.com\/de\/518230\/","title":{"rendered":"Frank Thelen will weniger Staat: &#8222;Die Rechnung geht nicht mehr auf. It&#8217;s fucking over&#8220;"},"content":{"rendered":"<p><strong>Frank Thelen ist frustriert. Der Investor sieht Deutschland nicht mehr als attraktiven Standort an. Ihm fehlt der Mut zur Reform. Im ntv-Podcast &#8222;So techt Deutschland&#8220; warnt Thelen vor wirtschaftlicher Bedeutungslosigkeit &#8211; sieht aber auch einen Hoffnungsschimmer.<\/strong><\/p>\n<p>Frank Thelen ist bekannt daf\u00fcr, nicht um den hei\u00dfen Brei zu reden. Auf der Gr\u00fcndermesse Bits &amp; Pretzels in M\u00fcnchen spricht der Tech-Investor Klartext: &#8222;Es w\u00e4re f\u00fcr mich ein Riesenschlag zu sehen, dass Deutschland und Europa in die komplette Abh\u00e4ngigkeit und Bedeutungslosigkeit rutschen.&#8220; Der Grund? Zu wenig Reformen, zu viel B\u00fcrokratie &#8211; und ein politisches System, das sich selbst im Weg steht.<\/p>\n<p>Deutschland sei &#8222;total abh\u00e4ngig&#8220; von den USA und China, energetisch &#8222;in den Fu\u00df geschossen&#8220; und sozialpolitisch auf dem Holzweg. &#8222;Ich h\u00f6re nur noch: noch mehr Sozialleistungen, noch weniger Arbeit, noch mehr Homeoffice. Die Rechnung geht nicht mehr auf. It&#8217;s fucking over&#8220;, so der Investor.<\/p>\n<p>Thelen fordert einen radikalen Kurswechsel: weniger Staat, weniger Steuern, mehr Mut. Es sei alles l\u00e4ngst gesagt, die Rezepte w\u00fcrden vorliegen &#8211; man m\u00fcsse sie nur umsetzen. Trotz aller Kritik lobt er einen Minister aus dem schwarz-roten Kabinett, und zwar Karsten Wildberger, der f\u00fcr das neu geschaffene Digitalressort zust\u00e4ndig ist. &#8222;Er hat mich sehr positiv \u00fcberrascht, wie tief er in den Themen ist, wie frustriert er selbst ist.&#8220; Zum ersten Mal habe Thelen bei einem Minister Hoffnung, dass dieser &#8222;in den n\u00e4chsten Monaten liefern wird&#8220;.<\/p>\n<p>Hinsichtlich technologischer Trends bleibt der Investor von &#8222;Die H\u00f6hle der L\u00f6wen&#8220; optimistisch. F\u00fcr sein eigenes Portfolio sieht Thelen Potenzial in Bereichen wie Robotics, Krebsforschung oder der Raumfahrt. Ein pers\u00f6nlicher Erfolg sei auch der Verkauf eines von ihm gegr\u00fcndeten Scanning-Unternehmens gewesen &#8211; ein Weltmarktf\u00fchrer im Bereich QR- und Barcode-Erkennung, entstanden in Bonn, mit eigener KI. Aber auch hier gibt es f\u00fcr Thelen wieder einen Wermutstropfen: &#8222;Leider ist es wieder ein Amerikaner, der es gekauft hat.&#8220;<\/p>\n<p>Thelens Hoffnung f\u00fcr Deutschland ist nicht grenzenlos. Auf die Frage, was er tun w\u00fcrde, wenn sich nichts \u00e4ndert, antwortet er: &#8222;Meine Konsequenz ist, dass ich wahrscheinlich das Land verlassen werde.&#8220; <\/p>\n<p>Mit Frank Thelen sprachen <a href=\"https:\/\/www.n-tv.de\/autoren\/Frauke-Holzmeier-article21805232.html\" rel=\"Follow nofollow noopener\" target=\"_blank\">Frauke Holzmeier<\/a> und <a href=\"https:\/\/www.n-tv.de\/autoren\/Andreas-Laukat-article21823243.html\" rel=\"Follow nofollow noopener\" target=\"_blank\">Andreas Laukat<\/a>. Das komplette Gespr\u00e4ch h\u00f6ren Sie im Podcast <a href=\"https:\/\/plus.rtl.de\/podcast\/so-techt-deutschland-der-ntv-tech-podcast-b91ttlna6fekd\" rel=\"Follow nofollow noopener\" target=\"_blank\">&#8222;So techt Deutschland&#8220;<\/a>.<\/p>\n<p> <strong class=\"article__aside__title\">So techt Deutschland<\/strong> <\/p>\n<p>In &#8222;So techt Deutschland&#8220; haken die ntv-Moderatoren <a href=\"https:\/\/www.n-tv.de\/autoren\/Frauke-Holzmeier-article21805232.html\" target=\"_blank\" rel=\"Follow nofollow noopener\">Frauke Holzmeier<\/a> und <a href=\"https:\/\/www.n-tv.de\/autoren\/Andreas-Laukat-article21823243.html\" target=\"_blank\" rel=\"Follow nofollow noopener\">Andreas Laukat<\/a> bei Gr\u00fcndern, Investoren, Politikern und Unternehmern nach, wie es um den Technologie-Standort Deutschland bestellt ist. <\/p>\n<p>Alle Folgen finden Sie in der <a href=\"https:\/\/www.n-tv.de\/apps\/\" target=\"_blank\" rel=\"nofollow noopener\">ntv App<\/a>, bei <a href=\"https:\/\/plus.rtl.de\/podcast\/so-techt-deutschland-der-ntv-tech-podcast-b91ttlna6fekd\" target=\"_blank\" rel=\"Follow nofollow noopener\">RTL+<\/a>, <a href=\"https:\/\/music.amazon.com\/podcasts\/01bcddf6-9daa-4093-91da-723b5c781aaf\/so-techt-deutschland\" target=\"_blank\" rel=\"Follow nofollow noopener\">Amazon Music<\/a>, <a href=\"https:\/\/podcasts.apple.com\/de\/podcast\/so-techt-deutschland\/id1472537364\" target=\"_blank\" rel=\"nofollow noopener\">Apple Podcasts<\/a>, <a href=\"https:\/\/open.spotify.com\/show\/2OrCpCdTrku808zVRxtTyJ\" target=\"_blank\" rel=\"nofollow noopener\">Spotify<\/a> und im <a href=\"https:\/\/www.n-tv.de\/mediathek\/audio\/podcast\/so_techt_deutschland\/rss\" target=\"_blank\" rel=\"Follow nofollow noopener\">RSS-Feed<\/a>.<\/p>\n<p>Sie haben Fragen f\u00fcr Frauke Holzmeier und Andreas Laukat? Dann schreiben Sie eine E-Mail an sotechtdeutschland@ntv.de<\/p>\n","protected":false},"excerpt":{"rendered":"Frank Thelen ist frustriert. Der Investor sieht Deutschland nicht mehr als attraktiven Standort an. Ihm fehlt der Mut&hellip;\n","protected":false},"author":2,"featured_media":518231,"comment_status":"","ping_status":"","sticky":false,"template":"","format":"standard","meta":{"footnotes":""},"categories":[1773],"tags":[29,214,54845,30,1376,37464,471,1780,215,55],"class_list":{"0":"post-518230","1":"post","2":"type-post","3":"status-publish","4":"format-standard","5":"has-post-thumbnail","7":"category-serien","8":"tag-deutschland","9":"tag-entertainment","10":"tag-frank-thelen","11":"tag-germany","12":"tag-investoren","13":"tag-karsten-wildberger","14":"tag-serien","15":"tag-series","16":"tag-unterhaltung","17":"tag-wirtschaft"},"share_on_mastodon":{"url":"https:\/\/pubeurope.com\/@de\/115417751602336702","error":""},"_links":{"self":[{"href":"https:\/\/www.europesays.com\/de\/wp-json\/wp\/v2\/posts\/518230","targetHints":{"allow":["GET"]}}],"collection":[{"href":"https:\/\/www.europesays.com\/de\/wp-json\/wp\/v2\/posts"}],"about":[{"href":"https:\/\/www.europesays.com\/de\/wp-json\/wp\/v2\/types\/post"}],"author":[{"embeddable":true,"href":"https:\/\/www.europesays.com\/de\/wp-json\/wp\/v2\/users\/2"}],"replies":[{"embeddable":true,"href":"https:\/\/www.europesays.com\/de\/wp-json\/wp\/v2\/comments?post=518230"}],"version-history":[{"count":0,"href":"https:\/\/www.europesays.com\/de\/wp-json\/wp\/v2\/posts\/518230\/revisions"}],"wp:featuredmedia":[{"embeddable":true,"href":"https:\/\/www.europesays.com\/de\/wp-json\/wp\/v2\/media\/518231"}],"wp:attachment":[{"href":"https:\/\/www.europesays.com\/de\/wp-json\/wp\/v2\/media?parent=518230"}],"wp:term":[{"taxonomy":"category","embeddable":true,"href":"https:\/\/www.europesays.com\/de\/wp-json\/wp\/v2\/categories?post=518230"},{"taxonomy":"post_tag","embeddable":true,"href":"https:\/\/www.europesays.com\/de\/wp-json\/wp\/v2\/tags?post=518230"}],"curies":[{"name":"wp","href":"https:\/\/api.w.org\/{rel}","templated":true}]}}