{"id":51827,"date":"2025-04-22T10:05:07","date_gmt":"2025-04-22T10:05:07","guid":{"rendered":"https:\/\/www.europesays.com\/de\/51827\/"},"modified":"2025-04-22T10:05:07","modified_gmt":"2025-04-22T10:05:07","slug":"pol-s-sexuelle-handlungen-in-fussgaengerzone-zeugen-und-geschaedigte-gesucht","status":"publish","type":"post","link":"https:\/\/www.europesays.com\/de\/51827\/","title":{"rendered":"POL-S: Sexuelle Handlungen in Fu\u00dfg\u00e4ngerzone &#8211; Zeugen und Gesch\u00e4digte gesucht"},"content":{"rendered":"<p class=\"date\">22.04.2025 \u2013 11:35<\/p>\n<p class=\"customer\">\n                        <a class=\"story-customer\" title=\"weiter zum newsroom von Polizeipr\u00e4sidium Stuttgart\" href=\"https:\/\/www.presseportal.de\/blaulicht\/nr\/110977\" rel=\"nofollow noopener\" target=\"_blank\">Polizeipr\u00e4sidium Stuttgart<\/a>\n                    <\/p>\n<p><a data-category=\"citylink-story-view\" data-action=\"click\" data-label=\"Citylink in Meldungsansicht\" class=\"story-city event-trigger\" href=\"https:\/\/www.presseportal.de\/regional\/Stuttgart-Mitte\" title=\"News aus Stuttgart-Mitte \" rel=\"nofollow noopener\" target=\"_blank\">Stuttgart-Mitte<\/a> (ots)<\/p>\n<p>Polizeibeamte haben am Samstag (19.04.2025) eine 37 Jahre alte Frau vorl\u00e4ufig festgenommen, die an der Kronprinzstra\u00dfe mit einem bislang unbekannten Mann sexuelle Handlungen durchgef\u00fchrt haben soll.<br \/>\nVier minderj\u00e4hrige junge Frauen im Alter von 17, 15, 13 und 12 Jahren befanden sich auf H\u00f6he der Hausnummer 8 und beobachteten gegen 17.50 Uhr, wie die Tatverd\u00e4chtige an dem Mann manipuliert haben soll.<br \/>\nKurze Zeit sp\u00e4ter nahmen die Beamten die 37-J\u00e4hrige vorl\u00e4ufig fest, der Tatverd\u00e4chtige fl\u00fcchtete unerkannt in Richtung Untere K\u00f6nigstra\u00dfe. Er war etwa 60 Jahre alt und 175 bis 185 Zentimeter gro\u00df. Er hatte graue Haare und trug ein beiges T-Shirt mit orangenen Akzenten sowie eine blaue Hose. Er hatte einen schwarzen Reisekoffer und weitere Taschen dabei. Die Beamten setzten die 37 Jahre alte Tatverd\u00e4chtigte nach Durchf\u00fchrung der polizeilichen Ma\u00dfnahmen wieder auf freien Fu\u00df.<br \/>\nZeugen und m\u00f6gliche weitere Gesch\u00e4digte werden gebeten, sich unter der Rufnummer +4971189905778 bei der Kriminalpolizei zu melden.<\/p>\n<p class=\"contact-headline\">R\u00fcckfragen bitte an:<\/p>\n<p class=\"contact-text\">Polizeipr\u00e4sidium Stuttgart<br \/>Pressestelle<br \/>Telefon: 0711 \/ 8990 &#8211; 1111<br \/>E-Mail: <a href=\"https:\/\/www.presseportal.de\/blaulicht\/pm\/110977\/mailto: stuttgart.pressestelle@polizei.bwl.de\" class=\"uri-mailto\" rel=\"nofollow noopener\" target=\"_blank\"> stuttgart.pressestelle@polizei.bwl.de<\/a><br \/>B\u00fcrozeiten: Montag bis Freitag 06.30 Uhr bis 18.00 Uhr<\/p>\n<p>Au\u00dferhalb der B\u00fcrozeiten:<br \/>Telefon: 0711 8990-3333<br \/>E-Mail: <a href=\"https:\/\/www.presseportal.de\/blaulicht\/pm\/110977\/mailto: stuttgart.pp@polizei.bwl.de\" class=\"uri-mailto\" rel=\"nofollow noopener\" target=\"_blank\"> stuttgart.pp@polizei.bwl.de<\/a><\/p>\n<p><a target=\"_blank\" class=\"uri-ext outbound\" rel=\"noopener nofollow\" href=\"http:\/\/www.polizei-bw.de\/\">http:\/\/www.polizei-bw.de\/<\/a><\/p>\n<p class=\"originator\">Original-Content von: Polizeipr\u00e4sidium Stuttgart, \u00fcbermittelt durch news aktuell<\/p>\n","protected":false},"excerpt":{"rendered":"22.04.2025 \u2013 11:35 Polizeipr\u00e4sidium Stuttgart Stuttgart-Mitte (ots) Polizeibeamte haben am Samstag (19.04.2025) eine 37 Jahre alte Frau vorl\u00e4ufig&hellip;\n","protected":false},"author":2,"featured_media":108,"comment_status":"","ping_status":"","sticky":false,"template":"","format":"standard","meta":{"footnotes":""},"categories":[1830],"tags":[1634,6187,3364,29,30,177,121,178,180,179,181,1441],"class_list":{"0":"post-51827","1":"post","2":"type-post","3":"status-publish","4":"format-standard","5":"has-post-thumbnail","7":"category-stuttgart","8":"tag-baden-wuerttemberg","9":"tag-bw","10":"tag-de","11":"tag-deutschland","12":"tag-germany","13":"tag-kriminalitt","14":"tag-polizei","15":"tag-presse","16":"tag-pressemeldung","17":"tag-pressemitteilung","18":"tag-pressemitteilungen","19":"tag-stuttgart"},"share_on_mastodon":{"url":"https:\/\/pubeurope.com\/@de\/114381057346913287","error":""},"_links":{"self":[{"href":"https:\/\/www.europesays.com\/de\/wp-json\/wp\/v2\/posts\/51827","targetHints":{"allow":["GET"]}}],"collection":[{"href":"https:\/\/www.europesays.com\/de\/wp-json\/wp\/v2\/posts"}],"about":[{"href":"https:\/\/www.europesays.com\/de\/wp-json\/wp\/v2\/types\/post"}],"author":[{"embeddable":true,"href":"https:\/\/www.europesays.com\/de\/wp-json\/wp\/v2\/users\/2"}],"replies":[{"embeddable":true,"href":"https:\/\/www.europesays.com\/de\/wp-json\/wp\/v2\/comments?post=51827"}],"version-history":[{"count":0,"href":"https:\/\/www.europesays.com\/de\/wp-json\/wp\/v2\/posts\/51827\/revisions"}],"wp:featuredmedia":[{"embeddable":true,"href":"https:\/\/www.europesays.com\/de\/wp-json\/wp\/v2\/media\/108"}],"wp:attachment":[{"href":"https:\/\/www.europesays.com\/de\/wp-json\/wp\/v2\/media?parent=51827"}],"wp:term":[{"taxonomy":"category","embeddable":true,"href":"https:\/\/www.europesays.com\/de\/wp-json\/wp\/v2\/categories?post=51827"},{"taxonomy":"post_tag","embeddable":true,"href":"https:\/\/www.europesays.com\/de\/wp-json\/wp\/v2\/tags?post=51827"}],"curies":[{"name":"wp","href":"https:\/\/api.w.org\/{rel}","templated":true}]}}